{"id":25362,"date":"2025-04-03T00:25:00","date_gmt":"2025-04-03T03:25:00","guid":{"rendered":"https:\/\/www.jornaldaconstrucaocivil.com.br\/?p=25362"},"modified":"2025-04-03T00:25:00","modified_gmt":"2025-04-03T03:25:00","slug":"presidente-lula-confirma-participacao-na-abertura-do-enic-100","status":"publish","type":"post","link":"https:\/\/construcaocivil.siriusmarketingedesign.com.br\/?p=25362","title":{"rendered":"Presidente Lula confirma participa\u00e7\u00e3o na abertura do ENIC 100"},"content":{"rendered":"<p>O presidente da Rep\u00fablica, Luiz In\u00e1cio Lula da Silva, estar\u00e1 presente na abertura do Encontro Internacional da Ind\u00fastria da Constru\u00e7\u00e3o (ENIC), que acontece no dia 08 de abril, em S\u00e3o Paulo, durante a Feicon. O maior evento da constru\u00e7\u00e3o civil, organizado pela C\u00e2mara Brasileira da Ind\u00fastria da Constru\u00e7\u00e3o (CBIC) deve discutir temas importantes para o setor, entre eles: sustentabilidade, financiamento habitacional, inova\u00e7\u00e3o, qualidade de m\u00e3o de obra e tecnologia.<\/p>\n<p>Lula cumpre a promessa que fez na abertura do ENIC 99, que aconteceu em Bras\u00edlia, no ano passado, que estaria no evento deste ano j\u00e1 que vai ele representa um marco para o setor. O evento tamb\u00e9m tem a presen\u00e7a confirmada do ministro do Supremo Tribunal Federal, Lu\u00eds Roberto Barroso, e do Advogado-Geral da Uni\u00e3o, Jorge Messias, em um painel sobre seguran\u00e7a jur\u00eddica e sustentabilidade empresarial.<\/p>\n<p>O ENIC acontece de 8 at\u00e9 11 de abril com uma programa\u00e7\u00e3o com mais de 200 horas de conte\u00fado e 100 pain\u00e9is com a participa\u00e7\u00e3o de especialistas e os maiores players do mercado. Para participar do ENIC, basta se inscrever.\u00a0<a href=\"https:\/\/na.eventscloud.com\/ereg\/newreg.php?eventid=820979&amp;categoryid=5525150\">As inscri\u00e7\u00f5es s\u00e3o gratuitas! N\u00e3o perca!<\/a><\/p>\n<p>Conhe\u00e7a a\u00a0<a href=\"https:\/\/cbic.org.br\/enic\/100\/?page_id=770\">programa\u00e7\u00e3o completa<\/a>\u00a0do ENIC 100.<\/p>\n<div><\/div>\n<div class=\"the_champ_sharing_container the_champ_horizontal_sharing\" data-super-socializer-href=\"https:\/\/cbic.org.br\/presidente-lula-confirma-participacao-na-abertura-do-enic-100\/\"><\/div>\n","protected":false},"excerpt":{"rendered":"<p>O presidente da Rep\u00fablica, Luiz In\u00e1cio Lula da Silva, estar\u00e1 presente na abertura do Encontro Internacional da Ind\u00fastria da Constru\u00e7\u00e3o (ENIC), que acontece no dia 08 de abril, em S\u00e3o Paulo, durante a Feicon. O maior evento da constru\u00e7\u00e3o civil, organizado pela C\u00e2mara Brasileira da Ind\u00fastria da Constru\u00e7\u00e3o (CBIC) deve discutir temas importantes para o [&hellip;]<\/p>\n","protected":false},"author":1,"featured_media":25363,"comment_status":"open","ping_status":"open","sticky":false,"template":"","format":"standard","meta":{"_uag_custom_page_level_css":"","footnotes":""},"categories":[33],"tags":[27394,24675,2826,5020,7077],"class_list":["post-25362","post","type-post","status-publish","format-standard","has-post-thumbnail","hentry","category-mercado","tag-enic100","tag-minhacasaminhavida","tag-construcao-civil","tag-fgts","tag-lula"],"blocksy_meta":[],"spectra_blocks_featured_image_url":{"thumbnail":{"url":"https:\/\/construcaocivil.siriusmarketingedesign.com.br\/wp-content\/uploads\/2025\/04\/enic-presidente-confirmado-150x150.png","width":150,"height":150},"medium":{"url":"https:\/\/construcaocivil.siriusmarketingedesign.com.br\/wp-content\/uploads\/2025\/04\/enic-presidente-confirmado-300x169.png","width":300,"height":169},"medium_large":{"url":"https:\/\/construcaocivil.siriusmarketingedesign.com.br\/wp-content\/uploads\/2025\/04\/enic-presidente-confirmado-768x432.png","width":768,"height":432},"large":{"url":"https:\/\/construcaocivil.siriusmarketingedesign.com.br\/wp-content\/uploads\/2025\/04\/enic-presidente-confirmado-1024x576.png","width":1024,"height":576},"full":{"url":"https:\/\/construcaocivil.siriusmarketingedesign.com.br\/wp-content\/uploads\/2025\/04\/enic-presidente-confirmado.png","width":1920,"height":1080}},"spectra_blocks_author_info":{"display_name":"Jornal da Constru\u00e7\u00e3o Civil","avatar_url":"https:\/\/secure.gravatar.com\/avatar\/973c9774fd44ddaceb026973c4962faa70fc512bc4c9da68e8ebb40fecee6540?s=96&d=mm&r=g","author_link":"https:\/\/construcaocivil.siriusmarketingedesign.com.br\/?author=1","description":"Desde de 2013, levando muitas informa\u00e7\u00f5es, lan\u00e7amentos e produtos de qualidade para toda cadeia produtiva da constru\u00e7\u00e3o. O Futuro da constru\u00e7\u00e3o passa por aqui,"},"uagb_featured_image_src":{"full":["https:\/\/construcaocivil.siriusmarketingedesign.com.br\/wp-content\/uploads\/2025\/04\/enic-presidente-confirmado.png",1920,1080,false],"thumbnail":["https:\/\/construcaocivil.siriusmarketingedesign.com.br\/wp-content\/uploads\/2025\/04\/enic-presidente-confirmado-150x150.png",150,150,true],"medium":["https:\/\/construcaocivil.siriusmarketingedesign.com.br\/wp-content\/uploads\/2025\/04\/enic-presidente-confirmado-300x169.png",300,169,true],"medium_large":["https:\/\/construcaocivil.siriusmarketingedesign.com.br\/wp-content\/uploads\/2025\/04\/enic-presidente-confirmado-768x432.png",768,432,true],"large":["https:\/\/construcaocivil.siriusmarketingedesign.com.br\/wp-content\/uploads\/2025\/04\/enic-presidente-confirmado-1024x576.png",1024,576,true],"1536x1536":["https:\/\/construcaocivil.siriusmarketingedesign.com.br\/wp-content\/uploads\/2025\/04\/enic-presidente-confirmado-1536x864.png",1536,864,true],"2048x2048":["https:\/\/construcaocivil.siriusmarketingedesign.com.br\/wp-content\/uploads\/2025\/04\/enic-presidente-confirmado.png",1920,1080,false]},"uagb_author_info":{"display_name":"Jornal da Constru\u00e7\u00e3o Civil","author_link":"https:\/\/construcaocivil.siriusmarketingedesign.com.br\/?author=1"},"uagb_comment_info":0,"uagb_excerpt":"O presidente da Rep\u00fablica, Luiz In\u00e1cio Lula da Silva, estar\u00e1 presente na abertura do Encontro Internacional da Ind\u00fastria da Constru\u00e7\u00e3o (ENIC), que acontece no dia 08 de abril, em S\u00e3o Paulo, durante a Feicon. O maior evento da constru\u00e7\u00e3o civil, organizado pela C\u00e2mara Brasileira da Ind\u00fastria da Constru\u00e7\u00e3o (CBIC) deve discutir temas importantes para o&hellip;","_links":{"self":[{"href":"https:\/\/construcaocivil.siriusmarketingedesign.com.br\/index.php?rest_route=\/wp\/v2\/posts\/25362","targetHints":{"allow":["GET"]}}],"collection":[{"href":"https:\/\/construcaocivil.siriusmarketingedesign.com.br\/index.php?rest_route=\/wp\/v2\/posts"}],"about":[{"href":"https:\/\/construcaocivil.siriusmarketingedesign.com.br\/index.php?rest_route=\/wp\/v2\/types\/post"}],"author":[{"embeddable":true,"href":"https:\/\/construcaocivil.siriusmarketingedesign.com.br\/index.php?rest_route=\/wp\/v2\/users\/1"}],"replies":[{"embeddable":true,"href":"https:\/\/construcaocivil.siriusmarketingedesign.com.br\/index.php?rest_route=%2Fwp%2Fv2%2Fcomments&post=25362"}],"version-history":[{"count":0,"href":"https:\/\/construcaocivil.siriusmarketingedesign.com.br\/index.php?rest_route=\/wp\/v2\/posts\/25362\/revisions"}],"wp:featuredmedia":[{"embeddable":true,"href":"https:\/\/construcaocivil.siriusmarketingedesign.com.br\/index.php?rest_route=\/wp\/v2\/media\/25363"}],"wp:attachment":[{"href":"https:\/\/construcaocivil.siriusmarketingedesign.com.br\/index.php?rest_route=%2Fwp%2Fv2%2Fmedia&parent=25362"}],"wp:term":[{"taxonomy":"category","embeddable":true,"href":"https:\/\/construcaocivil.siriusmarketingedesign.com.br\/index.php?rest_route=%2Fwp%2Fv2%2Fcategories&post=25362"},{"taxonomy":"post_tag","embeddable":true,"href":"https:\/\/construcaocivil.siriusmarketingedesign.com.br\/index.php?rest_route=%2Fwp%2Fv2%2Ftags&post=25362"}],"curies":[{"name":"wp","href":"https:\/\/api.w.org\/{rel}","templated":true}]}}