{"id":25373,"date":"2025-04-05T17:18:03","date_gmt":"2025-04-05T20:18:03","guid":{"rendered":"https:\/\/www.jornaldaconstrucaocivil.com.br\/?p=25373"},"modified":"2025-04-05T17:18:03","modified_gmt":"2025-04-05T20:18:03","slug":"feiras-e-eventos-mercado-aquecido-impulsiona-empresas-de-projetos-e-montagens-de-stands","status":"publish","type":"post","link":"https:\/\/construcaocivil.siriusmarketingedesign.com.br\/?p=25373","title":{"rendered":"Feiras e Eventos: mercado aquecido impulsiona empresas de projetos e montagens de stands"},"content":{"rendered":"<p style=\"text-align: justify;\">Abril, 2025 &#8211; Nesses duas \u00faltimas semanas nossa equipe do Jornal da Constru\u00e7\u00e3o Civil visitou duas grandes feiras de neg\u00f3cios que aconteceram no Rio de Janeiro, uma com foco no setor de alimentos e outra com foco no setor de Defesa e Seguran\u00e7a de Estado. Na ocasi\u00e3o, ambas feiras corporativas levaram um p\u00fablico de mais 30 mil visitantes para pesquisarem produtos, fazerem neg\u00f3cios e manter seu networking atualizado.<\/p>\n<p style=\"text-align: justify;\">L\u00f3gico que para atrair um grande p\u00fablico para suas feiras e exposi\u00e7\u00f5es, os agentes promotores e empresas expositoras das feiras capricham na cenografia, decora\u00e7\u00e3o e visual atraente para agradar os mais exigentes clientes.<\/p>\n<p style=\"text-align: justify;\">Na<em> LAAD Defence &amp; Security 2025, a maior e mais importante feira de defesa e seguran\u00e7a da Am\u00e9rica Latina que reuniu os principais players, nacionais e internacionais, para apresentar as inova\u00e7\u00f5es do setor e discutir os rumos e futuro do setor, rec\u00e9m realizada de 1 e 4 de abril no Riocentro, Zona Oeste &#8211; RJ, aproveitamos no final do encontro para conversar com um comandante das idealiza\u00e7\u00f5es e montagens das principais feiras nacionais e internacionais, Leandro Bignardi, Diretor Geral e CEO da <strong><span style=\"color: #0000ff;\"><a style=\"color: #0000ff;\" href=\"https:\/\/www.instagram.com\/sky.expo\/\">Sky.Expo<\/a><\/span><\/strong>, empresa com mais de 10 anos de expertise no setor de eventos.\u00a0\u00a0<\/em><\/p>\n<p>Acesse o v\u00eddeo da reportagem com o Diretor Geral da <span style=\"color: #0000ff;\"><strong><a style=\"color: #0000ff;\" href=\"https:\/\/www.skyexpo.com.br\/\">Sky. Expo<\/a><\/strong><\/span>:<\/p>\n<p><iframe loading=\"lazy\" title=\"Feiras e eventos: mercado segue aquecido para empresas no Brasil\" width=\"1290\" height=\"726\" src=\"https:\/\/www.youtube.com\/embed\/GW6jWfjNQMc?start=28&amp;feature=oembed\" frameborder=\"0\" allow=\"accelerometer; autoplay; clipboard-write; encrypted-media; gyroscope; picture-in-picture; web-share\" referrerpolicy=\"strict-origin-when-cross-origin\" allowfullscreen><\/iframe><\/p>\n<p>&nbsp;<\/p>\n","protected":false},"excerpt":{"rendered":"<p>Abril, 2025 &#8211; Nesses duas \u00faltimas semanas nossa equipe do Jornal da Constru\u00e7\u00e3o Civil visitou duas grandes feiras de neg\u00f3cios que aconteceram no Rio de Janeiro, uma com foco no setor de alimentos e outra com foco no setor de Defesa e Seguran\u00e7a de Estado. Na ocasi\u00e3o, ambas feiras corporativas levaram um p\u00fablico de mais [&hellip;]<\/p>\n","protected":false},"author":1,"featured_media":25374,"comment_status":"open","ping_status":"open","sticky":false,"template":"","format":"standard","meta":{"_uag_custom_page_level_css":"","footnotes":""},"categories":[33,12594],"tags":[24719,27404,2826,19607,27403,27402,27405,27406],"class_list":["post-25373","post","type-post","status-publish","format-standard","has-post-thumbnail","hentry","category-mercado","category-tv-da-construcao-civil","tag-feicon","tag-cenografia-e-decoracao-de-eventos","tag-construcao-civil","tag-engenharia-e-arquitetura","tag-feiras-e-eventos","tag-laad-defence-security-2025","tag-projetos-cenograficos","tag-sky-expo-projetos"],"blocksy_meta":[],"spectra_blocks_featured_image_url":{"thumbnail":{"url":"https:\/\/construcaocivil.siriusmarketingedesign.com.br\/wp-content\/uploads\/2025\/04\/Sky-Expo-150x150.png","width":150,"height":150},"medium":{"url":"https:\/\/construcaocivil.siriusmarketingedesign.com.br\/wp-content\/uploads\/2025\/04\/Sky-Expo-300x200.png","width":300,"height":200},"medium_large":{"url":"https:\/\/construcaocivil.siriusmarketingedesign.com.br\/wp-content\/uploads\/2025\/04\/Sky-Expo-768x512.png","width":768,"height":512},"large":{"url":"https:\/\/construcaocivil.siriusmarketingedesign.com.br\/wp-content\/uploads\/2025\/04\/Sky-Expo.png","width":790,"height":527},"full":{"url":"https:\/\/construcaocivil.siriusmarketingedesign.com.br\/wp-content\/uploads\/2025\/04\/Sky-Expo.png","width":790,"height":527}},"spectra_blocks_author_info":{"display_name":"Jornal da Constru\u00e7\u00e3o Civil","avatar_url":"https:\/\/secure.gravatar.com\/avatar\/973c9774fd44ddaceb026973c4962faa70fc512bc4c9da68e8ebb40fecee6540?s=96&d=mm&r=g","author_link":"https:\/\/construcaocivil.siriusmarketingedesign.com.br\/?author=1","description":"Desde de 2013, levando muitas informa\u00e7\u00f5es, lan\u00e7amentos e produtos de qualidade para toda cadeia produtiva da constru\u00e7\u00e3o. O Futuro da constru\u00e7\u00e3o passa por aqui,"},"uagb_featured_image_src":{"full":["https:\/\/construcaocivil.siriusmarketingedesign.com.br\/wp-content\/uploads\/2025\/04\/Sky-Expo.png",790,527,false],"thumbnail":["https:\/\/construcaocivil.siriusmarketingedesign.com.br\/wp-content\/uploads\/2025\/04\/Sky-Expo-150x150.png",150,150,true],"medium":["https:\/\/construcaocivil.siriusmarketingedesign.com.br\/wp-content\/uploads\/2025\/04\/Sky-Expo-300x200.png",300,200,true],"medium_large":["https:\/\/construcaocivil.siriusmarketingedesign.com.br\/wp-content\/uploads\/2025\/04\/Sky-Expo-768x512.png",768,512,true],"large":["https:\/\/construcaocivil.siriusmarketingedesign.com.br\/wp-content\/uploads\/2025\/04\/Sky-Expo.png",790,527,false],"1536x1536":["https:\/\/construcaocivil.siriusmarketingedesign.com.br\/wp-content\/uploads\/2025\/04\/Sky-Expo.png",790,527,false],"2048x2048":["https:\/\/construcaocivil.siriusmarketingedesign.com.br\/wp-content\/uploads\/2025\/04\/Sky-Expo.png",790,527,false]},"uagb_author_info":{"display_name":"Jornal da Constru\u00e7\u00e3o Civil","author_link":"https:\/\/construcaocivil.siriusmarketingedesign.com.br\/?author=1"},"uagb_comment_info":0,"uagb_excerpt":"Abril, 2025 &#8211; Nesses duas \u00faltimas semanas nossa equipe do Jornal da Constru\u00e7\u00e3o Civil visitou duas grandes feiras de neg\u00f3cios que aconteceram no Rio de Janeiro, uma com foco no setor de alimentos e outra com foco no setor de Defesa e Seguran\u00e7a de Estado. Na ocasi\u00e3o, ambas feiras corporativas levaram um p\u00fablico de mais&hellip;","_links":{"self":[{"href":"https:\/\/construcaocivil.siriusmarketingedesign.com.br\/index.php?rest_route=\/wp\/v2\/posts\/25373","targetHints":{"allow":["GET"]}}],"collection":[{"href":"https:\/\/construcaocivil.siriusmarketingedesign.com.br\/index.php?rest_route=\/wp\/v2\/posts"}],"about":[{"href":"https:\/\/construcaocivil.siriusmarketingedesign.com.br\/index.php?rest_route=\/wp\/v2\/types\/post"}],"author":[{"embeddable":true,"href":"https:\/\/construcaocivil.siriusmarketingedesign.com.br\/index.php?rest_route=\/wp\/v2\/users\/1"}],"replies":[{"embeddable":true,"href":"https:\/\/construcaocivil.siriusmarketingedesign.com.br\/index.php?rest_route=%2Fwp%2Fv2%2Fcomments&post=25373"}],"version-history":[{"count":0,"href":"https:\/\/construcaocivil.siriusmarketingedesign.com.br\/index.php?rest_route=\/wp\/v2\/posts\/25373\/revisions"}],"wp:featuredmedia":[{"embeddable":true,"href":"https:\/\/construcaocivil.siriusmarketingedesign.com.br\/index.php?rest_route=\/wp\/v2\/media\/25374"}],"wp:attachment":[{"href":"https:\/\/construcaocivil.siriusmarketingedesign.com.br\/index.php?rest_route=%2Fwp%2Fv2%2Fmedia&parent=25373"}],"wp:term":[{"taxonomy":"category","embeddable":true,"href":"https:\/\/construcaocivil.siriusmarketingedesign.com.br\/index.php?rest_route=%2Fwp%2Fv2%2Fcategories&post=25373"},{"taxonomy":"post_tag","embeddable":true,"href":"https:\/\/construcaocivil.siriusmarketingedesign.com.br\/index.php?rest_route=%2Fwp%2Fv2%2Ftags&post=25373"}],"curies":[{"name":"wp","href":"https:\/\/api.w.org\/{rel}","templated":true}]}}