{"id":25384,"date":"2025-04-09T09:47:13","date_gmt":"2025-04-09T12:47:13","guid":{"rendered":"https:\/\/www.jornaldaconstrucaocivil.com.br\/?p=25384"},"modified":"2025-04-09T09:47:13","modified_gmt":"2025-04-09T12:47:13","slug":"lula-aposta-na-construcao-civil-para-subir-nas-pesquisas-governo-vai-r-30-bilhoes-para-enfrentar-deficit-habitacional","status":"publish","type":"post","link":"https:\/\/construcaocivil.siriusmarketingedesign.com.br\/?p=25384","title":{"rendered":"LULA aposta na constru\u00e7\u00e3o civil para subir nas pesquisas; Governo vai R$ 30 bilh\u00f5es para enfrentar d\u00e9ficit habitacional"},"content":{"rendered":"<p><em><strong>Sem tocar no JUROS ALTOS, o presidente LULA abriu prestigiou o maior encontro da constru\u00e7\u00e3o civil no Brasil\u00a0<\/strong><\/em><\/p>\n<p style=\"text-align: justify;\">Abril, 2025 &#8211; O presidente Luiz In\u00e1cio Lula da Silva participou, nesta ter\u00e7a-feira, 8 de abril, da abertura do 100\u00ba Encontro Internacional da Ind\u00fastria da Constru\u00e7\u00e3o (Enic), em S\u00e3o Paulo (SP). O encontro tem tr\u00eas enfoques principais: sustentabilidade, tecnologia e inova\u00e7\u00e3o. Tamb\u00e9m estiveram presentes os ministros Jader Filho (Cidades); Rui Costa (Casa Civil); Lu\u00eds Roberto Barroso (presidente do Supremo Tribunal Federal &#8211; STF); Jorge Messias (AGU); Luiz Marinho (Trabalho e Emprego); M\u00e1rcio Fran\u00e7a (Empreendedorismo); al\u00e9m de convidados e parceiros do evento.<\/p>\n<p style=\"text-align: justify;\">De acordo com Lula, o crescimento do conhecimento cient\u00edfico e tecnol\u00f3gico demonstra que o setor da constru\u00e7\u00e3o civil continuar\u00e1 sendo um segmento de ponta no Brasil e reconheceu que \u00e9 necess\u00e1rio acelerar a constru\u00e7\u00e3o de unidades habitacionais em todo o pa\u00eds. \u201cMeu governo foi o que mais construiu casas. Desde que come\u00e7amos o Minha Casa, Minha Vida, j\u00e1 fizemos quase 8 milh\u00f5es de casas, mas ainda temos um d\u00e9ficit de sete (milh\u00f5es). Isso significa que precisamos fazer muito mais e dar um salto de qualidade naquilo que n\u00f3s fizemos\u201d, disse.<\/p>\n<blockquote class=\"pullquote\"><p><span style=\"color: #0000ff;\"><strong><em>&#8221; Se a quantidade de casas que n\u00f3s estamos fazendo ainda n\u00e3o d\u00e1 conta de vencer o d\u00e9ficit habitacional, \u00e9 preciso que a gente seja criativo&#8221; disse,\u00a0 Luiz In\u00e1cio Lula da Silva, <\/em><\/strong><\/span><em>Presidente do Brasil<\/em><\/p><\/blockquote>\n<p style=\"text-align: justify;\">\u201cNingu\u00e9m pode dizer que investir na constru\u00e7\u00e3o de casas para o povo \u00e9 gasto. \u00c9 investimento. N\u00e3o s\u00f3 est\u00e1 construindo ativos produtivos para a sociedade e pa\u00eds, mas est\u00e1 garantindo um ninho para quem precisa\u201d, disse o presidente. \u201cSe a quantidade de casas que n\u00f3s estamos fazendo ainda n\u00e3o d\u00e1 conta de vencer o d\u00e9ficit habitacional, \u00e9 preciso que a gente seja criativo. Ainda tem muita palafita neste pa\u00eds\u201d, completou.<\/p>\n<p style=\"text-align: justify;\"><strong>EVENTO\u00a0\u2014<\/strong>\u00a0O Enic \u00e9 realizado dentro da Feicon, feira que \u00e9 refer\u00eancia para o setor da constru\u00e7\u00e3o. Ele re\u00fane empresas, profissionais, lan\u00e7amentos e inova\u00e7\u00f5es tecnol\u00f3gicas do mercado. Com mais de 1 mil marcas expositoras, s\u00e3o esperados mais de 100 mil visitantes vindos de 70 pa\u00edses nos quatro dias do evento.<\/p>\n<p style=\"text-align: justify;\">O setor atualmente representa cerca de 6,4% do PIB brasileiro e movimentou R$ 604,5 bilh\u00f5es em 2023, empregando mais de 12,4 milh\u00f5es de pessoas direta e indiretamente no pa\u00eds, sendo um dos principais motores da economia, segundo a Associa\u00e7\u00e3o Brasileira da Ind\u00fastria de Materiais de Constru\u00e7\u00e3o (Abramat) em parceria com a Funda\u00e7\u00e3o Get\u00falio Vargas (FGV).<\/p>\n<p><strong>FUTURO\u00a0\u2014<\/strong>\u00a0Para o ministro das Cidades, Jader Filho, falar de habita\u00e7\u00e3o e financiamento \u00e9 falar de futuro. \u201cOs desafios da habita\u00e7\u00e3o no Brasil e no mundo s\u00e3o um tema indispens\u00e1vel para que a sociedade brasileira debata e busque alternativas vi\u00e1veis para avan\u00e7ar e aperfei\u00e7oar a\u00e7\u00f5es e pol\u00edticas p\u00fablicas\u201d, alertou. \u201cTodos sabemos que o acesso \u00e0 moradia \u00e9 um direito constitucional, mas tamb\u00e9m \u00e9 um dos maiores problemas enfrentados pelos pa\u00edses em desenvolvimento. Super\u00e1-lo existe financiamento estruturado, previs\u00edvel, acess\u00edvel e sustent\u00e1vel\u201d, disse Jader.<\/p>\n<p>\u201cO governo do presidente Lula vem estimulando a industrializa\u00e7\u00e3o da constru\u00e7\u00e3o civil e sua presen\u00e7a no Minha Casa, Minha Vida. Queremos que o setor consiga reduzir custos, reduzir os prazos de constru\u00e7\u00e3o, aprimorar a qualidade, contribuir ainda mais para a sustentabilidade ambiental, com maior efici\u00eancia energ\u00e9tica e promo\u00e7\u00e3o da descarboniza\u00e7\u00e3o, ampliar a capacidade de produ\u00e7\u00e3o, para que seja poss\u00edvel aumentar o Minha Casa, Minha Vida\u201d, disse o ministro Jader Filho.\u00a0\u201cMais de 4.500 obras de infraestrutura de sa\u00fade p\u00fablica estavam paralisadas: hospitais, cl\u00ednicas, postos de sa\u00fade, CAPS. Mais 3.500 escolas, creches, escolas de ensino fundamental, escolas de ensino integral e obras de universidades paralisadas. Eram mais de 87 unidades do Minha Casa, Minha Vida paralisadas. Os programas foram todos desmontados e tivemos, em dois anos, com muito esfor\u00e7o e trabalho, voltar a planejar este pa\u00eds\u201d, disse Rui Costa, ministro da Casa Civil.<\/p>\n<p><strong>ESTRAT\u00c9GIA\u00a0\u2014<\/strong>\u00a0Para o ministro da Fazenda, Fernando Haddad, a constru\u00e7\u00e3o civil \u00e9 um setor estrat\u00e9gico e fundamental. \u201c\u00c9 uma \u00e1rea sem concorr\u00eancia externa, que produz quase tudo aqui, que dialoga com o anseio das fam\u00edlias, sobretudo as m\u00e3es brasileiras. \u00c9 uma \u00e1rea que dialoga, ainda, com o contingente de trabalhadores que podem dar apoio \u00e0 ind\u00fastria, a partir das suas habilidades\u201d, definiu Haddad.<\/p>\n<p>De acordo com o presidente da Caixa Econ\u00f4mica Federal, Carlos Vieira, ao ser convidado pelo presidente Lula para comandar o banco, a orienta\u00e7\u00e3o foi clara. \u201cEle me disse: cuida da governan\u00e7a da Caixa e pense nos mais necessitados. Isso foi o que ele determinou\u201d, relembrou. \u201cJ\u00e1 no primeiro trimestre de 2025, o segmento da constru\u00e7\u00e3o civil j\u00e1 est\u00e1 produzindo o equivalente a 187 mil unidades habitacionais\u201d, exemplificou. A Caixa Econ\u00f4mica Federal repassou R$ 53 bilh\u00f5es ao setor.<\/p>\n<p>Fonte: Gov.br<\/p>\n","protected":false},"excerpt":{"rendered":"<p>Sem tocar no JUROS ALTOS, o presidente LULA abriu prestigiou o maior encontro da constru\u00e7\u00e3o civil no Brasil\u00a0 Abril, 2025 &#8211; O presidente Luiz In\u00e1cio Lula da Silva participou, nesta ter\u00e7a-feira, 8 de abril, da abertura do 100\u00ba Encontro Internacional da Ind\u00fastria da Constru\u00e7\u00e3o (Enic), em S\u00e3o Paulo (SP). O encontro tem tr\u00eas enfoques principais: [&hellip;]<\/p>\n","protected":false},"author":1,"featured_media":25385,"comment_status":"open","ping_status":"open","sticky":false,"template":"","format":"standard","meta":{"_uag_custom_page_level_css":"","footnotes":""},"categories":[33],"tags":[27412,16792,2029,2963,27411,7077],"class_list":["post-25384","post","type-post","status-publish","format-standard","has-post-thumbnail","hentry","category-mercado","tag-feicon-2025","tag-caged-empregos-na-construcao","tag-cbic","tag-construtoras","tag-enic-2025","tag-lula"],"blocksy_meta":[],"spectra_blocks_featured_image_url":{"thumbnail":{"url":"https:\/\/construcaocivil.siriusmarketingedesign.com.br\/wp-content\/uploads\/2025\/04\/54439162796_c874ab1eab_c-150x150.jpg","width":150,"height":150},"medium":{"url":"https:\/\/construcaocivil.siriusmarketingedesign.com.br\/wp-content\/uploads\/2025\/04\/54439162796_c874ab1eab_c-300x170.jpg","width":300,"height":170},"medium_large":{"url":"https:\/\/construcaocivil.siriusmarketingedesign.com.br\/wp-content\/uploads\/2025\/04\/54439162796_c874ab1eab_c-768x434.jpg","width":768,"height":434},"large":{"url":"https:\/\/construcaocivil.siriusmarketingedesign.com.br\/wp-content\/uploads\/2025\/04\/54439162796_c874ab1eab_c.jpg","width":799,"height":452},"full":{"url":"https:\/\/construcaocivil.siriusmarketingedesign.com.br\/wp-content\/uploads\/2025\/04\/54439162796_c874ab1eab_c.jpg","width":799,"height":452}},"spectra_blocks_author_info":{"display_name":"Jornal da Constru\u00e7\u00e3o Civil","avatar_url":"https:\/\/secure.gravatar.com\/avatar\/973c9774fd44ddaceb026973c4962faa70fc512bc4c9da68e8ebb40fecee6540?s=96&d=mm&r=g","author_link":"https:\/\/construcaocivil.siriusmarketingedesign.com.br\/?author=1","description":"Desde de 2013, levando muitas informa\u00e7\u00f5es, lan\u00e7amentos e produtos de qualidade para toda cadeia produtiva da constru\u00e7\u00e3o. O Futuro da constru\u00e7\u00e3o passa por aqui,"},"uagb_featured_image_src":{"full":["https:\/\/construcaocivil.siriusmarketingedesign.com.br\/wp-content\/uploads\/2025\/04\/54439162796_c874ab1eab_c.jpg",799,452,false],"thumbnail":["https:\/\/construcaocivil.siriusmarketingedesign.com.br\/wp-content\/uploads\/2025\/04\/54439162796_c874ab1eab_c-150x150.jpg",150,150,true],"medium":["https:\/\/construcaocivil.siriusmarketingedesign.com.br\/wp-content\/uploads\/2025\/04\/54439162796_c874ab1eab_c-300x170.jpg",300,170,true],"medium_large":["https:\/\/construcaocivil.siriusmarketingedesign.com.br\/wp-content\/uploads\/2025\/04\/54439162796_c874ab1eab_c-768x434.jpg",768,434,true],"large":["https:\/\/construcaocivil.siriusmarketingedesign.com.br\/wp-content\/uploads\/2025\/04\/54439162796_c874ab1eab_c.jpg",799,452,false],"1536x1536":["https:\/\/construcaocivil.siriusmarketingedesign.com.br\/wp-content\/uploads\/2025\/04\/54439162796_c874ab1eab_c.jpg",799,452,false],"2048x2048":["https:\/\/construcaocivil.siriusmarketingedesign.com.br\/wp-content\/uploads\/2025\/04\/54439162796_c874ab1eab_c.jpg",799,452,false]},"uagb_author_info":{"display_name":"Jornal da Constru\u00e7\u00e3o Civil","author_link":"https:\/\/construcaocivil.siriusmarketingedesign.com.br\/?author=1"},"uagb_comment_info":0,"uagb_excerpt":"Sem tocar no JUROS ALTOS, o presidente LULA abriu prestigiou o maior encontro da constru\u00e7\u00e3o civil no Brasil\u00a0 Abril, 2025 &#8211; O presidente Luiz In\u00e1cio Lula da Silva participou, nesta ter\u00e7a-feira, 8 de abril, da abertura do 100\u00ba Encontro Internacional da Ind\u00fastria da Constru\u00e7\u00e3o (Enic), em S\u00e3o Paulo (SP). O encontro tem tr\u00eas enfoques principais:&hellip;","_links":{"self":[{"href":"https:\/\/construcaocivil.siriusmarketingedesign.com.br\/index.php?rest_route=\/wp\/v2\/posts\/25384","targetHints":{"allow":["GET"]}}],"collection":[{"href":"https:\/\/construcaocivil.siriusmarketingedesign.com.br\/index.php?rest_route=\/wp\/v2\/posts"}],"about":[{"href":"https:\/\/construcaocivil.siriusmarketingedesign.com.br\/index.php?rest_route=\/wp\/v2\/types\/post"}],"author":[{"embeddable":true,"href":"https:\/\/construcaocivil.siriusmarketingedesign.com.br\/index.php?rest_route=\/wp\/v2\/users\/1"}],"replies":[{"embeddable":true,"href":"https:\/\/construcaocivil.siriusmarketingedesign.com.br\/index.php?rest_route=%2Fwp%2Fv2%2Fcomments&post=25384"}],"version-history":[{"count":0,"href":"https:\/\/construcaocivil.siriusmarketingedesign.com.br\/index.php?rest_route=\/wp\/v2\/posts\/25384\/revisions"}],"wp:featuredmedia":[{"embeddable":true,"href":"https:\/\/construcaocivil.siriusmarketingedesign.com.br\/index.php?rest_route=\/wp\/v2\/media\/25385"}],"wp:attachment":[{"href":"https:\/\/construcaocivil.siriusmarketingedesign.com.br\/index.php?rest_route=%2Fwp%2Fv2%2Fmedia&parent=25384"}],"wp:term":[{"taxonomy":"category","embeddable":true,"href":"https:\/\/construcaocivil.siriusmarketingedesign.com.br\/index.php?rest_route=%2Fwp%2Fv2%2Fcategories&post=25384"},{"taxonomy":"post_tag","embeddable":true,"href":"https:\/\/construcaocivil.siriusmarketingedesign.com.br\/index.php?rest_route=%2Fwp%2Fv2%2Ftags&post=25384"}],"curies":[{"name":"wp","href":"https:\/\/api.w.org\/{rel}","templated":true}]}}