{"id":25388,"date":"2025-04-09T17:37:04","date_gmt":"2025-04-09T20:37:04","guid":{"rendered":"https:\/\/www.jornaldaconstrucaocivil.com.br\/?p=25388"},"modified":"2025-04-09T17:37:04","modified_gmt":"2025-04-09T20:37:04","slug":"obras-na-regiao-metropolitana-prefeitura-de-itaborai-inicia-rebaixamento-de-via-na-avenida-22-de-maio-para-transformar-acesso-urbano","status":"publish","type":"post","link":"https:\/\/construcaocivil.siriusmarketingedesign.com.br\/?p=25388","title":{"rendered":"Obras na regi\u00e3o metropolitana: Prefeitura de Itabora\u00ed inicia rebaixamento de via na Avenida 22 de Maio para transformar acesso urbano"},"content":{"rendered":"<div style=\"text-align: justify;\">A Prefeitura de Itabora\u00ed deu in\u00edcio, na manh\u00e3 da \u00faltima ter\u00e7a-feira (08\/04), \u00e0 escava\u00e7\u00e3o para o rebaixamento de um trecho da Avenida 22 de Maio, na altura do bairro Rio V\u00e1rzea.\u00a0Vale destacar que essa obra \u00e9 fruto de uma parceria com o Governo do Estado do Rio de Janeiro.\u00a0O servi\u00e7o faz parte de uma a\u00e7\u00e3o estrat\u00e9gica de urbaniza\u00e7\u00e3o que prev\u00ea, futuramente, a instala\u00e7\u00e3o de uma \u00e1rea de viv\u00eancia com um dos pontos tur\u00edsticos mais bonitos da cidade.<\/div>\n<div style=\"text-align: justify;\">\nA obra est\u00e1 sendo executada com o objetivo de melhorar a mobilidade urbana e requalificar um importante trecho da principal via do munic\u00edpio. A estrutura sob a qual ocorre a escava\u00e7\u00e3o est\u00e1 sendo constru\u00edda para ligar, de forma elevada, as ruas paralelas \u00e0 Avenida 22 de Maio, criando uma esp\u00e9cie de cobertura sobre a via.<\/p>\n<p>O prefeito Marcelo Delaroli destacou a import\u00e2ncia da obra para o desenvolvimento urbano de Itabora\u00ed.<\/p>\n<p>\u201cEssa interven\u00e7\u00e3o \u00e9 mais um passo que destaca o nosso compromisso de transformar Itabora\u00ed em uma cidade melhor para viver. Estamos requalificando uma \u00e1rea estrat\u00e9gica da 22 de Maio, com responsabilidade e planejamento, preparando o caminho para uma cidade mais organizada, segura e humana\u201d, afirmou Marcelo Delaroli.<\/p>\n<p>O vice-prefeito e secret\u00e1rio municipal de Obras, Elber Corr\u00eaa, refor\u00e7ou que a obra \u00e9 parte de um plano maior de infraestrutura urbana.\n<\/p><\/div>\n<div style=\"text-align: justify;\">\u201cEstamos trabalhando com planejamento para melhorar a mobilidade e dar novos usos aos espa\u00e7os da cidade. Esse rebaixamento da via vai permitir, futuramente, um espa\u00e7o de conviv\u00eancia que vai valorizar toda essa regi\u00e3o\u201d, explicou Elber Corr\u00eaa.<\/div>\n<div style=\"text-align: justify;\">\nJ\u00e1 o secret\u00e1rio municipal de Servi\u00e7os P\u00fablicos, Diogo Sperling, ressaltou o cuidado com a execu\u00e7\u00e3o da obra.<\/p>\n<p>\u201c\u00c9 uma a\u00e7\u00e3o feita com responsabilidade e respeitando a popula\u00e7\u00e3o. Nosso objetivo \u00e9 transformar sem causar grandes impactos negativos durante a execu\u00e7\u00e3o. Vamos continuar trabalhando firme para entregar essa reestrutura\u00e7\u00e3o com qualidade\u201d, finalizou Diogo Sperling.<\/p>\n<p>Vale destacar que durante o per\u00edodo das obras, agentes da Secretaria Municipal de Transportes (SEMTRANS) estar\u00e3o presentes no local para auxiliar na sinaliza\u00e7\u00e3o, orientar os motoristas e garantir a seguran\u00e7a dos pedestres. Como a interven\u00e7\u00e3o exige a interdi\u00e7\u00e3o parcial da Avenida 22 de Maio, a Prefeitura de Itabora\u00ed recomenda que os motoristas utilizem rotas alternativas que passam pelos bairros Amplia\u00e7\u00e3o e Nova Cidade, com acesso a partir da Rua Am\u00e9rica Cardoso. A medida visa minimizar transtornos e manter o fluxo vi\u00e1rio com seguran\u00e7a e organiza\u00e7\u00e3o.<\/p><\/div>\n<div style=\"text-align: justify;\"><\/div>\n","protected":false},"excerpt":{"rendered":"<p>A Prefeitura de Itabora\u00ed deu in\u00edcio, na manh\u00e3 da \u00faltima ter\u00e7a-feira (08\/04), \u00e0 escava\u00e7\u00e3o para o rebaixamento de um trecho da Avenida 22 de Maio, na altura do bairro Rio V\u00e1rzea.\u00a0Vale destacar que essa obra \u00e9 fruto de uma parceria com o Governo do Estado do Rio de Janeiro.\u00a0O servi\u00e7o faz parte de uma a\u00e7\u00e3o [&hellip;]<\/p>\n","protected":false},"author":1,"featured_media":25389,"comment_status":"open","ping_status":"open","sticky":false,"template":"","format":"standard","meta":{"_uag_custom_page_level_css":"","footnotes":""},"categories":[31],"tags":[27413,6420,27415,27414,10601],"class_list":["post-25388","post","type-post","status-publish","format-standard","has-post-thumbnail","hentry","category-infraestrutura","tag-bairro-rio-varzea","tag-itaborai","tag-maquinas-pesadas-na-pista","tag-obras-de-urbanizacao","tag-saneamento-e-esgoto"],"blocksy_meta":[],"spectra_blocks_featured_image_url":{"thumbnail":{"url":"https:\/\/construcaocivil.siriusmarketingedesign.com.br\/wp-content\/uploads\/2025\/04\/Prefeitura-de-Itaborai-inicia-rebaixamento-de-via-na-Avenida-22-de-Maio-para-transformar-acesso-urbano-2-150x150.jpeg","width":150,"height":150},"medium":{"url":"https:\/\/construcaocivil.siriusmarketingedesign.com.br\/wp-content\/uploads\/2025\/04\/Prefeitura-de-Itaborai-inicia-rebaixamento-de-via-na-Avenida-22-de-Maio-para-transformar-acesso-urbano-2-300x225.jpeg","width":300,"height":225},"medium_large":{"url":"https:\/\/construcaocivil.siriusmarketingedesign.com.br\/wp-content\/uploads\/2025\/04\/Prefeitura-de-Itaborai-inicia-rebaixamento-de-via-na-Avenida-22-de-Maio-para-transformar-acesso-urbano-2-768x576.jpeg","width":768,"height":576},"large":{"url":"https:\/\/construcaocivil.siriusmarketingedesign.com.br\/wp-content\/uploads\/2025\/04\/Prefeitura-de-Itaborai-inicia-rebaixamento-de-via-na-Avenida-22-de-Maio-para-transformar-acesso-urbano-2-1024x769.jpeg","width":1024,"height":769},"full":{"url":"https:\/\/construcaocivil.siriusmarketingedesign.com.br\/wp-content\/uploads\/2025\/04\/Prefeitura-de-Itaborai-inicia-rebaixamento-de-via-na-Avenida-22-de-Maio-para-transformar-acesso-urbano-2.jpeg","width":1600,"height":1201}},"spectra_blocks_author_info":{"display_name":"Jornal da Constru\u00e7\u00e3o Civil","avatar_url":"https:\/\/secure.gravatar.com\/avatar\/973c9774fd44ddaceb026973c4962faa70fc512bc4c9da68e8ebb40fecee6540?s=96&d=mm&r=g","author_link":"https:\/\/construcaocivil.siriusmarketingedesign.com.br\/?author=1","description":"Desde de 2013, levando muitas informa\u00e7\u00f5es, lan\u00e7amentos e produtos de qualidade para toda cadeia produtiva da constru\u00e7\u00e3o. O Futuro da constru\u00e7\u00e3o passa por aqui,"},"uagb_featured_image_src":{"full":["https:\/\/construcaocivil.siriusmarketingedesign.com.br\/wp-content\/uploads\/2025\/04\/Prefeitura-de-Itaborai-inicia-rebaixamento-de-via-na-Avenida-22-de-Maio-para-transformar-acesso-urbano-2.jpeg",1600,1201,false],"thumbnail":["https:\/\/construcaocivil.siriusmarketingedesign.com.br\/wp-content\/uploads\/2025\/04\/Prefeitura-de-Itaborai-inicia-rebaixamento-de-via-na-Avenida-22-de-Maio-para-transformar-acesso-urbano-2-150x150.jpeg",150,150,true],"medium":["https:\/\/construcaocivil.siriusmarketingedesign.com.br\/wp-content\/uploads\/2025\/04\/Prefeitura-de-Itaborai-inicia-rebaixamento-de-via-na-Avenida-22-de-Maio-para-transformar-acesso-urbano-2-300x225.jpeg",300,225,true],"medium_large":["https:\/\/construcaocivil.siriusmarketingedesign.com.br\/wp-content\/uploads\/2025\/04\/Prefeitura-de-Itaborai-inicia-rebaixamento-de-via-na-Avenida-22-de-Maio-para-transformar-acesso-urbano-2-768x576.jpeg",768,576,true],"large":["https:\/\/construcaocivil.siriusmarketingedesign.com.br\/wp-content\/uploads\/2025\/04\/Prefeitura-de-Itaborai-inicia-rebaixamento-de-via-na-Avenida-22-de-Maio-para-transformar-acesso-urbano-2-1024x769.jpeg",1024,769,true],"1536x1536":["https:\/\/construcaocivil.siriusmarketingedesign.com.br\/wp-content\/uploads\/2025\/04\/Prefeitura-de-Itaborai-inicia-rebaixamento-de-via-na-Avenida-22-de-Maio-para-transformar-acesso-urbano-2-1536x1153.jpeg",1536,1153,true],"2048x2048":["https:\/\/construcaocivil.siriusmarketingedesign.com.br\/wp-content\/uploads\/2025\/04\/Prefeitura-de-Itaborai-inicia-rebaixamento-de-via-na-Avenida-22-de-Maio-para-transformar-acesso-urbano-2.jpeg",1600,1201,false]},"uagb_author_info":{"display_name":"Jornal da Constru\u00e7\u00e3o Civil","author_link":"https:\/\/construcaocivil.siriusmarketingedesign.com.br\/?author=1"},"uagb_comment_info":0,"uagb_excerpt":"A Prefeitura de Itabora\u00ed deu in\u00edcio, na manh\u00e3 da \u00faltima ter\u00e7a-feira (08\/04), \u00e0 escava\u00e7\u00e3o para o rebaixamento de um trecho da Avenida 22 de Maio, na altura do bairro Rio V\u00e1rzea.\u00a0Vale destacar que essa obra \u00e9 fruto de uma parceria com o Governo do Estado do Rio de Janeiro.\u00a0O servi\u00e7o faz parte de uma a\u00e7\u00e3o&hellip;","_links":{"self":[{"href":"https:\/\/construcaocivil.siriusmarketingedesign.com.br\/index.php?rest_route=\/wp\/v2\/posts\/25388","targetHints":{"allow":["GET"]}}],"collection":[{"href":"https:\/\/construcaocivil.siriusmarketingedesign.com.br\/index.php?rest_route=\/wp\/v2\/posts"}],"about":[{"href":"https:\/\/construcaocivil.siriusmarketingedesign.com.br\/index.php?rest_route=\/wp\/v2\/types\/post"}],"author":[{"embeddable":true,"href":"https:\/\/construcaocivil.siriusmarketingedesign.com.br\/index.php?rest_route=\/wp\/v2\/users\/1"}],"replies":[{"embeddable":true,"href":"https:\/\/construcaocivil.siriusmarketingedesign.com.br\/index.php?rest_route=%2Fwp%2Fv2%2Fcomments&post=25388"}],"version-history":[{"count":0,"href":"https:\/\/construcaocivil.siriusmarketingedesign.com.br\/index.php?rest_route=\/wp\/v2\/posts\/25388\/revisions"}],"wp:featuredmedia":[{"embeddable":true,"href":"https:\/\/construcaocivil.siriusmarketingedesign.com.br\/index.php?rest_route=\/wp\/v2\/media\/25389"}],"wp:attachment":[{"href":"https:\/\/construcaocivil.siriusmarketingedesign.com.br\/index.php?rest_route=%2Fwp%2Fv2%2Fmedia&parent=25388"}],"wp:term":[{"taxonomy":"category","embeddable":true,"href":"https:\/\/construcaocivil.siriusmarketingedesign.com.br\/index.php?rest_route=%2Fwp%2Fv2%2Fcategories&post=25388"},{"taxonomy":"post_tag","embeddable":true,"href":"https:\/\/construcaocivil.siriusmarketingedesign.com.br\/index.php?rest_route=%2Fwp%2Fv2%2Ftags&post=25388"}],"curies":[{"name":"wp","href":"https:\/\/api.w.org\/{rel}","templated":true}]}}