{"id":25394,"date":"2025-04-10T17:39:17","date_gmt":"2025-04-10T20:39:17","guid":{"rendered":"https:\/\/www.jornaldaconstrucaocivil.com.br\/?p=25394"},"modified":"2025-04-10T17:39:17","modified_gmt":"2025-04-10T20:39:17","slug":"sinduscon-mg-e-seconci-mg-abrem-inscricoes-para-o-27o-premio-de-seguranca-do-trabalho","status":"publish","type":"post","link":"https:\/\/construcaocivil.siriusmarketingedesign.com.br\/?p=25394","title":{"rendered":"Sinduscon-MG e Seconci-MG abrem inscri\u00e7\u00f5es para o 27\u00ba Pr\u00eamio de Seguran\u00e7a do Trabalho"},"content":{"rendered":"<div id=\":1uh\" class=\"ii gt\">\n<div id=\":1af\" class=\"a3s aiL \">\n<div dir=\"ltr\">\n<div class=\"gmail_signature\" dir=\"ltr\">\n<div dir=\"ltr\">\n<div style=\"text-align: justify;\">Abril &#8211; O Pr\u00eamio de Seguran\u00e7a do Trabalho, promovido pelo Sindicato da Ind\u00fastria da Constru\u00e7\u00e3o Civil no Estado de Minas Gerais (Sinduscon-MG) e seu bra\u00e7o social, Seconci-MG (Servi\u00e7o Social da Ind\u00fastria da Constru\u00e7\u00e3o Civil no Estado de Minas Gerais), est\u00e1 com inscri\u00e7\u00f5es abertas para a sua 27\u00aa edi\u00e7\u00e3o. A iniciativa reconhece boas pr\u00e1ticas em sa\u00fade e seguran\u00e7a do trabalho que contribuam para evitar acidentes em canteiros de obra. Os interessados podem se inscrever at\u00e9 o dia 30 de abril e as obras devem fazer parte do Programa Brasileiro de Qualidade e Produtividade do Habitat (PBQP-H).<\/p>\n<p>Para participar, as construtoras devem acessar o regulamento nos sites do\u00a0<a href=\"https:\/\/sinduscon-mg.org.br\/48721-2\/\" target=\"_blank\" rel=\"noopener\" data-saferedirecturl=\"https:\/\/www.google.com\/url?q=https:\/\/sinduscon-mg.org.br\/48721-2\/&amp;source=gmail&amp;ust=1744399053091000&amp;usg=AOvVaw24_VS6sUrv-IdE1hXo7xFv\">Sinduscon-MG<\/a>\u00a0ou do\u00a0<a href=\"https:\/\/seconci-mg.org.br\/arquivos-premio-seguranca-do-trabalho\/\" target=\"_blank\" rel=\"noopener\" data-saferedirecturl=\"https:\/\/www.google.com\/url?q=https:\/\/seconci-mg.org.br\/arquivos-premio-seguranca-do-trabalho\/&amp;source=gmail&amp;ust=1744399053091000&amp;usg=AOvVaw02o65nt1OAf0FesL_V-JBH\">Seconci-MG<\/a>\u00a0e preencher a ficha de inscri\u00e7\u00e3o, informando o endere\u00e7o de cada canteiro de obra inscrito e breve descri\u00e7\u00e3o da fase em que o projeto se encontra, al\u00e9m de autorizar as inspe\u00e7\u00f5es presenciais. O documento deve ser digitalizado e encaminhado para o e-mail\u00a0<a href=\"mailto:premioseguranca@sinduscon-mg.org.br\" target=\"_blank\" rel=\"noopener\">premioseguranca@<wbr \/>sinduscon-mg.org.br<\/a>. Posteriormente, as inspe\u00e7\u00f5es ser\u00e3o realizadas no per\u00edodo de 1\u00ba de junho a 31 de outubro pelo Seconci-MG.<\/p>\n<p>&#8220;A ind\u00fastria da Constru\u00e7\u00e3o Civil \u00e9 movida, acima de tudo, pela integra\u00e7\u00e3o entre empreendedores e trabalhadores. \u00c9 nesse v\u00ednculo que se constr\u00f3i, de fato, a nossa riqueza. Quando reconhecemos a import\u00e2ncia dessa rela\u00e7\u00e3o, compreendemos que ela deve ser conduzida com respeito \u2013 um valor essencial em qualquer conviv\u00eancia humana. Investir na sa\u00fade e na seguran\u00e7a do trabalhador n\u00e3o pode ser apenas uma resposta \u00e0s exig\u00eancias legais; \u00e9, antes de tudo, um gesto de reconhecimento e valoriza\u00e7\u00e3o do esfor\u00e7o di\u00e1rio de quem transforma nossos projetos em realidade\u201d, destaca o vice-presidente de Pol\u00edtica, Rela\u00e7\u00f5es Trabalhistas e Recursos Humanos do Sinduscon-MG, Felipe Boaventura. Ele ressalta que o Pr\u00eamio de Sa\u00fade e Seguran\u00e7a do Trabalho \u201csegue exatamente com esse prop\u00f3sito: fomentar uma cultura de respeito \u00e0 vida, promover o bem-estar no ambiente de trabalho e reconhecer as boas pr\u00e1ticas que devem inspirar toda a cadeia produtiva da Constru\u00e7\u00e3o Civil\u201d.<\/p>\n<p>A premia\u00e7\u00e3o \u00e9 voltada para empresas associadas \u00e0s duas entidades com obras ativas nos munic\u00edpios de Belo Horizonte, Betim, Contagem, Lagoa Santa e Nova Lima. A premia\u00e7\u00e3o reconhece os participantes nas categorias de &#8220;Empresa Prevencionista&#8221;, &#8220;Certificado de Empresa Prevencionista&#8221; e &#8220;Empresa Destaque na \u00c1rea de Viv\u00eancia&#8221;.<\/p>\n<p>Segundo a supervisora de Seguran\u00e7a do Trabalho do Seconci-MG, Andreia Kaucher Darmstadter, o pr\u00eamio \u00e9 uma ferramenta que visa fomentar o fortalecimento de uma cultura prevencionista dentro das organiza\u00e7\u00f5es do setor da Constru\u00e7\u00e3o Civil. \u201cAo reconhecer e valorizar iniciativas que priorizam a seguran\u00e7a e o bem-estar dos trabalhadores, a premia\u00e7\u00e3o se torna um incentivo para que mais empresas se comprometam com melhorias para o conforto dos trabalhadores nas \u00e1reas de viv\u00eancia, ampliando o que est\u00e1 previsto em normas regulamentadoras\u201d, afirma.<\/p>\n<p>Ela destaca que a iniciativa, al\u00e9m de premiar o esfor\u00e7o das empresas, serve como um alerta para a import\u00e2ncia de manter uma vigil\u00e2ncia cont\u00ednua sobre a seguran\u00e7a no ambiente de trabalho. \u201c\u00c9 uma estrat\u00e9gia para mostrar que a gest\u00e3o da seguran\u00e7a n\u00e3o \u00e9 uma responsabilidade pontual, mas uma pr\u00e1tica que envolve todos os n\u00edveis da organiza\u00e7\u00e3o; al\u00e9m disso, oportuniza o compartilhamento dessas experi\u00eancias bem sucedidas, criando um ciclo de aprendizado e melhora cont\u00ednua\u201d, analisa a supervisora do Seconci-MG.<\/p><\/div>\n<\/div>\n<\/div>\n<\/div>\n<div class=\"yj6qo\" style=\"text-align: justify;\"><\/div>\n<div class=\"adL\" style=\"text-align: justify;\"><\/div>\n<\/div>\n<\/div>\n<div id=\":1ca\" class=\"hq gt\">\n<div class=\"hp\" style=\"text-align: justify;\"><\/div>\n<div id=\":1c8\" class=\"ho\" style=\"text-align: justify;\"><\/div>\n<\/div>\n","protected":false},"excerpt":{"rendered":"<p>Abril &#8211; O Pr\u00eamio de Seguran\u00e7a do Trabalho, promovido pelo Sindicato da Ind\u00fastria da Constru\u00e7\u00e3o Civil no Estado de Minas Gerais (Sinduscon-MG) e seu bra\u00e7o social, Seconci-MG (Servi\u00e7o Social da Ind\u00fastria da Constru\u00e7\u00e3o Civil no Estado de Minas Gerais), est\u00e1 com inscri\u00e7\u00f5es abertas para a sua 27\u00aa edi\u00e7\u00e3o. A iniciativa reconhece boas pr\u00e1ticas em sa\u00fade [&hellip;]<\/p>\n","protected":false},"author":1,"featured_media":25395,"comment_status":"open","ping_status":"open","sticky":false,"template":"","format":"standard","meta":{"_uag_custom_page_level_css":"","footnotes":""},"categories":[27],"tags":[2826,27070,27418,10731,10778,11157],"class_list":["post-25394","post","type-post","status-publish","format-standard","has-post-thumbnail","hentry","category-acontece","tag-construcao-civil","tag-epis-na-obra","tag-pbqp-h","tag-seconci-mg","tag-seguranca-do-trabalho","tag-sinduscon-mg"],"blocksy_meta":[],"spectra_blocks_featured_image_url":{"thumbnail":{"url":"https:\/\/construcaocivil.siriusmarketingedesign.com.br\/wp-content\/uploads\/2025\/04\/seguranca-no-trabalho_foto-Freepik-150x150.jpg","width":150,"height":150},"medium":{"url":"https:\/\/construcaocivil.siriusmarketingedesign.com.br\/wp-content\/uploads\/2025\/04\/seguranca-no-trabalho_foto-Freepik-300x212.jpg","width":300,"height":212},"medium_large":{"url":"https:\/\/construcaocivil.siriusmarketingedesign.com.br\/wp-content\/uploads\/2025\/04\/seguranca-no-trabalho_foto-Freepik-768x542.jpg","width":768,"height":542},"large":{"url":"https:\/\/construcaocivil.siriusmarketingedesign.com.br\/wp-content\/uploads\/2025\/04\/seguranca-no-trabalho_foto-Freepik-1024x722.jpg","width":1024,"height":722},"full":{"url":"https:\/\/construcaocivil.siriusmarketingedesign.com.br\/wp-content\/uploads\/2025\/04\/seguranca-no-trabalho_foto-Freepik.jpg","width":1459,"height":1029}},"spectra_blocks_author_info":{"display_name":"Jornal da Constru\u00e7\u00e3o Civil","avatar_url":"https:\/\/secure.gravatar.com\/avatar\/973c9774fd44ddaceb026973c4962faa70fc512bc4c9da68e8ebb40fecee6540?s=96&d=mm&r=g","author_link":"https:\/\/construcaocivil.siriusmarketingedesign.com.br\/?author=1","description":"Desde de 2013, levando muitas informa\u00e7\u00f5es, lan\u00e7amentos e produtos de qualidade para toda cadeia produtiva da constru\u00e7\u00e3o. O Futuro da constru\u00e7\u00e3o passa por aqui,"},"uagb_featured_image_src":{"full":["https:\/\/construcaocivil.siriusmarketingedesign.com.br\/wp-content\/uploads\/2025\/04\/seguranca-no-trabalho_foto-Freepik.jpg",1459,1029,false],"thumbnail":["https:\/\/construcaocivil.siriusmarketingedesign.com.br\/wp-content\/uploads\/2025\/04\/seguranca-no-trabalho_foto-Freepik-150x150.jpg",150,150,true],"medium":["https:\/\/construcaocivil.siriusmarketingedesign.com.br\/wp-content\/uploads\/2025\/04\/seguranca-no-trabalho_foto-Freepik-300x212.jpg",300,212,true],"medium_large":["https:\/\/construcaocivil.siriusmarketingedesign.com.br\/wp-content\/uploads\/2025\/04\/seguranca-no-trabalho_foto-Freepik-768x542.jpg",768,542,true],"large":["https:\/\/construcaocivil.siriusmarketingedesign.com.br\/wp-content\/uploads\/2025\/04\/seguranca-no-trabalho_foto-Freepik-1024x722.jpg",1024,722,true],"1536x1536":["https:\/\/construcaocivil.siriusmarketingedesign.com.br\/wp-content\/uploads\/2025\/04\/seguranca-no-trabalho_foto-Freepik.jpg",1459,1029,false],"2048x2048":["https:\/\/construcaocivil.siriusmarketingedesign.com.br\/wp-content\/uploads\/2025\/04\/seguranca-no-trabalho_foto-Freepik.jpg",1459,1029,false]},"uagb_author_info":{"display_name":"Jornal da Constru\u00e7\u00e3o Civil","author_link":"https:\/\/construcaocivil.siriusmarketingedesign.com.br\/?author=1"},"uagb_comment_info":0,"uagb_excerpt":"Abril &#8211; O Pr\u00eamio de Seguran\u00e7a do Trabalho, promovido pelo Sindicato da Ind\u00fastria da Constru\u00e7\u00e3o Civil no Estado de Minas Gerais (Sinduscon-MG) e seu bra\u00e7o social, Seconci-MG (Servi\u00e7o Social da Ind\u00fastria da Constru\u00e7\u00e3o Civil no Estado de Minas Gerais), est\u00e1 com inscri\u00e7\u00f5es abertas para a sua 27\u00aa edi\u00e7\u00e3o. A iniciativa reconhece boas pr\u00e1ticas em sa\u00fade&hellip;","_links":{"self":[{"href":"https:\/\/construcaocivil.siriusmarketingedesign.com.br\/index.php?rest_route=\/wp\/v2\/posts\/25394","targetHints":{"allow":["GET"]}}],"collection":[{"href":"https:\/\/construcaocivil.siriusmarketingedesign.com.br\/index.php?rest_route=\/wp\/v2\/posts"}],"about":[{"href":"https:\/\/construcaocivil.siriusmarketingedesign.com.br\/index.php?rest_route=\/wp\/v2\/types\/post"}],"author":[{"embeddable":true,"href":"https:\/\/construcaocivil.siriusmarketingedesign.com.br\/index.php?rest_route=\/wp\/v2\/users\/1"}],"replies":[{"embeddable":true,"href":"https:\/\/construcaocivil.siriusmarketingedesign.com.br\/index.php?rest_route=%2Fwp%2Fv2%2Fcomments&post=25394"}],"version-history":[{"count":0,"href":"https:\/\/construcaocivil.siriusmarketingedesign.com.br\/index.php?rest_route=\/wp\/v2\/posts\/25394\/revisions"}],"wp:featuredmedia":[{"embeddable":true,"href":"https:\/\/construcaocivil.siriusmarketingedesign.com.br\/index.php?rest_route=\/wp\/v2\/media\/25395"}],"wp:attachment":[{"href":"https:\/\/construcaocivil.siriusmarketingedesign.com.br\/index.php?rest_route=%2Fwp%2Fv2%2Fmedia&parent=25394"}],"wp:term":[{"taxonomy":"category","embeddable":true,"href":"https:\/\/construcaocivil.siriusmarketingedesign.com.br\/index.php?rest_route=%2Fwp%2Fv2%2Fcategories&post=25394"},{"taxonomy":"post_tag","embeddable":true,"href":"https:\/\/construcaocivil.siriusmarketingedesign.com.br\/index.php?rest_route=%2Fwp%2Fv2%2Ftags&post=25394"}],"curies":[{"name":"wp","href":"https:\/\/api.w.org\/{rel}","templated":true}]}}