{"id":2540,"date":"2016-07-12T16:11:47","date_gmt":"2016-07-12T16:11:47","guid":{"rendered":"http:\/\/www.jornaldaconstrucaocivil.com.br\/?p=2540"},"modified":"2016-07-12T16:11:47","modified_gmt":"2016-07-12T16:11:47","slug":"sindicato-abre-inscricoes-para-curso-de-marketing-pessoal-e-profissional","status":"publish","type":"post","link":"https:\/\/construcaocivil.siriusmarketingedesign.com.br\/?p=2540","title":{"rendered":"Sindicato abre inscri\u00e7\u00f5es para curso de Marketing Pessoal e Profissional"},"content":{"rendered":"<p><strong><span style=\"color: #000080;\">\u201cCapacita\u00e7\u00e3o \u00e9 gratuita e primeira capacita\u00e7\u00e3o acontece nos dias 19, 20 e 21, em Resende\u201d<\/span><\/strong><\/p>\n<figure id=\"attachment_2541\" aria-describedby=\"caption-attachment-2541\" style=\"width: 298px\" class=\"wp-caption alignleft\"><a href=\"http:\/\/www.jornaldaconstrucaocivil.com.br\/wp-content\/uploads\/2016\/07\/OK-Inscri\u00e7\u00f5es-abertas-para-curso-de-Marketing-Pessoal-e-Profissional.1.MARCO-AUR\u00c9LIO.CAFF-COMUNICA\u00c7\u00c3O-1.jpg\"><img loading=\"lazy\" decoding=\"async\" class=\"wp-image-2541\" src=\"http:\/\/www.jornaldaconstrucaocivil.com.br\/wp-content\/uploads\/2016\/07\/OK-Inscri\u00e7\u00f5es-abertas-para-curso-de-Marketing-Pessoal-e-Profissional.1.MARCO-AUR\u00c9LIO.CAFF-COMUNICA\u00c7\u00c3O-1.jpg\" alt=\"OK Inscri\u00e7\u00f5es abertas para curso de Marketing Pessoal e Profissional.1.MARCO AUR\u00c9LIO.CAFF COMUNICA\u00c7\u00c3O (1)\" width=\"298\" height=\"198\" \/><\/a><figcaption id=\"caption-attachment-2541\" class=\"wp-caption-text\"><span style=\"color: #800000;\"><strong>Inscri\u00e7\u00f5es abertas para curso de Marketing Pessoal e Profissional. Marco Aur\u00e9lio, diretor do Sindicato. <\/strong><\/span><\/figcaption><\/figure>\n<p><span style=\"color: #000000;\"><span style=\"color: #ff0000;\">Julho, 2016 &#8211;<\/span> O Sindicato dos Empregados no Com\u00e9rcio de Resende, Itatiaia e Porto Real est\u00e1 com inscri\u00e7\u00f5es abertas para o terceiro do curso de Marketing Pessoal e Profissional. Para este curso ser\u00e3o oferecidas 25 vagas. As aulas acontecem nos pr\u00f3ximos dias 19, 20 e 21, no per\u00edodo de 18h30min \u00e0s 22 horas. O treinamento faz parte do projeto do Sindicato de oferecer aos comerci\u00e1rios cursos gratuitos nas \u00e1reas de com\u00e9rcio, gest\u00e3o, hospitalidade e at\u00e9 de idiomas, al\u00e9m de palestras com o objetivo de aprimorar cada vez mais suas atividades, bem como recoloc\u00e1-los no mercado de trabalho.<\/span><\/p>\n<p><span style=\"color: #000000;\">O treinamento ser\u00e1 realizado na Sala de Capacita\u00e7\u00e3o do Sindicato dos Comerci\u00e1rios, localizada no quinto andar do Resende Shopping, sala 511, no Centro de Resende. Podem participar comerci\u00e1rios ou n\u00e3o. Para o profissional do com\u00e9rcio a capacita\u00e7\u00e3o \u00e9 gratuita. Enquanto para profissionais de outras \u00e1reas, a taxa de inscri\u00e7\u00e3o \u00e9 de <span style=\"color: #ff0000;\">R$50,00<\/span>. \u00a0As inscri\u00e7\u00f5es podem ser feitas pelo e-mail<span style=\"color: #0000ff;\"> <a style=\"color: #0000ff;\" href=\"mailto:comerciariosresende@gmail.com\">comerciariosresende@gmail.com<\/a><\/span> ou pelo telefone<span style=\"color: #0000ff;\"> (24)3354-5105<\/span>.<\/span><\/p>\n<p><span style=\"color: #000000;\">Durante os tr\u00eas dias de capacita\u00e7\u00e3o, os comerci\u00e1rios ir\u00e3o aprender tudo sobre Marketing Pessoal e Profissional. \u201cO p\u00fablico alvo do curso \u00e9 o comerci\u00e1rio. No entanto, nada impede que qualquer pessoa de outra categoria possa participar. Este treinamento \u00e9 desenvolvido para a classe dos comerci\u00e1rios para que possam ter ferramentas para sua evolu\u00e7\u00e3o pessoal e profissional\u201d, explica o diretor do Sindicato, Marco Aur\u00e9lio Ribeiro. Entre os temas a serem abordados no treinamento est\u00e3o: autoconhecimento; gerenciamento pessoal; administra\u00e7\u00e3o do tempo; rede de relacionamentos; forma\u00e7\u00e3o; sa\u00fade; comunica\u00e7\u00e3o interpessoal; falar em p\u00fablico; saber ouvir; etiqueta social, gestos e posturas, al\u00e9m de imagem profissional na empresa. <\/span><\/p>\n<figure id=\"attachment_2542\" aria-describedby=\"caption-attachment-2542\" style=\"width: 363px\" class=\"wp-caption alignright\"><a href=\"http:\/\/www.jornaldaconstrucaocivil.com.br\/wp-content\/uploads\/2016\/07\/SALA-AULA-RESENDE.jpg\"><img loading=\"lazy\" decoding=\"async\" class=\"wp-image-2542\" src=\"http:\/\/www.jornaldaconstrucaocivil.com.br\/wp-content\/uploads\/2016\/07\/SALA-AULA-RESENDE.jpg\" alt=\"SALA AULA RESENDE\" width=\"363\" height=\"204\" \/><\/a><figcaption id=\"caption-attachment-2542\" class=\"wp-caption-text\"><span style=\"color: #800000;\"><strong>Curso acontece na Sala de Capacita\u00e7\u00e3o do Sindicato dos comerci\u00e1rios inaugurada em mar\u00e7o.<\/strong><\/span><\/figcaption><\/figure>\n<p><span style=\"color: #000000;\">\u201cSer\u00e1 um curso para o indiv\u00edduo se destacar no meio social e no mercado profissional. A capacita\u00e7\u00e3o \u00e9 muito abrangente porque vai trabalhar com o objetivo de lidar diretamente com o trabalhador e n\u00e3o com o empregado. O indiv\u00edduo ser\u00e1 tratado fora de seu ambiente de trabalho, recebendo ferramentas para que ele possa aplicar em sua vida pessoal e profissional. Ele quem vai decidir onde aplicar a ferramenta e quando vai atuar\u201d, destaca Ribeiro, salientando que os interessados na capacita\u00e7\u00e3o devem fazer as inscri\u00e7\u00f5es o mais r\u00e1pido poss\u00edvel. \u201cEm todos os cursos anteriores a procura para este treinamento foi grande que tivemos que abrir esta segunda turma. Por isso, alertamos que quem quiser participar deve fazer a inscri\u00e7\u00e3o rapidamente, j\u00e1 que estamos oferecendo apenas 25 vagas\u201d, completa.<\/span><\/p>\n<p><span style=\"color: #000000;\">Este curso faz parte da proposta do Sindicato dos Empregados no Com\u00e9rcio quando inaugurou a Sala de Capacita\u00e7\u00e3o , em mar\u00e7o, para promover treinamento profissional e palestras para a categoria. \u201cEstamos dando prosseguimento ao nosso prop\u00f3sito de promover o treinamento dos comerci\u00e1rios de nossa base territorial com o objetivo de aprimorar suas habilidades para estarem mais e melhor preparados para o mercado de trabalho\u201d, comentou Marco Aur\u00e9lio.<\/span><\/p>\n<p>&nbsp;<\/p>\n","protected":false},"excerpt":{"rendered":"<p>\u201cCapacita\u00e7\u00e3o \u00e9 gratuita e primeira capacita\u00e7\u00e3o acontece nos dias 19, 20 e 21, em Resende\u201d Julho, 2016 &#8211; O Sindicato dos Empregados no Com\u00e9rcio de Resende, Itatiaia e Porto Real est\u00e1 com inscri\u00e7\u00f5es abertas para o terceiro do curso de Marketing Pessoal e Profissional. Para este curso ser\u00e3o oferecidas 25 vagas. As aulas acontecem nos [&hellip;]<\/p>\n","protected":false},"author":1,"featured_media":2542,"comment_status":"open","ping_status":"open","sticky":false,"template":"","format":"standard","meta":{"_uag_custom_page_level_css":"","footnotes":""},"categories":[27],"tags":[3291,3708,6435,7310,9150,10214,11124],"class_list":["post-2540","post","type-post","status-publish","format-standard","has-post-thumbnail","hentry","category-acontece","tag-curso-gratuito","tag-diretor-marco-aurelio","tag-itatiaia","tag-marketing-pessoal","tag-porto-real","tag-resende","tag-sindicato-dos-empregados-no-comercio"],"blocksy_meta":[],"spectra_blocks_featured_image_url":[],"spectra_blocks_author_info":{"display_name":"Jornal da Constru\u00e7\u00e3o Civil","avatar_url":"https:\/\/secure.gravatar.com\/avatar\/973c9774fd44ddaceb026973c4962faa70fc512bc4c9da68e8ebb40fecee6540?s=96&d=mm&r=g","author_link":"https:\/\/construcaocivil.siriusmarketingedesign.com.br\/?author=1","description":"Desde de 2013, levando muitas informa\u00e7\u00f5es, lan\u00e7amentos e produtos de qualidade para toda cadeia produtiva da constru\u00e7\u00e3o. O Futuro da constru\u00e7\u00e3o passa por aqui,"},"uagb_featured_image_src":{"full":false,"thumbnail":false,"medium":false,"medium_large":false,"large":false,"1536x1536":false,"2048x2048":false},"uagb_author_info":{"display_name":"Jornal da Constru\u00e7\u00e3o Civil","author_link":"https:\/\/construcaocivil.siriusmarketingedesign.com.br\/?author=1"},"uagb_comment_info":0,"uagb_excerpt":"\u201cCapacita\u00e7\u00e3o \u00e9 gratuita e primeira capacita\u00e7\u00e3o acontece nos dias 19, 20 e 21, em Resende\u201d Julho, 2016 &#8211; O Sindicato dos Empregados no Com\u00e9rcio de Resende, Itatiaia e Porto Real est\u00e1 com inscri\u00e7\u00f5es abertas para o terceiro do curso de Marketing Pessoal e Profissional. Para este curso ser\u00e3o oferecidas 25 vagas. As aulas acontecem nos&hellip;","_links":{"self":[{"href":"https:\/\/construcaocivil.siriusmarketingedesign.com.br\/index.php?rest_route=\/wp\/v2\/posts\/2540","targetHints":{"allow":["GET"]}}],"collection":[{"href":"https:\/\/construcaocivil.siriusmarketingedesign.com.br\/index.php?rest_route=\/wp\/v2\/posts"}],"about":[{"href":"https:\/\/construcaocivil.siriusmarketingedesign.com.br\/index.php?rest_route=\/wp\/v2\/types\/post"}],"author":[{"embeddable":true,"href":"https:\/\/construcaocivil.siriusmarketingedesign.com.br\/index.php?rest_route=\/wp\/v2\/users\/1"}],"replies":[{"embeddable":true,"href":"https:\/\/construcaocivil.siriusmarketingedesign.com.br\/index.php?rest_route=%2Fwp%2Fv2%2Fcomments&post=2540"}],"version-history":[{"count":0,"href":"https:\/\/construcaocivil.siriusmarketingedesign.com.br\/index.php?rest_route=\/wp\/v2\/posts\/2540\/revisions"}],"wp:attachment":[{"href":"https:\/\/construcaocivil.siriusmarketingedesign.com.br\/index.php?rest_route=%2Fwp%2Fv2%2Fmedia&parent=2540"}],"wp:term":[{"taxonomy":"category","embeddable":true,"href":"https:\/\/construcaocivil.siriusmarketingedesign.com.br\/index.php?rest_route=%2Fwp%2Fv2%2Fcategories&post=2540"},{"taxonomy":"post_tag","embeddable":true,"href":"https:\/\/construcaocivil.siriusmarketingedesign.com.br\/index.php?rest_route=%2Fwp%2Fv2%2Ftags&post=2540"}],"curies":[{"name":"wp","href":"https:\/\/api.w.org\/{rel}","templated":true}]}}