{"id":25403,"date":"2025-04-13T17:49:57","date_gmt":"2025-04-13T20:49:57","guid":{"rendered":"https:\/\/www.jornaldaconstrucaocivil.com.br\/?p=25403"},"modified":"2025-04-13T17:49:57","modified_gmt":"2025-04-13T20:49:57","slug":"projeto-de-lei-preve-reconhecimento-do-exercicio-profissional-da-capoeira","status":"publish","type":"post","link":"https:\/\/construcaocivil.siriusmarketingedesign.com.br\/?p=25403","title":{"rendered":"Projeto de lei prev\u00ea reconhecimento do exerc\u00edcio profissional da capoeira"},"content":{"rendered":"<div>\n<div style=\"text-align: justify;\"><b><i>Grupos de capoeira de Niter\u00f3i comemoram avan\u00e7o na profissionaliza\u00e7\u00e3o da profiss\u00e3o<\/i><\/b><\/div>\n<div style=\"text-align: justify;\"><\/div>\n<p>Abril, 2025 &#8211; Tramita na C\u00e2mara dos Deputados um Projeto de Lei que reconhece o exerc\u00edcio profissional da capoeira, al\u00e9m de declarar a atividade bem de natureza imaterial em todas as formas em que se manifesta. Segundo a institui\u00e7\u00e3o, a profiss\u00e3o de capoeirista aplica-se a todas as modalidades em que a atividade se manifesta, seja como esporte, luta, dan\u00e7a, cultura ou m\u00fasica.<\/p>\n<p>A proposta, do deputado Lafayette de Andrada, levou em considera\u00e7\u00e3o uma queixa de de v\u00e1rios segmentos da capoeira, \u2018pois escolas e academias t\u00eam encontrado dificuldades de contratar profissionais por falta de registro profissional, e acabam exigindo forma\u00e7\u00e3o em Educa\u00e7\u00e3o F\u00edsica\u2019.<\/p>\n<p>A novidade foi comemorada por representantes da capoeira de Niter\u00f3i, como \u00e9 o caso de David Bassous, conhecido como Mestre Buj\u00e3o, fundador do Instituto Gingas que trabalha a capoeira na\u00a0cidade al\u00e9m\u00a0de Saquarema e Cachoeiras de Macacu.<\/p>\n<p>\u201cEssa discuss\u00e3o \u00e9 uma das tem\u00e1ticas mais importantes no cen\u00e1rio cultural do Brasil, pois a capoeira \u00e9 a cultura que mais difunde a l\u00edngua portuguesa falada no pa\u00eds para praticamente todos os pa\u00edses do mundo. A capoeira como um patrim\u00f4nio cultural imaterial do Brasil, precisa fortalecer os seus multiplicadores e guardi\u00f5es dos seus saberes, pois as mestras e mestres da arte da capoeira s\u00e3o os nossos verdadeiros patrim\u00f4nios e precisam ser respeitados e protegidos como tal\u201d, explicou Buj\u00e3o.<\/p>\n<div style=\"text-align: justify;\">O projeto foi aprovado na Comiss\u00e3o de Constitui\u00e7\u00e3o e Justi\u00e7a e de Cidadania (CCJ) da Casa.\u00a0Segundo texto, ser\u00e1 considerado Mestre de Capoeira o capoeirista profissional devidamente reconhecido e titulado pelas respectivas entidades representativas da capoeira. Ficam reconhecidos como Mestres de Capoeira e Contramestres de Capoeira os profissionais em exerc\u00edcio nessas respectivas profiss\u00f5es at\u00e9 a data de promulga\u00e7\u00e3o da futura lei.<\/div>\n<\/div>\n<div style=\"text-align: justify;\"><\/div>\n","protected":false},"excerpt":{"rendered":"<p>Grupos de capoeira de Niter\u00f3i comemoram avan\u00e7o na profissionaliza\u00e7\u00e3o da profiss\u00e3o Abril, 2025 &#8211; Tramita na C\u00e2mara dos Deputados um Projeto de Lei que reconhece o exerc\u00edcio profissional da capoeira, al\u00e9m de declarar a atividade bem de natureza imaterial em todas as formas em que se manifesta. Segundo a institui\u00e7\u00e3o, a profiss\u00e3o de capoeirista aplica-se [&hellip;]<\/p>\n","protected":false},"author":1,"featured_media":25404,"comment_status":"open","ping_status":"open","sticky":false,"template":"","format":"standard","meta":{"_uag_custom_page_level_css":"","footnotes":""},"categories":[27],"tags":[27424,27422,27423,8127],"class_list":["post-25403","post","type-post","status-publish","format-standard","has-post-thumbnail","hentry","category-acontece","tag-camara-dos-deputados-brasilia","tag-capoeira-cultura-afro-brasileira","tag-escola-capoeira-e-educacao","tag-niteroi"],"blocksy_meta":[],"spectra_blocks_featured_image_url":{"thumbnail":{"url":"https:\/\/construcaocivil.siriusmarketingedesign.com.br\/wp-content\/uploads\/2025\/04\/Divulgacao.-Fotos-Breno-Platais-1-1-150x150.jpg","width":150,"height":150},"medium":{"url":"https:\/\/construcaocivil.siriusmarketingedesign.com.br\/wp-content\/uploads\/2025\/04\/Divulgacao.-Fotos-Breno-Platais-1-1-300x200.jpg","width":300,"height":200},"medium_large":{"url":"https:\/\/construcaocivil.siriusmarketingedesign.com.br\/wp-content\/uploads\/2025\/04\/Divulgacao.-Fotos-Breno-Platais-1-1-768x512.jpg","width":768,"height":512},"large":{"url":"https:\/\/construcaocivil.siriusmarketingedesign.com.br\/wp-content\/uploads\/2025\/04\/Divulgacao.-Fotos-Breno-Platais-1-1-1024x683.jpg","width":1024,"height":683},"full":{"url":"https:\/\/construcaocivil.siriusmarketingedesign.com.br\/wp-content\/uploads\/2025\/04\/Divulgacao.-Fotos-Breno-Platais-1-1.jpg","width":1449,"height":966}},"spectra_blocks_author_info":{"display_name":"Jornal da Constru\u00e7\u00e3o Civil","avatar_url":"https:\/\/secure.gravatar.com\/avatar\/973c9774fd44ddaceb026973c4962faa70fc512bc4c9da68e8ebb40fecee6540?s=96&d=mm&r=g","author_link":"https:\/\/construcaocivil.siriusmarketingedesign.com.br\/?author=1","description":"Desde de 2013, levando muitas informa\u00e7\u00f5es, lan\u00e7amentos e produtos de qualidade para toda cadeia produtiva da constru\u00e7\u00e3o. O Futuro da constru\u00e7\u00e3o passa por aqui,"},"uagb_featured_image_src":{"full":["https:\/\/construcaocivil.siriusmarketingedesign.com.br\/wp-content\/uploads\/2025\/04\/Divulgacao.-Fotos-Breno-Platais-1-1.jpg",1449,966,false],"thumbnail":["https:\/\/construcaocivil.siriusmarketingedesign.com.br\/wp-content\/uploads\/2025\/04\/Divulgacao.-Fotos-Breno-Platais-1-1-150x150.jpg",150,150,true],"medium":["https:\/\/construcaocivil.siriusmarketingedesign.com.br\/wp-content\/uploads\/2025\/04\/Divulgacao.-Fotos-Breno-Platais-1-1-300x200.jpg",300,200,true],"medium_large":["https:\/\/construcaocivil.siriusmarketingedesign.com.br\/wp-content\/uploads\/2025\/04\/Divulgacao.-Fotos-Breno-Platais-1-1-768x512.jpg",768,512,true],"large":["https:\/\/construcaocivil.siriusmarketingedesign.com.br\/wp-content\/uploads\/2025\/04\/Divulgacao.-Fotos-Breno-Platais-1-1-1024x683.jpg",1024,683,true],"1536x1536":["https:\/\/construcaocivil.siriusmarketingedesign.com.br\/wp-content\/uploads\/2025\/04\/Divulgacao.-Fotos-Breno-Platais-1-1.jpg",1449,966,false],"2048x2048":["https:\/\/construcaocivil.siriusmarketingedesign.com.br\/wp-content\/uploads\/2025\/04\/Divulgacao.-Fotos-Breno-Platais-1-1.jpg",1449,966,false]},"uagb_author_info":{"display_name":"Jornal da Constru\u00e7\u00e3o Civil","author_link":"https:\/\/construcaocivil.siriusmarketingedesign.com.br\/?author=1"},"uagb_comment_info":0,"uagb_excerpt":"Grupos de capoeira de Niter\u00f3i comemoram avan\u00e7o na profissionaliza\u00e7\u00e3o da profiss\u00e3o Abril, 2025 &#8211; Tramita na C\u00e2mara dos Deputados um Projeto de Lei que reconhece o exerc\u00edcio profissional da capoeira, al\u00e9m de declarar a atividade bem de natureza imaterial em todas as formas em que se manifesta. Segundo a institui\u00e7\u00e3o, a profiss\u00e3o de capoeirista aplica-se&hellip;","_links":{"self":[{"href":"https:\/\/construcaocivil.siriusmarketingedesign.com.br\/index.php?rest_route=\/wp\/v2\/posts\/25403","targetHints":{"allow":["GET"]}}],"collection":[{"href":"https:\/\/construcaocivil.siriusmarketingedesign.com.br\/index.php?rest_route=\/wp\/v2\/posts"}],"about":[{"href":"https:\/\/construcaocivil.siriusmarketingedesign.com.br\/index.php?rest_route=\/wp\/v2\/types\/post"}],"author":[{"embeddable":true,"href":"https:\/\/construcaocivil.siriusmarketingedesign.com.br\/index.php?rest_route=\/wp\/v2\/users\/1"}],"replies":[{"embeddable":true,"href":"https:\/\/construcaocivil.siriusmarketingedesign.com.br\/index.php?rest_route=%2Fwp%2Fv2%2Fcomments&post=25403"}],"version-history":[{"count":0,"href":"https:\/\/construcaocivil.siriusmarketingedesign.com.br\/index.php?rest_route=\/wp\/v2\/posts\/25403\/revisions"}],"wp:featuredmedia":[{"embeddable":true,"href":"https:\/\/construcaocivil.siriusmarketingedesign.com.br\/index.php?rest_route=\/wp\/v2\/media\/25404"}],"wp:attachment":[{"href":"https:\/\/construcaocivil.siriusmarketingedesign.com.br\/index.php?rest_route=%2Fwp%2Fv2%2Fmedia&parent=25403"}],"wp:term":[{"taxonomy":"category","embeddable":true,"href":"https:\/\/construcaocivil.siriusmarketingedesign.com.br\/index.php?rest_route=%2Fwp%2Fv2%2Fcategories&post=25403"},{"taxonomy":"post_tag","embeddable":true,"href":"https:\/\/construcaocivil.siriusmarketingedesign.com.br\/index.php?rest_route=%2Fwp%2Fv2%2Ftags&post=25403"}],"curies":[{"name":"wp","href":"https:\/\/api.w.org\/{rel}","templated":true}]}}