{"id":25406,"date":"2025-04-14T00:18:28","date_gmt":"2025-04-14T03:18:28","guid":{"rendered":"https:\/\/www.jornaldaconstrucaocivil.com.br\/?p=25406"},"modified":"2025-04-14T00:18:28","modified_gmt":"2025-04-14T03:18:28","slug":"nova-identificacao-profissional-reconhece-eletricistas-capacitados-e-combate-deficit-de-mao-de-obra-tecnica","status":"publish","type":"post","link":"https:\/\/construcaocivil.siriusmarketingedesign.com.br\/?p=25406","title":{"rendered":"Nova identifica\u00e7\u00e3o profissional reconhece eletricistas capacitados e combate d\u00e9ficit de m\u00e3o de obra t\u00e9cnica"},"content":{"rendered":"<p style=\"text-align: justify;\"><strong><i>A a\u00e7\u00e3o responde \u00e0 crescente preocupa\u00e7\u00e3o com acidentes el\u00e9tricos e tamb\u00e9m ao chamado apag\u00e3o de m\u00e3o de obra t\u00e9cnica.<\/i><\/strong><\/p>\n<div>\n<p style=\"text-align: justify;\">Abril, 2025 &#8211; A escassez de profissionais qualificados tem afetado diversos setores da economia, especialmente na constru\u00e7\u00e3o civil. Em um cen\u00e1rio de alta demanda por reformas e obras, encontrar eletricistas com forma\u00e7\u00e3o t\u00e9cnica adequada tornou-se um desafio. Para enfrentar esse problema, a Associa\u00e7\u00e3o Brasileira de Normas T\u00e9cnicas (ABNT) e o Sincomaco lan\u00e7am, durante a Feicon 2025, a identifica\u00e7\u00e3o profissional digital do eletricista, voltada a quem conclui curso de capacita\u00e7\u00e3o com base na norma ABNT NBR 5410.<\/p>\n<p style=\"text-align: justify;\">O programa inclui forma\u00e7\u00e3o online em instala\u00e7\u00f5es el\u00e9tricas prediais de baixa tens\u00e3o, desenvolvida e ministrada pelo engenheiro Hilton Moreno, refer\u00eancia no setor e atual coordenador da comiss\u00e3o de revis\u00e3o da NBR 5410. A capacita\u00e7\u00e3o \u00e9 oferecida na plataforma <strong>\u201cChoque El\u00e9trico Mata!\u201d<\/strong> e acompanha certifica\u00e7\u00e3o reconhecida.<\/p>\n<p style=\"text-align: justify;\">\u201cBoa parte dos eletricistas aprende na pr\u00e1tica, muitas vezes sem acesso \u00e0 forma\u00e7\u00e3o t\u00e9cnica formal. Isso n\u00e3o \u00e9 uma falha do profissional, mas um reflexo da aus\u00eancia de pol\u00edticas consistentes de qualifica\u00e7\u00e3o no setor. Com a identifica\u00e7\u00e3o profissional digital, buscamos romper esse ciclo e oferecer uma refer\u00eancia clara de compet\u00eancia t\u00e9cnica e seguran\u00e7a\u201d, afirma o presidente da ABNT, M\u00e1rio William Esper.<\/p>\n<p style=\"text-align: justify;\">A a\u00e7\u00e3o responde \u00e0 crescente preocupa\u00e7\u00e3o com acidentes el\u00e9tricos e tamb\u00e9m ao chamado apag\u00e3o de m\u00e3o de obra t\u00e9cnica. Al\u00e9m de fortalecer o mercado formal, a identifica\u00e7\u00e3o profissional digital oferece aos trabalhadores uma forma concreta de valoriza\u00e7\u00e3o e acesso a novas oportunidades.<\/p>\n<p style=\"text-align: justify;\"><strong>\ud83d\udee0\ufe0f Como participar<\/strong><\/p>\n<p style=\"text-align: justify;\">Profissionais interessados em obter a identifica\u00e7\u00e3o profissional digital devem se cadastrar na plataforma do programa \u201cChoque El\u00e9trico Mata!\u201d, onde tamb\u00e9m \u00e9 realizada a capacita\u00e7\u00e3o. O acesso est\u00e1 dispon\u00edvel pelo site:<a href=\"http:\/\/www.choqueeletricomata.com.br\/\" target=\"_blank\" rel=\"noopener noreferrer\">\u00a0<strong>www.choqueeletricomata.com.br<\/strong><\/a><\/p>\n<\/div>\n","protected":false},"excerpt":{"rendered":"<p>A a\u00e7\u00e3o responde \u00e0 crescente preocupa\u00e7\u00e3o com acidentes el\u00e9tricos e tamb\u00e9m ao chamado apag\u00e3o de m\u00e3o de obra t\u00e9cnica. Abril, 2025 &#8211; A escassez de profissionais qualificados tem afetado diversos setores da economia, especialmente na constru\u00e7\u00e3o civil. Em um cen\u00e1rio de alta demanda por reformas e obras, encontrar eletricistas com forma\u00e7\u00e3o t\u00e9cnica adequada tornou-se um [&hellip;]<\/p>\n","protected":false},"author":1,"featured_media":25407,"comment_status":"open","ping_status":"open","sticky":false,"template":"","format":"standard","meta":{"_uag_custom_page_level_css":"","footnotes":""},"categories":[31],"tags":[318,27426,4037,27425],"class_list":["post-25406","post","type-post","status-publish","format-standard","has-post-thumbnail","hentry","category-infraestrutura","tag-abnt","tag-choque-eletrico-mata","tag-eletricistas","tag-nbr-5410"],"blocksy_meta":[],"spectra_blocks_featured_image_url":{"thumbnail":{"url":"https:\/\/construcaocivil.siriusmarketingedesign.com.br\/wp-content\/uploads\/2025\/04\/worker-is-cutting-wires-with-lineman-s-pliers-150x150.jpg","width":150,"height":150},"medium":{"url":"https:\/\/construcaocivil.siriusmarketingedesign.com.br\/wp-content\/uploads\/2025\/04\/worker-is-cutting-wires-with-lineman-s-pliers-300x200.jpg","width":300,"height":200},"medium_large":{"url":"https:\/\/construcaocivil.siriusmarketingedesign.com.br\/wp-content\/uploads\/2025\/04\/worker-is-cutting-wires-with-lineman-s-pliers-768x512.jpg","width":768,"height":512},"large":{"url":"https:\/\/construcaocivil.siriusmarketingedesign.com.br\/wp-content\/uploads\/2025\/04\/worker-is-cutting-wires-with-lineman-s-pliers-1024x683.jpg","width":1024,"height":683},"full":{"url":"https:\/\/construcaocivil.siriusmarketingedesign.com.br\/wp-content\/uploads\/2025\/04\/worker-is-cutting-wires-with-lineman-s-pliers-scaled.jpg","width":2560,"height":1707}},"spectra_blocks_author_info":{"display_name":"Jornal da Constru\u00e7\u00e3o Civil","avatar_url":"https:\/\/secure.gravatar.com\/avatar\/973c9774fd44ddaceb026973c4962faa70fc512bc4c9da68e8ebb40fecee6540?s=96&d=mm&r=g","author_link":"https:\/\/construcaocivil.siriusmarketingedesign.com.br\/?author=1","description":"Desde de 2013, levando muitas informa\u00e7\u00f5es, lan\u00e7amentos e produtos de qualidade para toda cadeia produtiva da constru\u00e7\u00e3o. O Futuro da constru\u00e7\u00e3o passa por aqui,"},"uagb_featured_image_src":{"full":["https:\/\/construcaocivil.siriusmarketingedesign.com.br\/wp-content\/uploads\/2025\/04\/worker-is-cutting-wires-with-lineman-s-pliers-scaled.jpg",2560,1707,false],"thumbnail":["https:\/\/construcaocivil.siriusmarketingedesign.com.br\/wp-content\/uploads\/2025\/04\/worker-is-cutting-wires-with-lineman-s-pliers-150x150.jpg",150,150,true],"medium":["https:\/\/construcaocivil.siriusmarketingedesign.com.br\/wp-content\/uploads\/2025\/04\/worker-is-cutting-wires-with-lineman-s-pliers-300x200.jpg",300,200,true],"medium_large":["https:\/\/construcaocivil.siriusmarketingedesign.com.br\/wp-content\/uploads\/2025\/04\/worker-is-cutting-wires-with-lineman-s-pliers-768x512.jpg",768,512,true],"large":["https:\/\/construcaocivil.siriusmarketingedesign.com.br\/wp-content\/uploads\/2025\/04\/worker-is-cutting-wires-with-lineman-s-pliers-1024x683.jpg",1024,683,true],"1536x1536":["https:\/\/construcaocivil.siriusmarketingedesign.com.br\/wp-content\/uploads\/2025\/04\/worker-is-cutting-wires-with-lineman-s-pliers-1536x1024.jpg",1536,1024,true],"2048x2048":["https:\/\/construcaocivil.siriusmarketingedesign.com.br\/wp-content\/uploads\/2025\/04\/worker-is-cutting-wires-with-lineman-s-pliers-2048x1365.jpg",2048,1365,true]},"uagb_author_info":{"display_name":"Jornal da Constru\u00e7\u00e3o Civil","author_link":"https:\/\/construcaocivil.siriusmarketingedesign.com.br\/?author=1"},"uagb_comment_info":0,"uagb_excerpt":"A a\u00e7\u00e3o responde \u00e0 crescente preocupa\u00e7\u00e3o com acidentes el\u00e9tricos e tamb\u00e9m ao chamado apag\u00e3o de m\u00e3o de obra t\u00e9cnica. Abril, 2025 &#8211; A escassez de profissionais qualificados tem afetado diversos setores da economia, especialmente na constru\u00e7\u00e3o civil. Em um cen\u00e1rio de alta demanda por reformas e obras, encontrar eletricistas com forma\u00e7\u00e3o t\u00e9cnica adequada tornou-se um&hellip;","_links":{"self":[{"href":"https:\/\/construcaocivil.siriusmarketingedesign.com.br\/index.php?rest_route=\/wp\/v2\/posts\/25406","targetHints":{"allow":["GET"]}}],"collection":[{"href":"https:\/\/construcaocivil.siriusmarketingedesign.com.br\/index.php?rest_route=\/wp\/v2\/posts"}],"about":[{"href":"https:\/\/construcaocivil.siriusmarketingedesign.com.br\/index.php?rest_route=\/wp\/v2\/types\/post"}],"author":[{"embeddable":true,"href":"https:\/\/construcaocivil.siriusmarketingedesign.com.br\/index.php?rest_route=\/wp\/v2\/users\/1"}],"replies":[{"embeddable":true,"href":"https:\/\/construcaocivil.siriusmarketingedesign.com.br\/index.php?rest_route=%2Fwp%2Fv2%2Fcomments&post=25406"}],"version-history":[{"count":0,"href":"https:\/\/construcaocivil.siriusmarketingedesign.com.br\/index.php?rest_route=\/wp\/v2\/posts\/25406\/revisions"}],"wp:featuredmedia":[{"embeddable":true,"href":"https:\/\/construcaocivil.siriusmarketingedesign.com.br\/index.php?rest_route=\/wp\/v2\/media\/25407"}],"wp:attachment":[{"href":"https:\/\/construcaocivil.siriusmarketingedesign.com.br\/index.php?rest_route=%2Fwp%2Fv2%2Fmedia&parent=25406"}],"wp:term":[{"taxonomy":"category","embeddable":true,"href":"https:\/\/construcaocivil.siriusmarketingedesign.com.br\/index.php?rest_route=%2Fwp%2Fv2%2Fcategories&post=25406"},{"taxonomy":"post_tag","embeddable":true,"href":"https:\/\/construcaocivil.siriusmarketingedesign.com.br\/index.php?rest_route=%2Fwp%2Fv2%2Ftags&post=25406"}],"curies":[{"name":"wp","href":"https:\/\/api.w.org\/{rel}","templated":true}]}}