{"id":25417,"date":"2025-04-16T21:53:06","date_gmt":"2025-04-17T00:53:06","guid":{"rendered":"https:\/\/www.jornaldaconstrucaocivil.com.br\/?p=25417"},"modified":"2025-04-16T21:53:06","modified_gmt":"2025-04-17T00:53:06","slug":"expo-deconcrete-2025marcelo-tas-esta-entre-os-palestrantes-confirmados-no-maior-evento-da-construcao-do-interior-de-sao-paulo","status":"publish","type":"post","link":"https:\/\/construcaocivil.siriusmarketingedesign.com.br\/?p=25417","title":{"rendered":"Expo DeConcrete 2025:Marcelo Tas est\u00e1 entre os palestrantes confirmados no maior evento da constru\u00e7\u00e3o do interior de S\u00e3o Paulo"},"content":{"rendered":"<div style=\"text-align: justify;\"><strong><em>A feira, com entrada gratuita, promete movimentar o setor da constru\u00e7\u00e3o com inova\u00e7\u00e3o e sustentabilidade_<\/em><\/strong><\/div>\n<div style=\"text-align: justify;\"><\/div>\n<div style=\"text-align: justify;\">Abril, 2025 &#8211; De 15 a 17 de maio, Sorocaba ser\u00e1 palco da Expo DeConcrete 2025. Com entrada gratuita, o evento j\u00e1 chega sendo considerado o maior de constru\u00e7\u00e3o e neg\u00f3cios do interior paulista. Realizado no UZNA, em um espa\u00e7o de mais de 6 mil m\u00b2, reunir\u00e1 aproximadamente 150 marcas e uma expectativa de mais de 10 mil visitantes em tr\u00eas dias de programa\u00e7\u00e3o, que inclui palestras com profissionais de renome nacional, entre eles o comunicador Marcelo Tas.<\/div>\n<figure id=\"attachment_25419\" aria-describedby=\"caption-attachment-25419\" style=\"width: 200px\" class=\"wp-caption alignleft\"><img loading=\"lazy\" decoding=\"async\" class=\"size-medium wp-image-25419\" src=\"https:\/\/www.jornaldaconstrucaocivil.com.br\/wp-content\/uploads\/2025\/04\/IMG_0602-200x300.jpeg\" alt=\"\" width=\"200\" height=\"300\" srcset=\"https:\/\/construcaocivil.siriusmarketingedesign.com.br\/wp-content\/uploads\/2025\/04\/IMG_0602-200x300.jpeg 200w, https:\/\/construcaocivil.siriusmarketingedesign.com.br\/wp-content\/uploads\/2025\/04\/IMG_0602-682x1024.jpeg 682w, https:\/\/construcaocivil.siriusmarketingedesign.com.br\/wp-content\/uploads\/2025\/04\/IMG_0602-768x1152.jpeg 768w, https:\/\/construcaocivil.siriusmarketingedesign.com.br\/wp-content\/uploads\/2025\/04\/IMG_0602-1024x1536.jpeg 1024w, https:\/\/construcaocivil.siriusmarketingedesign.com.br\/wp-content\/uploads\/2025\/04\/IMG_0602.jpeg 1333w\" sizes=\"auto, (max-width: 200px) 100vw, 200px\" \/><figcaption id=\"caption-attachment-25419\" class=\"wp-caption-text\">Marcelo Tas<\/figcaption><\/figure>\n<div style=\"text-align: justify;\">Com realiza\u00e7\u00e3o da Associa\u00e7\u00e3o dos Engenheiros e Arquitetos de Sorocaba (AEAS) e produ\u00e7\u00e3o da Magic Stage, a Expo DeConcrete se prop\u00f5e a ser um local de conex\u00f5es, ideias e pr\u00e1ticas sustent\u00e1veis. De acordo com Alessandro Nogueira, presidente da AEAS, o evento oferecer\u00e1 uma experi\u00eancia imersiva e interativa. &#8220;A ideia \u00e9 colocar o participante no centro da inova\u00e7\u00e3o. Entre os grandes destaques est\u00e1 a Zona de Experi\u00eancia, onde os visitantes poder\u00e3o testar tecnologias, manipular materiais inovadores e participar de demonstra\u00e7\u00f5es pr\u00e1ticas, incluindo o uso de realidade aumentada e virtual, automa\u00e7\u00e3o e equipamentos sustent\u00e1veis&#8221;.<\/div>\n<div style=\"text-align: justify;\"><\/div>\n<div style=\"text-align: justify;\">*Palestras Silenciosas*<\/div>\n<div style=\"text-align: justify;\">Outro diferencial ser\u00e1 o formato inovador das Palestras Silenciosas, com fones de ouvido individuais e sistema de \u00e1udio direcional. &#8220;\u00c9 a tecnologia a servi\u00e7o da aprendizagem. Em um ambiente de feira, que costuma ter bastante ru\u00eddo, o modelo garante concentra\u00e7\u00e3o total mesmo em um ambiente movimentado&#8221;.<\/div>\n<div style=\"text-align: justify;\"><\/div>\n<div style=\"text-align: justify;\">A grade de conte\u00fados inclui temas como energia renov\u00e1vel, materiais alternativos, ESG, digitaliza\u00e7\u00e3o, BIM, impress\u00e3o 3D, constru\u00e7\u00e3o industrializada e gest\u00e3o empresarial. Ao todo, ser\u00e3o realizadas palestras, talks e seis mesas-redondas com empres\u00e1rios discutindo solu\u00e7\u00f5es pr\u00e1ticas e desafios reais para o setor \u2014 com atividades acontecendo durante todo o dia, nos tr\u00eas dias de feira.<\/div>\n<div style=\"text-align: justify;\"><\/div>\n<div style=\"text-align: justify;\">*Palestrantes de renome no mercado nacional*<\/div>\n<div style=\"text-align: justify;\">Entre os palestrantes, destaca-se o nome de Marcelo Tas. Sua trajet\u00f3ria \u00e9 marcada por grandes sucessos, como o rep\u00f3rter ficcional Ernesto Varela; as s\u00e9ries &#8220;R\u00e1-Tim-Bum&#8221; e &#8220;Castelo R\u00e1-Tim-Bum&#8221; (TV Cultura); &#8220;CQC&#8221; (Band) e, atualmente, comanda o programa de entrevistas Provoca, na TV Cultura, onde recebe grandes personalidades brasileiras.<\/div>\n<div style=\"text-align: justify;\"><\/div>\n<div style=\"text-align: justify;\">Na \u00e1rea da educa\u00e7\u00e3o, Tas atuou como coordenador da cria\u00e7\u00e3o do Telecurso 2000, uma iniciativa da Funda\u00e7\u00e3o Roberto Marinho em parceria com a TV Globo. Al\u00e9m disso, esteve envolvido no desenvolvimento de jogos interativos para o Museu da L\u00edngua Portuguesa, em S\u00e3o Paulo, e para o Museu do Amanh\u00e3, no Rio de Janeiro.<\/div>\n<div style=\"text-align: justify;\"><\/div>\n<div style=\"text-align: justify;\">Outro palestrante de renome \u00e9 Marcos Valeta, nome de peso no mercado global de publicidade e marketing. Fundador da Waymaker Projects, consultoria internacional especializada em criatividade, inova\u00e7\u00e3o e tecnologia, Valeta traz uma vis\u00e3o estrat\u00e9gica e transformadora sobre gest\u00e3o de projetos e posicionamento de marcas. Com mais de 20 anos de experi\u00eancia, acumula passagens por gigantes como Ogilvy e Monks (S\u00e3o Francisco, Calif\u00f3rnia), al\u00e9m de liderar uma consultoria exclusiva para o Google, tanto no Brasil quanto nos Estados Unidos. No curr\u00edculo, tamb\u00e9m carrega reconhecimentos como Cannes Lions, Webby Awards e El Ojo.<\/div>\n<div style=\"text-align: justify;\"><\/div>\n<div style=\"text-align: justify;\">Outra grande presen\u00e7a confirmada \u00e9 Conceiy\u00e7\u00e3o Montserrat. Com mais de tr\u00eas d\u00e9cadas de experi\u00eancia, sua trajet\u00f3ria profissional \u00e9 marcada pela lideran\u00e7a em grandes projetos para investimentos e investidores em diferentes setores. Sua empresa, a Conceiy\u00e7\u00e3o Montserrat Gest\u00e3o e Neg\u00f3cios, j\u00e1 recebeu in\u00fameros reconhecimentos nacionais e internacionais.<\/div>\n<div style=\"text-align: justify;\"><\/div>\n<div style=\"text-align: justify;\">Tamb\u00e9m se destaca Kawe Godoi, arquiteto e rela\u00e7\u00f5es p\u00fablicas que construiu uma carreira vers\u00e1til unindo suas habilidades t\u00e9cnicas \u00e0 comunica\u00e7\u00e3o estrat\u00e9gica. Iniciou como arquiteto e logo migrou para o setor comercial e de relacionamento. Sua atua\u00e7\u00e3o em Rela\u00e7\u00f5es P\u00fablicas o levou a facilitar negocia\u00e7\u00f5es e organizar eventos no setor da constru\u00e7\u00e3o. Com forte capacidade de networking, expandiu sua atua\u00e7\u00e3o para Goi\u00e2nia e S\u00e3o Paulo, consolidando-se como um profissional reconhecido em parcerias e conex\u00f5es estrat\u00e9gicas.<\/div>\n<div style=\"text-align: justify;\"><\/div>\n<div style=\"text-align: justify;\">J\u00e1 Ricardo Marques traz uma abordagem inspiradora sobre qualidade de atendimento com base na metodologia Disney. Graduado em Sistemas de Informa\u00e7\u00e3o e p\u00f3s-graduado em Varejo F\u00edsico e Online pela USP, \u00e9 autor do livro A Magia Disney de Atendimento e criador do curso online com o mesmo nome. \u00c9 empres\u00e1rio na \u00e1rea de tecnologia e fundador da empresa Evolu\u00e7\u00e3o do Varejo, que fornece sistemas de controle de vendas e gest\u00e3o para lojas e restaurantes. Recentemente, lan\u00e7ou o Darwin IA, um sistema inovador de agentes de intelig\u00eancia artificial humanizados que unem tecnologia de ponta com empatia no atendimento.<\/div>\n<div style=\"text-align: justify;\"><\/div>\n<div style=\"text-align: justify;\">Al\u00e9m desses, a Expo DeConcrete contar\u00e1 com outros palestrantes de renome em uma programa\u00e7\u00e3o intensa durante os tr\u00eas dias de evento.<\/div>\n<div style=\"text-align: justify;\"><\/div>\n<div style=\"text-align: justify;\">*Conex\u00e3o real entre empresas e profissionais*<\/div>\n<div style=\"text-align: justify;\">A Expo DeConcrete tamb\u00e9m aposta no relacionamento estrat\u00e9gico como um dos principais destaques do evento. Por meio de uma plataforma de networking, os participantes ter\u00e3o acesso a rodadas de neg\u00f3cios com agenda pr\u00e9-organizada, al\u00e9m de um lounge exclusivo para expositores. &#8220;Nosso objetivo \u00e9 facilitar conex\u00f5es entre todos os elos da cadeia produtiva, fomentando alian\u00e7as duradouras e estimulando novos modelos de neg\u00f3cio&#8221;, destaca Nogueira.<\/div>\n<div style=\"text-align: justify;\">\n<div><\/div>\n<div>*Expo DeConcrete 2025*<\/div>\n<div>Data: 15 a 17 de maio de 2025<\/div>\n<div>Hor\u00e1rio: das 10h \u00e0s 20h<\/div>\n<div>Local: UZNA, Av. Liberdade, 5.005 &#8211; Iporanga, Sorocaba \u2013 SP<\/div>\n<div>Entrada gratuita.<\/div>\n<div>Inscri\u00e7\u00f5es: Sympla<\/div>\n<div>Mais informa\u00e7\u00f5es:\u00a0<a href=\"http:\/\/expodeconcrete.com.br\/\" target=\"_blank\" rel=\"noopener noreferrer\">expodeconcrete.com.br<\/a><\/div>\n<\/div>\n<p style=\"text-align: justify;\">\n","protected":false},"excerpt":{"rendered":"<p>A feira, com entrada gratuita, promete movimentar o setor da constru\u00e7\u00e3o com inova\u00e7\u00e3o e sustentabilidade_ Abril, 2025 &#8211; De 15 a 17 de maio, Sorocaba ser\u00e1 palco da Expo DeConcrete 2025. Com entrada gratuita, o evento j\u00e1 chega sendo considerado o maior de constru\u00e7\u00e3o e neg\u00f3cios do interior paulista. Realizado no UZNA, em um espa\u00e7o [&hellip;]<\/p>\n","protected":false},"author":1,"featured_media":25418,"comment_status":"open","ping_status":"open","sticky":false,"template":"","format":"standard","meta":{"_uag_custom_page_level_css":"","footnotes":""},"categories":[33],"tags":[2826,27430,27431,11378],"class_list":["post-25417","post","type-post","status-publish","format-standard","has-post-thumbnail","hentry","category-mercado","tag-construcao-civil","tag-expo-deconcrete-2025","tag-marcelo-tas","tag-sorocaba"],"blocksy_meta":[],"spectra_blocks_featured_image_url":{"thumbnail":{"url":"https:\/\/construcaocivil.siriusmarketingedesign.com.br\/wp-content\/uploads\/2025\/04\/IMG_0603-5-150x150.jpeg","width":150,"height":150},"medium":{"url":"https:\/\/construcaocivil.siriusmarketingedesign.com.br\/wp-content\/uploads\/2025\/04\/IMG_0603-5-200x300.jpeg","width":200,"height":300},"medium_large":{"url":"https:\/\/construcaocivil.siriusmarketingedesign.com.br\/wp-content\/uploads\/2025\/04\/IMG_0603-5-768x1152.jpeg","width":768,"height":1152},"large":{"url":"https:\/\/construcaocivil.siriusmarketingedesign.com.br\/wp-content\/uploads\/2025\/04\/IMG_0603-5-683x1024.jpeg","width":683,"height":1024},"full":{"url":"https:\/\/construcaocivil.siriusmarketingedesign.com.br\/wp-content\/uploads\/2025\/04\/IMG_0603-5-scaled.jpeg","width":1706,"height":2560}},"spectra_blocks_author_info":{"display_name":"Jornal da Constru\u00e7\u00e3o Civil","avatar_url":"https:\/\/secure.gravatar.com\/avatar\/973c9774fd44ddaceb026973c4962faa70fc512bc4c9da68e8ebb40fecee6540?s=96&d=mm&r=g","author_link":"https:\/\/construcaocivil.siriusmarketingedesign.com.br\/?author=1","description":"Desde de 2013, levando muitas informa\u00e7\u00f5es, lan\u00e7amentos e produtos de qualidade para toda cadeia produtiva da constru\u00e7\u00e3o. O Futuro da constru\u00e7\u00e3o passa por aqui,"},"uagb_featured_image_src":{"full":["https:\/\/construcaocivil.siriusmarketingedesign.com.br\/wp-content\/uploads\/2025\/04\/IMG_0603-5-scaled.jpeg",1706,2560,false],"thumbnail":["https:\/\/construcaocivil.siriusmarketingedesign.com.br\/wp-content\/uploads\/2025\/04\/IMG_0603-5-150x150.jpeg",150,150,true],"medium":["https:\/\/construcaocivil.siriusmarketingedesign.com.br\/wp-content\/uploads\/2025\/04\/IMG_0603-5-200x300.jpeg",200,300,true],"medium_large":["https:\/\/construcaocivil.siriusmarketingedesign.com.br\/wp-content\/uploads\/2025\/04\/IMG_0603-5-768x1152.jpeg",768,1152,true],"large":["https:\/\/construcaocivil.siriusmarketingedesign.com.br\/wp-content\/uploads\/2025\/04\/IMG_0603-5-683x1024.jpeg",683,1024,true],"1536x1536":["https:\/\/construcaocivil.siriusmarketingedesign.com.br\/wp-content\/uploads\/2025\/04\/IMG_0603-5-1024x1536.jpeg",1024,1536,true],"2048x2048":["https:\/\/construcaocivil.siriusmarketingedesign.com.br\/wp-content\/uploads\/2025\/04\/IMG_0603-5-1365x2048.jpeg",1365,2048,true]},"uagb_author_info":{"display_name":"Jornal da Constru\u00e7\u00e3o Civil","author_link":"https:\/\/construcaocivil.siriusmarketingedesign.com.br\/?author=1"},"uagb_comment_info":0,"uagb_excerpt":"A feira, com entrada gratuita, promete movimentar o setor da constru\u00e7\u00e3o com inova\u00e7\u00e3o e sustentabilidade_ Abril, 2025 &#8211; De 15 a 17 de maio, Sorocaba ser\u00e1 palco da Expo DeConcrete 2025. Com entrada gratuita, o evento j\u00e1 chega sendo considerado o maior de constru\u00e7\u00e3o e neg\u00f3cios do interior paulista. Realizado no UZNA, em um espa\u00e7o&hellip;","_links":{"self":[{"href":"https:\/\/construcaocivil.siriusmarketingedesign.com.br\/index.php?rest_route=\/wp\/v2\/posts\/25417","targetHints":{"allow":["GET"]}}],"collection":[{"href":"https:\/\/construcaocivil.siriusmarketingedesign.com.br\/index.php?rest_route=\/wp\/v2\/posts"}],"about":[{"href":"https:\/\/construcaocivil.siriusmarketingedesign.com.br\/index.php?rest_route=\/wp\/v2\/types\/post"}],"author":[{"embeddable":true,"href":"https:\/\/construcaocivil.siriusmarketingedesign.com.br\/index.php?rest_route=\/wp\/v2\/users\/1"}],"replies":[{"embeddable":true,"href":"https:\/\/construcaocivil.siriusmarketingedesign.com.br\/index.php?rest_route=%2Fwp%2Fv2%2Fcomments&post=25417"}],"version-history":[{"count":0,"href":"https:\/\/construcaocivil.siriusmarketingedesign.com.br\/index.php?rest_route=\/wp\/v2\/posts\/25417\/revisions"}],"wp:featuredmedia":[{"embeddable":true,"href":"https:\/\/construcaocivil.siriusmarketingedesign.com.br\/index.php?rest_route=\/wp\/v2\/media\/25418"}],"wp:attachment":[{"href":"https:\/\/construcaocivil.siriusmarketingedesign.com.br\/index.php?rest_route=%2Fwp%2Fv2%2Fmedia&parent=25417"}],"wp:term":[{"taxonomy":"category","embeddable":true,"href":"https:\/\/construcaocivil.siriusmarketingedesign.com.br\/index.php?rest_route=%2Fwp%2Fv2%2Fcategories&post=25417"},{"taxonomy":"post_tag","embeddable":true,"href":"https:\/\/construcaocivil.siriusmarketingedesign.com.br\/index.php?rest_route=%2Fwp%2Fv2%2Ftags&post=25417"}],"curies":[{"name":"wp","href":"https:\/\/api.w.org\/{rel}","templated":true}]}}