{"id":25421,"date":"2025-04-17T00:09:53","date_gmt":"2025-04-17T03:09:53","guid":{"rendered":"https:\/\/www.jornaldaconstrucaocivil.com.br\/?p=25421"},"modified":"2025-04-17T00:09:53","modified_gmt":"2025-04-17T03:09:53","slug":"conselho-do-fgts-aprova-criacao-de-nova-faixa-do-minha-casa-minha-vida-voltada-a-classe-media","status":"publish","type":"post","link":"https:\/\/construcaocivil.siriusmarketingedesign.com.br\/?p=25421","title":{"rendered":"Conselho do FGTS aprova cria\u00e7\u00e3o de nova faixa do Minha Casa, Minha Vida voltada \u00e0 classe m\u00e9dia"},"content":{"rendered":"<div>\n<h4>Boletim ABRAINC<\/h4>\n<h4 class=\"ql-align-center\" style=\"text-align: justify;\"><em>Foram aprovadas tamb\u00e9m a atualiza\u00e7\u00e3o da renda das faixas existentes e novos tetos para os im\u00f3veis em munic\u00edpios menores<\/em><\/h4>\n<p class=\"ql-align-justify\" style=\"text-align: justify;\"><span style=\"color: #008080;\">Abril<\/span>, 2025 &#8211; O Conselho Curador do FGTS (CCFGTS) aprovou nesta ter\u00e7a-feira (15\/4) um conjunto de importantes mudan\u00e7as no Minha Casa, Minha Vida (MCMV), como a atualiza\u00e7\u00e3o das faixas de renda, novos tetos para os im\u00f3veis em munic\u00edpios menores e a cria\u00e7\u00e3o da faixa 4, destinada para a classe m\u00e9dia.<\/p>\n<p class=\"ql-align-justify\" style=\"text-align: justify;\"><strong>Atualiza\u00e7\u00e3o das faixas de renda<\/strong><\/p>\n<ul style=\"text-align: justify;\">\n<li class=\"ql-align-justify\"><strong>Faixa 1:<\/strong>\u00a0renda subir\u00e1 de R$ 2.640 para R$ 2.850 mensais;<\/li>\n<li class=\"ql-align-justify\"><strong>Faixa 2:<\/strong>\u00a0de R$ 4.400 mil para R$ 4.700 mil;<\/li>\n<li class=\"ql-align-justify\"><strong>Faixa 3:\u00a0<\/strong>de R$ 8.000 para R$ 8.600.<\/li>\n<\/ul>\n<p class=\"ql-align-justify\" style=\"text-align: justify;\">Segundo estimativas da CAIXA, as mudan\u00e7as devem beneficiar 100 mil fam\u00edlias nas faixas 1 e 2, al\u00e9m de incluir outras 15 mil na faixa 3. Um aporte de R$ 15 bilh\u00f5es do fundo social do pr\u00e9-sal refor\u00e7ar\u00e1 o or\u00e7amento da faixa 3.<\/p>\n<p class=\"ql-align-justify\" style=\"text-align: justify;\"><strong>Cria\u00e7\u00e3o da Faixa 4<\/strong><\/p>\n<p class=\"ql-align-justify\" style=\"text-align: justify;\">Com a inclus\u00e3o dos recursos do fundo social do pr\u00e9-sal, o CCFGTS aprovou a cria\u00e7\u00e3o da Faixa 4, destinada a fam\u00edlias com renda de at\u00e9 R$ 12 mil. Essa nova faixa permitir\u00e1 financiamentos de im\u00f3veis de at\u00e9 R$ 500 mil, com taxa de juros de 10% ao ano e prazo de at\u00e9 420 meses. O or\u00e7amento previsto \u00e9 de R$ 30 bilh\u00f5es, sendo metade de recursos do FGTS e metade de fontes privadas. A expectativa \u00e9 atender 120 mil fam\u00edlias.<\/p>\n<p class=\"ql-align-justify\" style=\"text-align: justify;\"><strong>Atualiza\u00e7\u00e3o dos tetos nos munic\u00edpios menores<\/strong><\/p>\n<p class=\"ql-align-justify\" style=\"text-align: justify;\">Outro avan\u00e7o foi a equipara\u00e7\u00e3o dos tetos dos im\u00f3veis para munic\u00edpios com at\u00e9 100 mil habitantes, que passam a adotar o mesmo limite de munic\u00edpios de at\u00e9 300 mil habitantes.<\/p>\n<p class=\"ql-align-justify\" style=\"text-align: justify;\"><strong>Equipara\u00e7\u00e3o das faixas<\/strong><\/p>\n<p class=\"ql-align-justify\" style=\"text-align: justify;\">Os benefici\u00e1rios das faixas 1 e 2 tamb\u00e9m passam a contar com teto de financiamento de at\u00e9 R$ 350 mil, nas mesmas condi\u00e7\u00f5es da Faixa 3. Nesse caso, sem acesso a subs\u00eddios.<\/p>\n<p class=\"ql-align-justify\" style=\"text-align: justify;\">O\u00a0<strong>presidente da ABRAINC, Luiz Fran\u00e7a<\/strong>, avalia que\u00a0as mudan\u00e7as s\u00e3o um avan\u00e7o significativo na pol\u00edtica de habita\u00e7\u00e3o do pa\u00eds. &#8220;Com as atualiza\u00e7\u00f5es aprovadas e a cria\u00e7\u00e3o da Faixa 4, o Minha Casa, Minha Vida passa a atender um p\u00fablico ainda maior, trazendo condi\u00e7\u00f5es mais justas e acess\u00edveis para a classe m\u00e9dia realizar o sonho da casa pr\u00f3pria&#8221;.<\/p>\n<p class=\"ql-align-justify\" style=\"text-align: justify;\">De acordo com Fran\u00e7a, as medidas s\u00e3o fundamentais para reduzir o d\u00e9ficit habitacional, incentivar novos empreendimentos \u2014 que trar\u00e3o mais desenvolvimento para as cidades \u2013, e incluir no financiamento habitacional centenas de milhares de fam\u00edlias brasileiras que n\u00e3o conseguem financiar hoje pelo SBPE por conta dos juros elevados.<\/p>\n<p class=\"ql-align-justify\" style=\"text-align: justify;\"><strong>A ABRAINC teve papel fundamental na articula\u00e7\u00e3o dessas atualiza\u00e7\u00f5es no MCMV, contribuindo para a constru\u00e7\u00e3o de solu\u00e7\u00f5es que ampliam o acesso \u00e0 moradia e fortalecem o setor.<\/strong><\/p>\n<p class=\"ql-align-justify\" style=\"text-align: justify;\"><em>Reda\u00e7\u00e3o ABRAINC<\/em><\/p>\n<\/div>\n","protected":false},"excerpt":{"rendered":"<p>Boletim ABRAINC Foram aprovadas tamb\u00e9m a atualiza\u00e7\u00e3o da renda das faixas existentes e novos tetos para os im\u00f3veis em munic\u00edpios menores Abril, 2025 &#8211; O Conselho Curador do FGTS (CCFGTS) aprovou nesta ter\u00e7a-feira (15\/4) um conjunto de importantes mudan\u00e7as no Minha Casa, Minha Vida (MCMV), como a atualiza\u00e7\u00e3o das faixas de renda, novos tetos para [&hellip;]<\/p>\n","protected":false},"author":1,"featured_media":25422,"comment_status":"open","ping_status":"open","sticky":false,"template":"","format":"standard","meta":{"_uag_custom_page_level_css":"","footnotes":""},"categories":[30],"tags":[19531,27433,25551,22803,27432],"class_list":["post-25421","post","type-post","status-publish","format-standard","has-post-thumbnail","hentry","category-imoveis","tag-abrainc","tag-casa-propria-faixa-4","tag-fgts-caixa","tag-juros-altos","tag-mcmv-classe-media"],"blocksy_meta":[],"spectra_blocks_featured_image_url":{"thumbnail":{"url":"https:\/\/construcaocivil.siriusmarketingedesign.com.br\/wp-content\/uploads\/2025\/04\/Classe-Media-150x150.jpg","width":150,"height":150},"medium":{"url":"https:\/\/construcaocivil.siriusmarketingedesign.com.br\/wp-content\/uploads\/2025\/04\/Classe-Media-300x281.jpg","width":300,"height":281},"medium_large":{"url":"https:\/\/construcaocivil.siriusmarketingedesign.com.br\/wp-content\/uploads\/2025\/04\/Classe-Media.jpg","width":681,"height":637},"large":{"url":"https:\/\/construcaocivil.siriusmarketingedesign.com.br\/wp-content\/uploads\/2025\/04\/Classe-Media.jpg","width":681,"height":637},"full":{"url":"https:\/\/construcaocivil.siriusmarketingedesign.com.br\/wp-content\/uploads\/2025\/04\/Classe-Media.jpg","width":681,"height":637}},"spectra_blocks_author_info":{"display_name":"Jornal da Constru\u00e7\u00e3o Civil","avatar_url":"https:\/\/secure.gravatar.com\/avatar\/973c9774fd44ddaceb026973c4962faa70fc512bc4c9da68e8ebb40fecee6540?s=96&d=mm&r=g","author_link":"https:\/\/construcaocivil.siriusmarketingedesign.com.br\/?author=1","description":"Desde de 2013, levando muitas informa\u00e7\u00f5es, lan\u00e7amentos e produtos de qualidade para toda cadeia produtiva da constru\u00e7\u00e3o. O Futuro da constru\u00e7\u00e3o passa por aqui,"},"uagb_featured_image_src":{"full":["https:\/\/construcaocivil.siriusmarketingedesign.com.br\/wp-content\/uploads\/2025\/04\/Classe-Media.jpg",681,637,false],"thumbnail":["https:\/\/construcaocivil.siriusmarketingedesign.com.br\/wp-content\/uploads\/2025\/04\/Classe-Media-150x150.jpg",150,150,true],"medium":["https:\/\/construcaocivil.siriusmarketingedesign.com.br\/wp-content\/uploads\/2025\/04\/Classe-Media-300x281.jpg",300,281,true],"medium_large":["https:\/\/construcaocivil.siriusmarketingedesign.com.br\/wp-content\/uploads\/2025\/04\/Classe-Media.jpg",681,637,false],"large":["https:\/\/construcaocivil.siriusmarketingedesign.com.br\/wp-content\/uploads\/2025\/04\/Classe-Media.jpg",681,637,false],"1536x1536":["https:\/\/construcaocivil.siriusmarketingedesign.com.br\/wp-content\/uploads\/2025\/04\/Classe-Media.jpg",681,637,false],"2048x2048":["https:\/\/construcaocivil.siriusmarketingedesign.com.br\/wp-content\/uploads\/2025\/04\/Classe-Media.jpg",681,637,false]},"uagb_author_info":{"display_name":"Jornal da Constru\u00e7\u00e3o Civil","author_link":"https:\/\/construcaocivil.siriusmarketingedesign.com.br\/?author=1"},"uagb_comment_info":0,"uagb_excerpt":"Boletim ABRAINC Foram aprovadas tamb\u00e9m a atualiza\u00e7\u00e3o da renda das faixas existentes e novos tetos para os im\u00f3veis em munic\u00edpios menores Abril, 2025 &#8211; O Conselho Curador do FGTS (CCFGTS) aprovou nesta ter\u00e7a-feira (15\/4) um conjunto de importantes mudan\u00e7as no Minha Casa, Minha Vida (MCMV), como a atualiza\u00e7\u00e3o das faixas de renda, novos tetos para&hellip;","_links":{"self":[{"href":"https:\/\/construcaocivil.siriusmarketingedesign.com.br\/index.php?rest_route=\/wp\/v2\/posts\/25421","targetHints":{"allow":["GET"]}}],"collection":[{"href":"https:\/\/construcaocivil.siriusmarketingedesign.com.br\/index.php?rest_route=\/wp\/v2\/posts"}],"about":[{"href":"https:\/\/construcaocivil.siriusmarketingedesign.com.br\/index.php?rest_route=\/wp\/v2\/types\/post"}],"author":[{"embeddable":true,"href":"https:\/\/construcaocivil.siriusmarketingedesign.com.br\/index.php?rest_route=\/wp\/v2\/users\/1"}],"replies":[{"embeddable":true,"href":"https:\/\/construcaocivil.siriusmarketingedesign.com.br\/index.php?rest_route=%2Fwp%2Fv2%2Fcomments&post=25421"}],"version-history":[{"count":0,"href":"https:\/\/construcaocivil.siriusmarketingedesign.com.br\/index.php?rest_route=\/wp\/v2\/posts\/25421\/revisions"}],"wp:featuredmedia":[{"embeddable":true,"href":"https:\/\/construcaocivil.siriusmarketingedesign.com.br\/index.php?rest_route=\/wp\/v2\/media\/25422"}],"wp:attachment":[{"href":"https:\/\/construcaocivil.siriusmarketingedesign.com.br\/index.php?rest_route=%2Fwp%2Fv2%2Fmedia&parent=25421"}],"wp:term":[{"taxonomy":"category","embeddable":true,"href":"https:\/\/construcaocivil.siriusmarketingedesign.com.br\/index.php?rest_route=%2Fwp%2Fv2%2Fcategories&post=25421"},{"taxonomy":"post_tag","embeddable":true,"href":"https:\/\/construcaocivil.siriusmarketingedesign.com.br\/index.php?rest_route=%2Fwp%2Fv2%2Ftags&post=25421"}],"curies":[{"name":"wp","href":"https:\/\/api.w.org\/{rel}","templated":true}]}}