{"id":25426,"date":"2025-04-19T20:54:57","date_gmt":"2025-04-19T23:54:57","guid":{"rendered":"https:\/\/www.jornaldaconstrucaocivil.com.br\/?p=25426"},"modified":"2025-04-19T20:54:57","modified_gmt":"2025-04-19T23:54:57","slug":"novo-derrame-de-oleo-avistado-dia-19-na-baia-de-guanabara","status":"publish","type":"post","link":"https:\/\/construcaocivil.siriusmarketingedesign.com.br\/?p=25426","title":{"rendered":"Novo derrame de \u00f3leo avistado dia 19 na Ba\u00eda de Guanabara"},"content":{"rendered":"<div class=\"post-content\">\n<p style=\"text-align: justify;\">Abril, 2025 &#8211; Hoje, 19 de abril, por volta das 6h, os pescadores da Ilha do Governador (RJ) filmaram manchas de novo vazamento de \u00f3leo mar poluindo as \u00e1guas da Ba\u00eda de Guanabara, as redes ficaram manchadas de \u00f3leo e h\u00e1 risco deste poluente entrar na \u00e1rea de manguezal do Rio Jequi\u00e1. A \u00e1rea \u00e9 uma Unidade de Conserva\u00e7\u00e3o Ambiental municipal, a \u00c1rea de Prote\u00e7\u00e3o Ambiental e Recupera\u00e7\u00e3o Urbana (APARU) do Jequi\u00e1, criada pelo Decreto no. 12.250\/1993, com apoio do movimento Ba\u00eda Viva, e que abrange uma \u00e1rea com rica biodiversidade e avifauna com 147 hectares, sendo um dos \u00faltimos remanescentes de manguezal de toda a Ba\u00eda de Guanabara.<\/p>\n<p style=\"text-align: justify;\">A mancha de \u00f3leo foi filmada por pescadores da Col\u00f4nia de Pesca Z-10, da Ilha do Governador, em frente \u00e0 Ilha Seca e foz do Rio Jequi\u00e1, numa regi\u00e3o onde est\u00e3o localizadas v\u00e1rias unidades industriais e terminais de petr\u00f3leo: empresa poluidora COSAN (RAIZEN \u2013 MOOVE) que em fevereiro provocou grande inc\u00eandio nos tanques de combust\u00edvel ao lado de resid\u00eancias no bairro residencial da Ribeira e tem duas unidades industriais altamente perigosas neste local.<\/p>\n<h4 class=\"fusion-responsive-typography-calculated\" style=\"text-align: justify;\" data-fontsize=\"22\" data-lineheight=\"41.14px\"><a href=\"https:\/\/baiaviva.org.br\/baia-viva-pede-reabertura-do-inquerito-contra-cosan\/\" target=\"_blank\" rel=\"noopener\">Veja aqui a nossa mat\u00e9ria exclusiva no inc\u00eandio da COSAN<\/a><\/h4>\n<p style=\"text-align: justify;\">Outras presen\u00e7as na regi\u00e3o, al\u00e9m da COSAN, s\u00e3o o terminal de combust\u00edvel da Esta\u00e7\u00e3o R\u00e1dio da Marinha situada na Ponta do Matoso (dentro da \u00e1rea da APARU do Rio Jequi\u00e1) e mais distante est\u00e1 localizado o Terminal da Ilha D\u2019\u00e1gua,\u00a0 da Transpetro.<\/p>\n<p style=\"text-align: justify;\">O Movimento Ba\u00eda Viva, a pedido dos pescadores artesanais, acionou nesta manh\u00e3 a Capitania dos Portos do Rio de Janeiro (Marinha do Brasil), o Instituto Estadual do Ambiente (INEA-RJ) e o IBAMA para que fa\u00e7am imediatamente uma vistoria ao local junto com os pescadores e pescadoras, e atuem na identifica\u00e7\u00e3o da origem de mais esta den\u00fancia.<\/p>\n<p style=\"text-align: justify;\">\u201d Infelizmente, sucessivos vazamentos de \u00f3leo no mar v\u00eam contaminando \u00e1reas de manguezais que s\u00e3o territ\u00f3rios pesqueiros, o que vem amea\u00e7ando a biodiversidade marinha e reduzindo a produtividade pesqueira que \u00e9 a principal fonte de alimenta\u00e7\u00e3o e seguran\u00e7a alimentar das comunidades pesqueiras e sua fonte de renda familiar.<br \/>\nFalta uma fiscaliza\u00e7\u00e3o preventiva por parte dos \u00f3rg\u00e3os p\u00fablicos que deveria ser feita em coopera\u00e7\u00e3o com os pescadores artesanais que diariamente tentam tirar seu sustento do mar\u201d disse o coordenador do BV, S\u00e9rgio Ricardo Potiguara.<\/p>\n<div class=\"fusion-video fusion-selfhosted-video\" style=\"text-align: justify;\">\n<div class=\"video-wrapper\">Por <span class=\"vcard\"><span class=\"fn\"><a title=\"Posts de GT Com\" href=\"https:\/\/baiaviva.org.br\/author\/alexbv\/\" rel=\"author\">GT Com<\/a><\/span><\/span><span class=\"fusion-inline-sep\">|<\/span>abril 19th, 2025<span class=\"fusion-inline-sep\">|<\/span><a href=\"https:\/\/baiaviva.org.br\/category\/noticias\/\" rel=\"category tag\">Not\u00edcias<\/a><span class=\"fusion-inline-sep\">|<\/span><span class=\"fusion-comments\"><a href=\"https:\/\/baiaviva.org.br\/nova-denuncia-de-oleo-na-baia\/#respond\">0 Coment\u00e1rios<\/a><\/span><\/div>\n<\/div>\n<\/div>\n<div class=\"fusion-sharing-box fusion-theme-sharing-box fusion-single-sharing-box\">\n<h4 class=\"fusion-responsive-typography-calculated\" style=\"text-align: justify;\" data-fontsize=\"22\" data-lineheight=\"41.14px\"><\/h4>\n<div class=\"fusion-social-networks\"><\/div>\n<\/div>\n","protected":false},"excerpt":{"rendered":"<p>Abril, 2025 &#8211; Hoje, 19 de abril, por volta das 6h, os pescadores da Ilha do Governador (RJ) filmaram manchas de novo vazamento de \u00f3leo mar poluindo as \u00e1guas da Ba\u00eda de Guanabara, as redes ficaram manchadas de \u00f3leo e h\u00e1 risco deste poluente entrar na \u00e1rea de manguezal do Rio Jequi\u00e1. A \u00e1rea \u00e9 [&hellip;]<\/p>\n","protected":false},"author":1,"featured_media":25428,"comment_status":"open","ping_status":"open","sticky":false,"template":"","format":"standard","meta":{"_uag_custom_page_level_css":"","footnotes":""},"categories":[37],"tags":[27435,1169,27437,27434,5838,5887,16294,27436],"class_list":["post-25426","post","type-post","status-publish","format-standard","has-post-thumbnail","hentry","category-sustentabilidade","tag-aguas-poluidas-com-oleo","tag-baia-de-guanabara","tag-cosan-raizen-moove","tag-derrame-de-oleo","tag-ibama","tag-ilha-do-governador","tag-inea-rj","tag-vida-marinha-em-perigo"],"blocksy_meta":[],"spectra_blocks_featured_image_url":{"thumbnail":{"url":"https:\/\/construcaocivil.siriusmarketingedesign.com.br\/wp-content\/uploads\/2025\/04\/original_alert-150x150.png","width":150,"height":150},"medium":{"url":"https:\/\/construcaocivil.siriusmarketingedesign.com.br\/wp-content\/uploads\/2025\/04\/original_alert-300x147.png","width":300,"height":147},"medium_large":{"url":"https:\/\/construcaocivil.siriusmarketingedesign.com.br\/wp-content\/uploads\/2025\/04\/original_alert.png","width":533,"height":262},"large":{"url":"https:\/\/construcaocivil.siriusmarketingedesign.com.br\/wp-content\/uploads\/2025\/04\/original_alert.png","width":533,"height":262},"full":{"url":"https:\/\/construcaocivil.siriusmarketingedesign.com.br\/wp-content\/uploads\/2025\/04\/original_alert.png","width":533,"height":262}},"spectra_blocks_author_info":{"display_name":"Jornal da Constru\u00e7\u00e3o Civil","avatar_url":"https:\/\/secure.gravatar.com\/avatar\/973c9774fd44ddaceb026973c4962faa70fc512bc4c9da68e8ebb40fecee6540?s=96&d=mm&r=g","author_link":"https:\/\/construcaocivil.siriusmarketingedesign.com.br\/?author=1","description":"Desde de 2013, levando muitas informa\u00e7\u00f5es, lan\u00e7amentos e produtos de qualidade para toda cadeia produtiva da constru\u00e7\u00e3o. O Futuro da constru\u00e7\u00e3o passa por aqui,"},"uagb_featured_image_src":{"full":["https:\/\/construcaocivil.siriusmarketingedesign.com.br\/wp-content\/uploads\/2025\/04\/original_alert.png",533,262,false],"thumbnail":["https:\/\/construcaocivil.siriusmarketingedesign.com.br\/wp-content\/uploads\/2025\/04\/original_alert-150x150.png",150,150,true],"medium":["https:\/\/construcaocivil.siriusmarketingedesign.com.br\/wp-content\/uploads\/2025\/04\/original_alert-300x147.png",300,147,true],"medium_large":["https:\/\/construcaocivil.siriusmarketingedesign.com.br\/wp-content\/uploads\/2025\/04\/original_alert.png",533,262,false],"large":["https:\/\/construcaocivil.siriusmarketingedesign.com.br\/wp-content\/uploads\/2025\/04\/original_alert.png",533,262,false],"1536x1536":["https:\/\/construcaocivil.siriusmarketingedesign.com.br\/wp-content\/uploads\/2025\/04\/original_alert.png",533,262,false],"2048x2048":["https:\/\/construcaocivil.siriusmarketingedesign.com.br\/wp-content\/uploads\/2025\/04\/original_alert.png",533,262,false]},"uagb_author_info":{"display_name":"Jornal da Constru\u00e7\u00e3o Civil","author_link":"https:\/\/construcaocivil.siriusmarketingedesign.com.br\/?author=1"},"uagb_comment_info":0,"uagb_excerpt":"Abril, 2025 &#8211; Hoje, 19 de abril, por volta das 6h, os pescadores da Ilha do Governador (RJ) filmaram manchas de novo vazamento de \u00f3leo mar poluindo as \u00e1guas da Ba\u00eda de Guanabara, as redes ficaram manchadas de \u00f3leo e h\u00e1 risco deste poluente entrar na \u00e1rea de manguezal do Rio Jequi\u00e1. A \u00e1rea \u00e9&hellip;","_links":{"self":[{"href":"https:\/\/construcaocivil.siriusmarketingedesign.com.br\/index.php?rest_route=\/wp\/v2\/posts\/25426","targetHints":{"allow":["GET"]}}],"collection":[{"href":"https:\/\/construcaocivil.siriusmarketingedesign.com.br\/index.php?rest_route=\/wp\/v2\/posts"}],"about":[{"href":"https:\/\/construcaocivil.siriusmarketingedesign.com.br\/index.php?rest_route=\/wp\/v2\/types\/post"}],"author":[{"embeddable":true,"href":"https:\/\/construcaocivil.siriusmarketingedesign.com.br\/index.php?rest_route=\/wp\/v2\/users\/1"}],"replies":[{"embeddable":true,"href":"https:\/\/construcaocivil.siriusmarketingedesign.com.br\/index.php?rest_route=%2Fwp%2Fv2%2Fcomments&post=25426"}],"version-history":[{"count":0,"href":"https:\/\/construcaocivil.siriusmarketingedesign.com.br\/index.php?rest_route=\/wp\/v2\/posts\/25426\/revisions"}],"wp:featuredmedia":[{"embeddable":true,"href":"https:\/\/construcaocivil.siriusmarketingedesign.com.br\/index.php?rest_route=\/wp\/v2\/media\/25428"}],"wp:attachment":[{"href":"https:\/\/construcaocivil.siriusmarketingedesign.com.br\/index.php?rest_route=%2Fwp%2Fv2%2Fmedia&parent=25426"}],"wp:term":[{"taxonomy":"category","embeddable":true,"href":"https:\/\/construcaocivil.siriusmarketingedesign.com.br\/index.php?rest_route=%2Fwp%2Fv2%2Fcategories&post=25426"},{"taxonomy":"post_tag","embeddable":true,"href":"https:\/\/construcaocivil.siriusmarketingedesign.com.br\/index.php?rest_route=%2Fwp%2Fv2%2Ftags&post=25426"}],"curies":[{"name":"wp","href":"https:\/\/api.w.org\/{rel}","templated":true}]}}