{"id":25439,"date":"2025-04-23T13:02:53","date_gmt":"2025-04-23T16:02:53","guid":{"rendered":"https:\/\/www.jornaldaconstrucaocivil.com.br\/?p=25439"},"modified":"2025-04-23T13:02:53","modified_gmt":"2025-04-23T16:02:53","slug":"de-olho-na-economia-pequenas-empresas-estao-mais-pessimistas-com-a-economia-diz-estudo","status":"publish","type":"post","link":"https:\/\/construcaocivil.siriusmarketingedesign.com.br\/?p=25439","title":{"rendered":"De olho na economia: Pequenas empresas est\u00e3o mais pessimistas com a economia, diz estudo"},"content":{"rendered":"<p style=\"text-align: justify;\"><strong><i>&#8216;Sondagem Omie das Pequenas Empresas&#8217; revela que 51% dos empres\u00e1rios preveem uma piora no mercado a curto prazo, contra 39% registrado na \u00faltima edi\u00e7\u00e3o, em setembro<\/i><\/strong><\/p>\n<div>\n<p style=\"text-align: justify;\">Abril, 2025 &#8211; As pequenas e m\u00e9dias empresas (PMEs) est\u00e3o mais pessimistas com a economia brasileira neste in\u00edcio de ano, revela a quarta edi\u00e7\u00e3o da \u2018Sondagem Omie das Pequenas Empresas\u2019, realizada pela Omie, plataforma de gest\u00e3o (ERP) na nuvem. Atualmente o Brasil conta com mais de 10 milh\u00f5es de micro e pequenas empresas ativas, sendo cerca de 65% optantes pelo Simples Nacional. Esse segmento desempenha um papel relevante na economia brasileira, tanto do ponto de vista de gera\u00e7\u00e3o de PIB, quanto de vagas no mercado de trabalho.<\/p>\n<p style=\"text-align: justify;\">Os dados apontam para um aumento no pessimismo das pequenas empresas quanto \u00e0 evolu\u00e7\u00e3o da economia brasileira no curto prazo, tendo em vista a alta das taxas de juros e o aumento das press\u00f5es inflacion\u00e1rias no pa\u00eds. Entretanto, a maioria dos entrevistados segue com expectativas positivas com rela\u00e7\u00e3o ao crescimento do faturamento e das contrata\u00e7\u00f5es em seus pr\u00f3prios neg\u00f3cios nos pr\u00f3ximos seis meses \u2013 cerca de 84% esperam avan\u00e7o no faturamento de seus neg\u00f3cios no per\u00edodo. Esse resultado, possivelmente, reflete uma perspectiva ainda favor\u00e1vel para a evolu\u00e7\u00e3o do consumo dom\u00e9stico, um componente essencial para o desempenho de diversas atividades do setor de pequenas empresas.<\/p>\n<p style=\"text-align: justify;\">Para Felipe Beraldi, economista e gerente de Indicadores e Estudo Econ\u00f4micos da Omie, \u201co resultado positivo surpreende diante do cen\u00e1rio macroecon\u00f4mico desafiador e das indica\u00e7\u00f5es de desaquecimento do mercado de PMEs, conforme apontado pelo IODE-PMEs nos \u00faltimos meses. No entanto, alguns fatores podem sustentar a vis\u00e3o otimista dos pequenos empreendedores em diversos segmentos, como a continuidade do crescimento da renda real do trabalho e o forte desempenho do Com\u00e9rcio nos \u00faltimos meses\u201d.<\/p>\n<p style=\"text-align: justify;\">Mesmo com o otimismo para os pr\u00f3ximos meses em seus pr\u00f3prios neg\u00f3cios, as pequenas empresas j\u00e1 n\u00e3o sentem o mesmo sobre o ambiente econ\u00f4mico brasileiro. A constante eleva\u00e7\u00e3o das taxas de juros pelo Banco Central e o aumento da infla\u00e7\u00e3o refor\u00e7am a percep\u00e7\u00e3o de uma desacelera\u00e7\u00e3o significativa do PIB em 2025. Como reflexo desse cen\u00e1rio, 51% dos empreendedores preveem uma piora na economia a curto prazo \u2013 aumento em rela\u00e7\u00e3o aos 39% registrados na sondagem de setembro. Por outro lado, apenas 21% dos entrevistados esperam uma melhora nos pr\u00f3ximos meses.<\/p>\n<p style=\"text-align: justify;\"><strong><em>Figura 1:\u00a0<\/em><\/strong><strong>Evolu\u00e7\u00e3o da percep\u00e7\u00e3o de donos e gestores de pequenas empresas sobre o ambiente econ\u00f4mico dom\u00e9stico<\/strong><strong><br \/>\n<\/strong><em>Em rela\u00e7\u00e3o \u00e0 economia brasileira, qual \u00e9 a sua expectativa para os pr\u00f3ximos seis meses?<\/em><\/p>\n<p style=\"text-align: justify;\"><em><img loading=\"lazy\" decoding=\"async\" src=\"https:\/\/files.pressmanager.net\/clientes\/c70a92f0abb0a029940c88856fa030b8\/imagens\/2025\/04\/22\/6045895c46f2c87e2cf4585bb20cfe93_medium.jpg\" width=\"300\" height=\"87\" \/><\/em><\/p>\n<p style=\"text-align: justify;\"><strong>Fonte: Sondagem Omie das Pequenas Empresas.<\/strong><\/p>\n<p style=\"text-align: justify;\">Em rela\u00e7\u00e3o ao mercado de trabalho, a sondagem traz expectativas positivas das pequenas empresas. O estudo revela que 43% dos respondentes esperam abrir novas vagas nos pr\u00f3ximos meses, percentual acima dos 37% observados na sondagem de setembro\/24. Al\u00e9m disso, 29% se mostraram propensos a buscar pessoas no mercado caso haja necessidade de reposi\u00e7\u00e3o da equipe atual e 28% n\u00e3o esperam realizar contrata\u00e7\u00f5es a curto prazo \u2013 redu\u00e7\u00e3o em compara\u00e7\u00e3o aos 36% do levantamento anterior.<\/p>\n<p style=\"text-align: justify;\">Al\u00e9m de coletar as expectativas, a sondagem tamb\u00e9m busca compreender a situa\u00e7\u00e3o atual das pequenas empresas. No que se refere ao faturamento, 52% relataram crescimento nos \u00faltimos meses, embora haja um equil\u00edbrio significativo com aqueles que indicaram estagna\u00e7\u00e3o ou retra\u00e7\u00e3o (48%). Esse movimento est\u00e1 em linha com os dados recentes do IODE-PMEs, que registrou um crescimento modesto de 3% na compara\u00e7\u00e3o ano a ano no acumulado dos \u00faltimos seis meses at\u00e9 fevereiro de 2025. \u201cAs leituras mais recentes do \u00edndice, a partir de dezembro de 2024, apontam para um desaquecimento do mercado, especialmente nos setores de Servi\u00e7os e Ind\u00fastria, o que refor\u00e7a o elevado n\u00famero de respostas no campo mais pessimista, de estagna\u00e7\u00e3o ou retra\u00e7\u00e3o do faturamento\u201d, explica Beraldi.<\/p>\n<p style=\"text-align: justify;\">Assim como no ano passado, os custos e despesas dos pequenos neg\u00f3cios aumentaram, segundo 80% dos participantes. A consist\u00eancia das respostas entre as duas \u00faltimas edi\u00e7\u00f5es est\u00e1 em linha com o atual cen\u00e1rio econ\u00f4mico, marcado por uma infla\u00e7\u00e3o pressionada e expectativas em alta.<\/p>\n<p style=\"text-align: justify;\">Esse contexto, aliado a um mercado de trabalho aquecido e a um novo aumento real do sal\u00e1rio m\u00ednimo neste ano, tem elevado os custos com m\u00e3o de obra para os pequenos empres\u00e1rios. Em mar\u00e7o de 2025, o IGP-M acumulou alta de 8,6% nos \u00faltimos 12 meses, contrastando com a queda de 4,3% registrada no mesmo per\u00edodo de 2024.<\/p>\n<p style=\"text-align: justify;\">Apesar dos desafios relacionados \u00e0 press\u00e3o de custos, as pequenas empresas continuam contratando, ainda que de forma mais contida e com foco na reposi\u00e7\u00e3o de pessoas. Enquanto 54% das empresas realizaram admiss\u00f5es recentemente, apenas metade desse n\u00famero corresponde \u00e0 cria\u00e7\u00e3o de novas vagas. Observa-se tamb\u00e9m um aumento gradual na parcela de empresas que n\u00e3o est\u00e3o contratando, passando de 40% no primeiro semestre de 2024 para 46% nesta edi\u00e7\u00e3o, o que pode sinalizar um cen\u00e1rio de maior cautela e ajustes estrat\u00e9gicos no setor.<\/p>\n<p style=\"text-align: justify;\"><strong>Dores dos empres\u00e1rios<\/strong><\/p>\n<p style=\"text-align: justify;\">A \u00faltima quest\u00e3o da sondagem foi direcionada a entender as principais dores dos pequenos empres\u00e1rios no mercado. Segundo eles, s\u00e3o: \u2018taxas de juros elevadas\u2019 (que aumentou de 41% dos respondentes no ano passado para 45% em 2025), seguida de \u2018altos custos com m\u00e3o de obra\u2019 (que tamb\u00e9m cresceu de 41% para 45%) e \u2018elevada competitividade no segmento\u2019 (42%).<\/p>\n<p style=\"text-align: justify;\">\n<p style=\"text-align: justify;\"><strong><em>Figura 2:\u00a0<\/em><\/strong><strong>Quais elementos do mercado mais dificultam o crescimento da empresa?<\/strong><\/p>\n<p style=\"text-align: justify;\">\u00a0<img loading=\"lazy\" decoding=\"async\" src=\"https:\/\/files.pressmanager.net\/clientes\/c70a92f0abb0a029940c88856fa030b8\/imagens\/2025\/04\/22\/3e275cb451cf3fedd68d6ac7eae1fe55_medium.jpg\" width=\"300\" height=\"149\" \/><\/p>\n<p style=\"text-align: justify;\"><strong>\u00a0Fonte: Sondagem Omie das Pequenas Empresas.\u00a0<\/strong><em>(<\/em><em>Os resultados neste t\u00f3pico refletem o percentual de escolha de cada op\u00e7\u00e3o de resposta, tendo como denominador o total de empresas respondentes da sondagem. Assim, a soma dos percentuais de respostas pode ser maior que 100%, considerando que cada respondente podia escolher at\u00e9 tr\u00eas op\u00e7\u00f5es de resposta.)<\/em><\/p>\n<p style=\"text-align: justify;\">Beraldi explica que esse resultado refor\u00e7a a conjuntura econ\u00f4mica dom\u00e9stica, marcada pelos aumentos da Selic pelo Banco Central e por um mercado de trabalho ainda resiliente (com rendimentos em reais em alta).<\/p>\n<p style=\"text-align: justify;\">Por fim, o tema \u2018falta de capital de giro\u2019 ganha relev\u00e2ncia, com alta de 30% para 36% nesta edi\u00e7\u00e3o do estudo, enquanto a &#8216;fraca demanda do mercado\u2019 diminuiu de 30% para 26%. \u201cEsta perda de relev\u00e2ncia do tema de \u2018fraca demanda\u2019 refor\u00e7a a perspectiva de crescimento do faturamento pelos donos e gestores de pequenas empresas no pa\u00eds, mas o aumento da relev\u00e2ncia da men\u00e7\u00e3o de \u2018falta de capital de giro\u2019 confirma que as taxas de juros em n\u00edveis historicamente elevados e a seletividade dos bancos na concess\u00e3o de cr\u00e9dito \u00e0s pequenas empresas impactam o custo final do cr\u00e9dito para esses agentes\u201d, afirma o economista.<\/p>\n<p style=\"text-align: justify;\">A Pesquisa Trimestral de Condi\u00e7\u00f5es de Cr\u00e9dito (PTC), divulgada pelo Banco Central em fevereiro de 2025, revelou que as expectativas das institui\u00e7\u00f5es financeiras indicam um agravamento adicional nas condi\u00e7\u00f5es de oferta de cr\u00e9dito em todos os segmentos.<\/p>\n<p style=\"text-align: justify;\">A quarta edi\u00e7\u00e3o da \u2018Sondagem Omie das Pequenas Empresas\u2019 foi realizada com mais de 460 respondentes do Simples Nacional, sobretudo tomadores de decis\u00e3o (como CEOs, diretores, s\u00f3cios e gerentes), para antecipar tend\u00eancias do mercado, al\u00e9m de identificar as principais dores dos pequenos empres\u00e1rios do pa\u00eds. O per\u00edodo de coleta das respostas foi de 11\/02 a 17\/03 de 2025.<\/p>\n<p>Acesse nosso\u00a0<a href=\"https:\/\/bit.ly\/3Gqk6gE\" target=\"_blank\" rel=\"noopener noreferrer\">site<\/a>,\u00a0<a href=\"https:\/\/bit.ly\/3lO2p16\" target=\"_blank\" rel=\"noopener noreferrer\">Instagram<\/a>,\u00a0<a href=\"https:\/\/bit.ly\/3lOugy3\" target=\"_blank\" rel=\"noopener noreferrer\">LinkedIn<\/a>,\u00a0<a href=\"https:\/\/bit.ly\/3LU8Qud\" target=\"_blank\" rel=\"noopener noreferrer\">Facebook<\/a>\u00a0e\u00a0<a href=\"https:\/\/bit.ly\/3PA7tWx\" target=\"_blank\" rel=\"noopener noreferrer\">TikTok<\/a>.<\/p>\n<\/div>\n","protected":false},"excerpt":{"rendered":"<p>&#8216;Sondagem Omie das Pequenas Empresas&#8217; revela que 51% dos empres\u00e1rios preveem uma piora no mercado a curto prazo, contra 39% registrado na \u00faltima edi\u00e7\u00e3o, em setembro Abril, 2025 &#8211; As pequenas e m\u00e9dias empresas (PMEs) est\u00e3o mais pessimistas com a economia brasileira neste in\u00edcio de ano, revela a quarta edi\u00e7\u00e3o da \u2018Sondagem Omie das Pequenas [&hellip;]<\/p>\n","protected":false},"author":1,"featured_media":25440,"comment_status":"open","ping_status":"open","sticky":false,"template":"","format":"standard","meta":{"_uag_custom_page_level_css":"","footnotes":""},"categories":[33],"tags":[27445,27308,27444],"class_list":["post-25439","post","type-post","status-publish","format-standard","has-post-thumbnail","hentry","category-mercado","tag-clima-negativo-lula","tag-juros-altos-banco-central","tag-pequenos-empresarios-se-credito"],"blocksy_meta":[],"spectra_blocks_featured_image_url":{"thumbnail":{"url":"https:\/\/construcaocivil.siriusmarketingedesign.com.br\/wp-content\/uploads\/2025\/04\/CRISE-150x150.jpg","width":150,"height":150},"medium":{"url":"https:\/\/construcaocivil.siriusmarketingedesign.com.br\/wp-content\/uploads\/2025\/04\/CRISE-240x300.jpg","width":240,"height":300},"medium_large":{"url":"https:\/\/construcaocivil.siriusmarketingedesign.com.br\/wp-content\/uploads\/2025\/04\/CRISE-768x961.jpg","width":768,"height":961},"large":{"url":"https:\/\/construcaocivil.siriusmarketingedesign.com.br\/wp-content\/uploads\/2025\/04\/CRISE-819x1024.jpg","width":819,"height":1024},"full":{"url":"https:\/\/construcaocivil.siriusmarketingedesign.com.br\/wp-content\/uploads\/2025\/04\/CRISE.jpg","width":1223,"height":1530}},"spectra_blocks_author_info":{"display_name":"Jornal da Constru\u00e7\u00e3o Civil","avatar_url":"https:\/\/secure.gravatar.com\/avatar\/973c9774fd44ddaceb026973c4962faa70fc512bc4c9da68e8ebb40fecee6540?s=96&d=mm&r=g","author_link":"https:\/\/construcaocivil.siriusmarketingedesign.com.br\/?author=1","description":"Desde de 2013, levando muitas informa\u00e7\u00f5es, lan\u00e7amentos e produtos de qualidade para toda cadeia produtiva da constru\u00e7\u00e3o. O Futuro da constru\u00e7\u00e3o passa por aqui,"},"uagb_featured_image_src":{"full":["https:\/\/construcaocivil.siriusmarketingedesign.com.br\/wp-content\/uploads\/2025\/04\/CRISE.jpg",1223,1530,false],"thumbnail":["https:\/\/construcaocivil.siriusmarketingedesign.com.br\/wp-content\/uploads\/2025\/04\/CRISE-150x150.jpg",150,150,true],"medium":["https:\/\/construcaocivil.siriusmarketingedesign.com.br\/wp-content\/uploads\/2025\/04\/CRISE-240x300.jpg",240,300,true],"medium_large":["https:\/\/construcaocivil.siriusmarketingedesign.com.br\/wp-content\/uploads\/2025\/04\/CRISE-768x961.jpg",768,961,true],"large":["https:\/\/construcaocivil.siriusmarketingedesign.com.br\/wp-content\/uploads\/2025\/04\/CRISE-819x1024.jpg",819,1024,true],"1536x1536":["https:\/\/construcaocivil.siriusmarketingedesign.com.br\/wp-content\/uploads\/2025\/04\/CRISE.jpg",1223,1530,false],"2048x2048":["https:\/\/construcaocivil.siriusmarketingedesign.com.br\/wp-content\/uploads\/2025\/04\/CRISE.jpg",1223,1530,false]},"uagb_author_info":{"display_name":"Jornal da Constru\u00e7\u00e3o Civil","author_link":"https:\/\/construcaocivil.siriusmarketingedesign.com.br\/?author=1"},"uagb_comment_info":0,"uagb_excerpt":"&#8216;Sondagem Omie das Pequenas Empresas&#8217; revela que 51% dos empres\u00e1rios preveem uma piora no mercado a curto prazo, contra 39% registrado na \u00faltima edi\u00e7\u00e3o, em setembro Abril, 2025 &#8211; As pequenas e m\u00e9dias empresas (PMEs) est\u00e3o mais pessimistas com a economia brasileira neste in\u00edcio de ano, revela a quarta edi\u00e7\u00e3o da \u2018Sondagem Omie das Pequenas&hellip;","_links":{"self":[{"href":"https:\/\/construcaocivil.siriusmarketingedesign.com.br\/index.php?rest_route=\/wp\/v2\/posts\/25439","targetHints":{"allow":["GET"]}}],"collection":[{"href":"https:\/\/construcaocivil.siriusmarketingedesign.com.br\/index.php?rest_route=\/wp\/v2\/posts"}],"about":[{"href":"https:\/\/construcaocivil.siriusmarketingedesign.com.br\/index.php?rest_route=\/wp\/v2\/types\/post"}],"author":[{"embeddable":true,"href":"https:\/\/construcaocivil.siriusmarketingedesign.com.br\/index.php?rest_route=\/wp\/v2\/users\/1"}],"replies":[{"embeddable":true,"href":"https:\/\/construcaocivil.siriusmarketingedesign.com.br\/index.php?rest_route=%2Fwp%2Fv2%2Fcomments&post=25439"}],"version-history":[{"count":0,"href":"https:\/\/construcaocivil.siriusmarketingedesign.com.br\/index.php?rest_route=\/wp\/v2\/posts\/25439\/revisions"}],"wp:featuredmedia":[{"embeddable":true,"href":"https:\/\/construcaocivil.siriusmarketingedesign.com.br\/index.php?rest_route=\/wp\/v2\/media\/25440"}],"wp:attachment":[{"href":"https:\/\/construcaocivil.siriusmarketingedesign.com.br\/index.php?rest_route=%2Fwp%2Fv2%2Fmedia&parent=25439"}],"wp:term":[{"taxonomy":"category","embeddable":true,"href":"https:\/\/construcaocivil.siriusmarketingedesign.com.br\/index.php?rest_route=%2Fwp%2Fv2%2Fcategories&post=25439"},{"taxonomy":"post_tag","embeddable":true,"href":"https:\/\/construcaocivil.siriusmarketingedesign.com.br\/index.php?rest_route=%2Fwp%2Fv2%2Ftags&post=25439"}],"curies":[{"name":"wp","href":"https:\/\/api.w.org\/{rel}","templated":true}]}}