{"id":25492,"date":"2025-05-06T00:21:21","date_gmt":"2025-05-06T03:21:21","guid":{"rendered":"https:\/\/www.jornaldaconstrucaocivil.com.br\/?p=25492"},"modified":"2025-05-06T00:21:21","modified_gmt":"2025-05-06T03:21:21","slug":"carajas-home-center-promove-capacitacao-tecnica-para-instaladores-de-ar-condicionado-em-parceria-com-o-sebrae-e-a-midea","status":"publish","type":"post","link":"https:\/\/construcaocivil.siriusmarketingedesign.com.br\/?p=25492","title":{"rendered":"Caraj\u00e1s Home Center promove capacita\u00e7\u00e3o t\u00e9cnica para instaladores de ar-condicionado em parceria com o Sebrae e a Midea"},"content":{"rendered":"<p style=\"text-align: justify;\"><strong><i>Com inscri\u00e7\u00f5es gratuitas, o evento acontece em 06 de maio, a partir das 18h, no audit\u00f3rio do Sebrae, em Macei\u00f3<\/i><\/strong><\/p>\n<p style=\"text-align: justify;\">Maio, 2025 &#8211; Como parte de sua estrat\u00e9gia de relacionamento com profissionais da obra, a Caraj\u00e1s Home Center realizar\u00e1 capacita\u00e7\u00e3o t\u00e9cnica voltada a instaladores de ar-condicionado em Alagoas. Gratuita, a a\u00e7\u00e3o acontece em parceria com o Sebrae e a Midea, no dia 06 de maio, das 18h \u00e0s 22h, no audit\u00f3rio do Sebrae, em Macei\u00f3. As vagas s\u00e3o limitadas.<\/p>\n<p style=\"text-align: justify;\">Com foco na qualifica\u00e7\u00e3o profissional e na melhoria dos servi\u00e7os prestados ao cliente final, o evento \u00e9 direcionado a t\u00e9cnicos que atuam nas regi\u00f5es de Macei\u00f3 e Arapiraca. O conte\u00fado do treinamento ser\u00e1 oferecido pela Midea, parceira estrat\u00e9gica no segmento de climatiza\u00e7\u00e3o, enquanto a estrutura log\u00edstica e a comunica\u00e7\u00e3o est\u00e3o sendo realizadas em parceria com o Sebrae. A programa\u00e7\u00e3o contar\u00e1 tamb\u00e9m com coffee break e sorteio de brindes.<\/p>\n<p style=\"text-align: justify;\">A a\u00e7\u00e3o integra o programa Tamo Junto, iniciativa da Caraj\u00e1s Home Center que incentiva o aprendizado cont\u00ednuo, o aprimoramento de t\u00e9cnicas e a apresenta\u00e7\u00e3o das solu\u00e7\u00f5es mais eficientes do setor da constru\u00e7\u00e3o civil, aproximando profissionais parceiros e fortalecendo a rela\u00e7\u00e3o com clientes e o mercado de servi\u00e7os.<\/p>\n<p style=\"text-align: justify;\">O vice-presidente da Caraj\u00e1s Home Center, Alex Mendon\u00e7a, afirma que o \u2018Tamo Junto\u2019 expressa os valores da empresa desde sua funda\u00e7\u00e3o, em 2000, em estrat\u00e9gia centralizada no cliente. \u201cAcreditamos que investir na capacita\u00e7\u00e3o dos profissionais \u00e9 garantir a melhor experi\u00eancia tamb\u00e9m na etapa de servi\u00e7os das obras\u201d, destaca o executivo.<\/p>\n<p style=\"text-align: justify;\">J\u00e1 Edson Rodrigues de Sousa, gerente de relacionamento da varejista, ressalta que a iniciativa tamb\u00e9m representa um novo passo no fortalecimento do Caraj\u00e1s Resolve, o programa de servitiza\u00e7\u00e3o da Caraj\u00e1s que conecta clientes a instaladores certificados.<\/p>\n<p style=\"text-align: justify;\">O principal objetivo da iniciativa \u00e9 qualificar ainda mais os profissionais, proporcionando conhecimento t\u00e9cnico e atualiza\u00e7\u00e3o sobre novas tecnologias, produtos e boas pr\u00e1ticas de instala\u00e7\u00e3o, ao mesmo tempo que visa fomentar o empreendedorismo e a melhoria na presta\u00e7\u00e3o de servi\u00e7os.<\/p>\n<p style=\"text-align: justify;\">\u201cO encontro oferecer\u00e1 informa\u00e7\u00f5es para instala\u00e7\u00f5es dos produtos comercializados pela Caraj\u00e1s, assegurando funcionalidade adequada e excel\u00eancia no atendimento. Em paralelo, buscamos apoiar a evolu\u00e7\u00e3o profissional dos instaladores, gerando novas oportunidades de neg\u00f3cios e ampliando a confian\u00e7a do consumidor\u201d, conta Sousa.<\/p>\n<p style=\"text-align: justify;\">O evento tem como meta criar um canal cont\u00ednuo de relacionamento e desenvolvimento t\u00e9cnico, por isso, \u00e9 aberto tamb\u00e9m a profissionais que ainda n\u00e3o atuam diretamente com a Caraj\u00e1s, sendo uma oportunidade para aproximar novos parceiros. \u201cNossa proposta \u00e9 contribuir para a forma\u00e7\u00e3o t\u00e9cnica dos profissionais em geral e melhorar a qualidade da presta\u00e7\u00e3o de servi\u00e7os como um todo\u201d, ressalta Sousa.<\/p>\n<p style=\"text-align: justify;\">A expectativa \u00e9 que a iniciativa seja levada a outras pra\u00e7as onde a Caraj\u00e1s est\u00e1 presente, consolidando um movimento nacional de valoriza\u00e7\u00e3o e capacita\u00e7\u00e3o do setor.<\/p>\n<p style=\"text-align: justify;\"><strong>SERVI\u00c7O<br \/>\n<\/strong>Capacita\u00e7\u00e3o T\u00e9cnica para Instaladores de Ar-Condicionado<\/p>\n<p style=\"text-align: justify;\">Local: Audit\u00f3rio do Sebrae \u2013 Macei\u00f3 (AL)<\/p>\n<p style=\"text-align: justify;\">Data: 06 de maio de 2025<br \/>\nHor\u00e1rio: das 18h \u00e0s 22h<\/p>\n<p style=\"text-align: justify;\">P\u00fablico-alvo: Instaladores de ar-condicionado atuantes em Alagoas<\/p>\n<p style=\"text-align: justify;\">Inscri\u00e7\u00f5es: Via canais oficiais da Caraj\u00e1s e do Sebrae (vagas limitadas)<\/p>\n<div style=\"text-align: justify;\"><\/div>\n","protected":false},"excerpt":{"rendered":"<p>Com inscri\u00e7\u00f5es gratuitas, o evento acontece em 06 de maio, a partir das 18h, no audit\u00f3rio do Sebrae, em Macei\u00f3 Maio, 2025 &#8211; Como parte de sua estrat\u00e9gia de relacionamento com profissionais da obra, a Caraj\u00e1s Home Center realizar\u00e1 capacita\u00e7\u00e3o t\u00e9cnica voltada a instaladores de ar-condicionado em Alagoas. Gratuita, a a\u00e7\u00e3o acontece em parceria com [&hellip;]<\/p>\n","protected":false},"author":1,"featured_media":25493,"comment_status":"open","ping_status":"open","sticky":false,"template":"","format":"standard","meta":{"_uag_custom_page_level_css":"","footnotes":""},"categories":[27],"tags":[27468,27466,27467,10946],"class_list":["post-25492","post","type-post","status-publish","format-standard","has-post-thumbnail","hentry","category-acontece","tag-alagoas-maceio","tag-carajas-home","tag-curso-instaladores-de-ar-condicionado","tag-servicos-de-manutencao"],"blocksy_meta":[],"spectra_blocks_featured_image_url":{"thumbnail":{"url":"https:\/\/construcaocivil.siriusmarketingedesign.com.br\/wp-content\/uploads\/2025\/05\/MIDEA-CARAJAS-150x150.jpg","width":150,"height":150},"medium":{"url":"https:\/\/construcaocivil.siriusmarketingedesign.com.br\/wp-content\/uploads\/2025\/05\/MIDEA-CARAJAS-300x171.jpg","width":300,"height":171},"medium_large":{"url":"https:\/\/construcaocivil.siriusmarketingedesign.com.br\/wp-content\/uploads\/2025\/05\/MIDEA-CARAJAS-768x439.jpg","width":768,"height":439},"large":{"url":"https:\/\/construcaocivil.siriusmarketingedesign.com.br\/wp-content\/uploads\/2025\/05\/MIDEA-CARAJAS-1024x585.jpg","width":1024,"height":585},"full":{"url":"https:\/\/construcaocivil.siriusmarketingedesign.com.br\/wp-content\/uploads\/2025\/05\/MIDEA-CARAJAS-scaled.jpg","width":2560,"height":1463}},"spectra_blocks_author_info":{"display_name":"Jornal da Constru\u00e7\u00e3o Civil","avatar_url":"https:\/\/secure.gravatar.com\/avatar\/973c9774fd44ddaceb026973c4962faa70fc512bc4c9da68e8ebb40fecee6540?s=96&d=mm&r=g","author_link":"https:\/\/construcaocivil.siriusmarketingedesign.com.br\/?author=1","description":"Desde de 2013, levando muitas informa\u00e7\u00f5es, lan\u00e7amentos e produtos de qualidade para toda cadeia produtiva da constru\u00e7\u00e3o. O Futuro da constru\u00e7\u00e3o passa por aqui,"},"uagb_featured_image_src":{"full":["https:\/\/construcaocivil.siriusmarketingedesign.com.br\/wp-content\/uploads\/2025\/05\/MIDEA-CARAJAS-scaled.jpg",2560,1463,false],"thumbnail":["https:\/\/construcaocivil.siriusmarketingedesign.com.br\/wp-content\/uploads\/2025\/05\/MIDEA-CARAJAS-150x150.jpg",150,150,true],"medium":["https:\/\/construcaocivil.siriusmarketingedesign.com.br\/wp-content\/uploads\/2025\/05\/MIDEA-CARAJAS-300x171.jpg",300,171,true],"medium_large":["https:\/\/construcaocivil.siriusmarketingedesign.com.br\/wp-content\/uploads\/2025\/05\/MIDEA-CARAJAS-768x439.jpg",768,439,true],"large":["https:\/\/construcaocivil.siriusmarketingedesign.com.br\/wp-content\/uploads\/2025\/05\/MIDEA-CARAJAS-1024x585.jpg",1024,585,true],"1536x1536":["https:\/\/construcaocivil.siriusmarketingedesign.com.br\/wp-content\/uploads\/2025\/05\/MIDEA-CARAJAS-1536x878.jpg",1536,878,true],"2048x2048":["https:\/\/construcaocivil.siriusmarketingedesign.com.br\/wp-content\/uploads\/2025\/05\/MIDEA-CARAJAS-2048x1170.jpg",2048,1170,true]},"uagb_author_info":{"display_name":"Jornal da Constru\u00e7\u00e3o Civil","author_link":"https:\/\/construcaocivil.siriusmarketingedesign.com.br\/?author=1"},"uagb_comment_info":0,"uagb_excerpt":"Com inscri\u00e7\u00f5es gratuitas, o evento acontece em 06 de maio, a partir das 18h, no audit\u00f3rio do Sebrae, em Macei\u00f3 Maio, 2025 &#8211; Como parte de sua estrat\u00e9gia de relacionamento com profissionais da obra, a Caraj\u00e1s Home Center realizar\u00e1 capacita\u00e7\u00e3o t\u00e9cnica voltada a instaladores de ar-condicionado em Alagoas. Gratuita, a a\u00e7\u00e3o acontece em parceria com&hellip;","_links":{"self":[{"href":"https:\/\/construcaocivil.siriusmarketingedesign.com.br\/index.php?rest_route=\/wp\/v2\/posts\/25492","targetHints":{"allow":["GET"]}}],"collection":[{"href":"https:\/\/construcaocivil.siriusmarketingedesign.com.br\/index.php?rest_route=\/wp\/v2\/posts"}],"about":[{"href":"https:\/\/construcaocivil.siriusmarketingedesign.com.br\/index.php?rest_route=\/wp\/v2\/types\/post"}],"author":[{"embeddable":true,"href":"https:\/\/construcaocivil.siriusmarketingedesign.com.br\/index.php?rest_route=\/wp\/v2\/users\/1"}],"replies":[{"embeddable":true,"href":"https:\/\/construcaocivil.siriusmarketingedesign.com.br\/index.php?rest_route=%2Fwp%2Fv2%2Fcomments&post=25492"}],"version-history":[{"count":0,"href":"https:\/\/construcaocivil.siriusmarketingedesign.com.br\/index.php?rest_route=\/wp\/v2\/posts\/25492\/revisions"}],"wp:featuredmedia":[{"embeddable":true,"href":"https:\/\/construcaocivil.siriusmarketingedesign.com.br\/index.php?rest_route=\/wp\/v2\/media\/25493"}],"wp:attachment":[{"href":"https:\/\/construcaocivil.siriusmarketingedesign.com.br\/index.php?rest_route=%2Fwp%2Fv2%2Fmedia&parent=25492"}],"wp:term":[{"taxonomy":"category","embeddable":true,"href":"https:\/\/construcaocivil.siriusmarketingedesign.com.br\/index.php?rest_route=%2Fwp%2Fv2%2Fcategories&post=25492"},{"taxonomy":"post_tag","embeddable":true,"href":"https:\/\/construcaocivil.siriusmarketingedesign.com.br\/index.php?rest_route=%2Fwp%2Fv2%2Ftags&post=25492"}],"curies":[{"name":"wp","href":"https:\/\/api.w.org\/{rel}","templated":true}]}}