{"id":25496,"date":"2025-05-06T00:22:25","date_gmt":"2025-05-06T03:22:25","guid":{"rendered":"https:\/\/www.jornaldaconstrucaocivil.com.br\/?p=25496"},"modified":"2025-05-06T00:22:25","modified_gmt":"2025-05-06T03:22:25","slug":"emccamp-residencial-adota-alternativa-para-driblar-falta-de-mao-de-obra-do-setor","status":"publish","type":"post","link":"https:\/\/construcaocivil.siriusmarketingedesign.com.br\/?p=25496","title":{"rendered":"Emccamp Residencial adota alternativa para driblar falta de m\u00e3o de obra do setor"},"content":{"rendered":"<p style=\"text-align: justify;\"><strong><i>Com programas de qualifica\u00e7\u00e3o e parcerias estrat\u00e9gicas, empresa investe na forma\u00e7\u00e3o de colaboradores para atender \u00e0 crescente demanda do mercado<\/i><\/strong><\/p>\n<div>\n<p style=\"text-align: justify;\">Maio, 2025 &#8211; Nos \u00faltimos tempos, o setor da constru\u00e7\u00e3o civil tem enfrentado uma defici\u00eancia na oferta de m\u00e3o de obra qualificada. De acordo com a Sondagem da Constru\u00e7\u00e3o realizada pelo Instituto Brasileiro de Economia da Funda\u00e7\u00e3o Getulio Vargas (FGV IBRE) em junho de 2024, 71,2% das empresas do setor relataram dificuldades na contrata\u00e7\u00e3o de trabalhadores qualificados nos \u00faltimos 12 meses, sendo que 39% classificaram como &#8220;muita dificuldade&#8221;.<\/p>\n<p style=\"text-align: justify;\">O cen\u00e1rio de falta de profissional tem elevado o custo das obras e atraso nos cronogramas. Um estudo do Sindicato da Ind\u00fastria da Constru\u00e7\u00e3o Civil no Estado de Minas Gerais (Sinduscon-MG) revela que todas as profiss\u00f5es, desde serventes at\u00e9 engenheiros, est\u00e3o em falta, levando empresas a buscarem m\u00e3o de obra at\u00e9 mesmo em outros pa\u00edses.<\/p>\n<p style=\"text-align: justify;\">Para driblar o atual desafio do setor, a Emccamp adotou uma abordagem proativa ao investir na capacita\u00e7\u00e3o de seus colaboradores. A empresa conta com a Escola Emccamp para formar e aprimorar profissionais para atuar em suas obras nos estados de S\u00e3o Paulo, Rio de Janeiro e Minas Gerais.<\/p>\n<p style=\"text-align: justify;\">Desde a sua cria\u00e7\u00e3o, em maio de 2024, a Escola Emccamp j\u00e1 formou aproximadamente 233 profissionais, todos atuantes nas obras da empresa. Para potencializar a qualidade dos treinamentos, a empresa estabeleceu parcerias com institui\u00e7\u00f5es renomadas, como o Senai, e fornecedores como Tigre, Knauf, Alumasa e Carioba. Romagno Soares de Moraes, gerente de qualidade da Emccamp, destaca que estas colabora\u00e7\u00f5es t\u00eam sido fundamentais para oferecer cursos que variam de 1 a 40 horas, dependendo da complexidade do conte\u00fado. At\u00e9 o momento, foram realizadas cerca de 95 horas de cursos, distribu\u00eddas em 30 turmas que englobam tanto forma\u00e7\u00e3o inicial quanto reciclagem profissional.<\/p>\n<p style=\"text-align: justify;\">Um dos diferenciais dos cursos oferecidos \u00e9 a estrutura completa disponibilizada aos participantes. \u201cDentro da Escola temos v\u00e1rios modelos de cursos e de forma\u00e7\u00e3o, no curso que fizemos em parceria com o Senai, por exemplo, teve uma dura\u00e7\u00e3o de 40 horas, fornecemos o transporte e alimenta\u00e7\u00e3o para os alunos, al\u00e9m do material did\u00e1tico e certificado\u201d, conta Romagno. As aulas combinaram teoria, abordando especifica\u00e7\u00f5es de materiais e leitura de projetos, com pr\u00e1ticas, focadas em t\u00e9cnicas de execu\u00e7\u00e3o.<\/p>\n<p style=\"text-align: justify;\">J\u00e1 para os cursos de reciclagem, a metodologia inclui v\u00eddeos instrutivos e avalia\u00e7\u00f5es para garantir a assimila\u00e7\u00e3o do conte\u00fado. Caso a pontua\u00e7\u00e3o necess\u00e1ria n\u00e3o seja atingida, o treinamento \u00e9 repetido at\u00e9 a fixa\u00e7\u00e3o adequada.<\/p>\n<p style=\"text-align: justify;\">Visando ampliar o impacto da Escola Emccamp, a empresa planeja, ainda este ano, oferecer cursos de forma\u00e7\u00e3o abertos ao p\u00fablico externo para dar a oportunidade de novos profissionais ingressarem no mercado de trabalho e, possivelmente, integrarem o quadro de colaboradores da Emccamp. \u201cEstamos buscando estruturar uma grade curricular para atender a demanda n\u00e3o s\u00f3 da companhia, mas tamb\u00e9m a necessidade de cada colaborador\u201d, explica Romagno.<\/p>\n<p style=\"text-align: justify;\">O gerente de qualidade da Emccamp explica tamb\u00e9m que a empresa est\u00e1 em processo de implementa\u00e7\u00e3o de uma universidade corporativa. \u201cEstamos buscando uma plataforma robusta para gerenciar n\u00e3o s\u00f3 os cursos da Escola, mas para toda a Emccamp. Essa universidade oferecer\u00e1 programas de desenvolvimento para todos os n\u00edveis e setores da empresa\u201d.<\/p>\n<\/div>\n","protected":false},"excerpt":{"rendered":"<p>Com programas de qualifica\u00e7\u00e3o e parcerias estrat\u00e9gicas, empresa investe na forma\u00e7\u00e3o de colaboradores para atender \u00e0 crescente demanda do mercado Maio, 2025 &#8211; Nos \u00faltimos tempos, o setor da constru\u00e7\u00e3o civil tem enfrentado uma defici\u00eancia na oferta de m\u00e3o de obra qualificada. De acordo com a Sondagem da Constru\u00e7\u00e3o realizada pelo Instituto Brasileiro de Economia [&hellip;]<\/p>\n","protected":false},"author":1,"featured_media":25497,"comment_status":"open","ping_status":"open","sticky":false,"template":"","format":"standard","meta":{"_uag_custom_page_level_css":"","footnotes":""},"categories":[27],"tags":[15722,27470,15044,27469,7637,25527],"class_list":["post-25496","post","type-post","status-publish","format-standard","has-post-thumbnail","hentry","category-acontece","tag-sp","tag-cursos-de-formacao","tag-emccamp-residencial","tag-mao-de-obra-na-construcao","tag-mg","tag-rj"],"blocksy_meta":[],"spectra_blocks_featured_image_url":{"thumbnail":{"url":"https:\/\/construcaocivil.siriusmarketingedesign.com.br\/wp-content\/uploads\/2025\/05\/TIGRE-RJ-150x150.jpg","width":150,"height":150},"medium":{"url":"https:\/\/construcaocivil.siriusmarketingedesign.com.br\/wp-content\/uploads\/2025\/05\/TIGRE-RJ-300x225.jpg","width":300,"height":225},"medium_large":{"url":"https:\/\/construcaocivil.siriusmarketingedesign.com.br\/wp-content\/uploads\/2025\/05\/TIGRE-RJ-768x576.jpg","width":768,"height":576},"large":{"url":"https:\/\/construcaocivil.siriusmarketingedesign.com.br\/wp-content\/uploads\/2025\/05\/TIGRE-RJ-1024x768.jpg","width":1024,"height":768},"full":{"url":"https:\/\/construcaocivil.siriusmarketingedesign.com.br\/wp-content\/uploads\/2025\/05\/TIGRE-RJ.jpg","width":1280,"height":960}},"spectra_blocks_author_info":{"display_name":"Jornal da Constru\u00e7\u00e3o Civil","avatar_url":"https:\/\/secure.gravatar.com\/avatar\/973c9774fd44ddaceb026973c4962faa70fc512bc4c9da68e8ebb40fecee6540?s=96&d=mm&r=g","author_link":"https:\/\/construcaocivil.siriusmarketingedesign.com.br\/?author=1","description":"Desde de 2013, levando muitas informa\u00e7\u00f5es, lan\u00e7amentos e produtos de qualidade para toda cadeia produtiva da constru\u00e7\u00e3o. O Futuro da constru\u00e7\u00e3o passa por aqui,"},"uagb_featured_image_src":{"full":["https:\/\/construcaocivil.siriusmarketingedesign.com.br\/wp-content\/uploads\/2025\/05\/TIGRE-RJ.jpg",1280,960,false],"thumbnail":["https:\/\/construcaocivil.siriusmarketingedesign.com.br\/wp-content\/uploads\/2025\/05\/TIGRE-RJ-150x150.jpg",150,150,true],"medium":["https:\/\/construcaocivil.siriusmarketingedesign.com.br\/wp-content\/uploads\/2025\/05\/TIGRE-RJ-300x225.jpg",300,225,true],"medium_large":["https:\/\/construcaocivil.siriusmarketingedesign.com.br\/wp-content\/uploads\/2025\/05\/TIGRE-RJ-768x576.jpg",768,576,true],"large":["https:\/\/construcaocivil.siriusmarketingedesign.com.br\/wp-content\/uploads\/2025\/05\/TIGRE-RJ-1024x768.jpg",1024,768,true],"1536x1536":["https:\/\/construcaocivil.siriusmarketingedesign.com.br\/wp-content\/uploads\/2025\/05\/TIGRE-RJ.jpg",1280,960,false],"2048x2048":["https:\/\/construcaocivil.siriusmarketingedesign.com.br\/wp-content\/uploads\/2025\/05\/TIGRE-RJ.jpg",1280,960,false]},"uagb_author_info":{"display_name":"Jornal da Constru\u00e7\u00e3o Civil","author_link":"https:\/\/construcaocivil.siriusmarketingedesign.com.br\/?author=1"},"uagb_comment_info":0,"uagb_excerpt":"Com programas de qualifica\u00e7\u00e3o e parcerias estrat\u00e9gicas, empresa investe na forma\u00e7\u00e3o de colaboradores para atender \u00e0 crescente demanda do mercado Maio, 2025 &#8211; Nos \u00faltimos tempos, o setor da constru\u00e7\u00e3o civil tem enfrentado uma defici\u00eancia na oferta de m\u00e3o de obra qualificada. De acordo com a Sondagem da Constru\u00e7\u00e3o realizada pelo Instituto Brasileiro de Economia&hellip;","_links":{"self":[{"href":"https:\/\/construcaocivil.siriusmarketingedesign.com.br\/index.php?rest_route=\/wp\/v2\/posts\/25496","targetHints":{"allow":["GET"]}}],"collection":[{"href":"https:\/\/construcaocivil.siriusmarketingedesign.com.br\/index.php?rest_route=\/wp\/v2\/posts"}],"about":[{"href":"https:\/\/construcaocivil.siriusmarketingedesign.com.br\/index.php?rest_route=\/wp\/v2\/types\/post"}],"author":[{"embeddable":true,"href":"https:\/\/construcaocivil.siriusmarketingedesign.com.br\/index.php?rest_route=\/wp\/v2\/users\/1"}],"replies":[{"embeddable":true,"href":"https:\/\/construcaocivil.siriusmarketingedesign.com.br\/index.php?rest_route=%2Fwp%2Fv2%2Fcomments&post=25496"}],"version-history":[{"count":0,"href":"https:\/\/construcaocivil.siriusmarketingedesign.com.br\/index.php?rest_route=\/wp\/v2\/posts\/25496\/revisions"}],"wp:featuredmedia":[{"embeddable":true,"href":"https:\/\/construcaocivil.siriusmarketingedesign.com.br\/index.php?rest_route=\/wp\/v2\/media\/25497"}],"wp:attachment":[{"href":"https:\/\/construcaocivil.siriusmarketingedesign.com.br\/index.php?rest_route=%2Fwp%2Fv2%2Fmedia&parent=25496"}],"wp:term":[{"taxonomy":"category","embeddable":true,"href":"https:\/\/construcaocivil.siriusmarketingedesign.com.br\/index.php?rest_route=%2Fwp%2Fv2%2Fcategories&post=25496"},{"taxonomy":"post_tag","embeddable":true,"href":"https:\/\/construcaocivil.siriusmarketingedesign.com.br\/index.php?rest_route=%2Fwp%2Fv2%2Ftags&post=25496"}],"curies":[{"name":"wp","href":"https:\/\/api.w.org\/{rel}","templated":true}]}}