{"id":25500,"date":"2025-05-06T00:23:23","date_gmt":"2025-05-06T03:23:23","guid":{"rendered":"https:\/\/www.jornaldaconstrucaocivil.com.br\/?p=25500"},"modified":"2025-05-06T00:23:23","modified_gmt":"2025-05-06T03:23:23","slug":"infraestrutura-urbana-favela-3d-na-favela-do-haiti-comemora-dois-anos-de-atuacao-com-marcos-importantes-e-ineditos-seguindo-metodologia-criada-pela-ong-gerando-falcoes","status":"publish","type":"post","link":"https:\/\/construcaocivil.siriusmarketingedesign.com.br\/?p=25500","title":{"rendered":"Infraestrutura Urbana: Favela 3D na Favela do Haiti comemora dois anos de atua\u00e7\u00e3o com marcos importantes e in\u00e9ditos, seguindo metodologia criada pela ONG Gerando Falc\u00f5es"},"content":{"rendered":"<p style=\"text-align: justify;\"><i>Entre as melhorias implementadas no local, como pleno emprego, 100% de abastecimento de \u00e1gua e coleta de esgoto, al\u00e9m de todas as crian\u00e7as na escola, o projeto instalou placas solares na comunidade, tornando-a a primeira comunidade do Favela 3D da cidade de S\u00e3o Paulo a adotar energia solar para ilumina\u00e7\u00e3o de vias p\u00fablicas<\/i><\/p>\n<p style=\"text-align: justify;\">Maio, 2025 &#8211; H\u00e1 dois anos, o The Town e a Gerando Falc\u00f5es, ao lado de parceiros importantes, deram in\u00edcio a um projeto que segue realizando transforma\u00e7\u00f5es de impacto positivo na Favela do Haiti, na zona sudeste de S\u00e3o Paulo. Em parceria com a Vozes das Periferias, Gerdau, Funda\u00e7\u00e3o Grupo Volkswagen e Prefeitura de S\u00e3o Paulo, foi implantado na comunidade o Favela 3D (Digna, Digital e Desenvolvida). Com a metodologia criada pela Gerando Falc\u00f5es, o projeto tem a miss\u00e3o de interromper o ciclo de pobreza de comunidades de diversos locais do Brasil de forma escal\u00e1vel e sustent\u00e1vel. No primeiro ano, a meta de pleno emprego foi alcan\u00e7ada, juntamente com a conquista do abastecimento de \u00e1gua para toda a popula\u00e7\u00e3o. Recentemente, outro marco foi comemorado: o territ\u00f3rio se tornou a primeira comunidade do Favela 3D da cidade de S\u00e3o Paulo a adotar energia solar para ilumina\u00e7\u00e3o de vias p\u00fablicas. Por meio do Curso de Energia Solar, que contou com a participa\u00e7\u00e3o dos moradores, houve a implementa\u00e7\u00e3o do projeto de ilumina\u00e7\u00e3o das vielas com energia proveniente de dez placas fotovoltaicas, tamb\u00e9m usadas para alimentar a sede comunit\u00e1ria da Favela do Haiti. O projeto celebra seu segundo ano com muitos sonhos realizados. A Favela do Haiti, agora representada pelo Instituto Haiti 3D e ainda contando com o apoio dos parceiros, segue com autonomia e independ\u00eancia, marcando um momento de emancipa\u00e7\u00e3o da comunidade e um recome\u00e7o com dignidade.<\/p>\n<p style=\"text-align: justify;\">Ao longo desses dois anos de projeto, 290 fam\u00edlias tiveram suas vidas transformadas por uma s\u00e9rie de conquistas estruturais e sociais. Todas as resid\u00eancias passaram a contar com abastecimento de \u00e1gua e rede de esgoto, as melhorias s\u00e3o fruto da instala\u00e7\u00e3o de infraestrutura de \u00e1gua, de esgoto e rel\u00f3gios individuais, de rede para \u00e1gua pluvial e de esgoto coletivo, al\u00e9m da moderniza\u00e7\u00e3o do sistema de coleta de \u00e1gua nas ruas. Nos dois anos do Favela 3D, a Favela do Haiti passou por melhorias habitacionais, reforma de casas, constru\u00e7\u00e3o de moradias sustent\u00e1veis, e constru\u00e7\u00e3o da Pra\u00e7a Chic\u00e3o, que hoje \u00e9 espa\u00e7o de lazer e bem-estar coletivo. Entre eles \u00e9 poss\u00edvel encontrar o 1\u00ba museu de arte p\u00fablica em 360\u00ba localizado em uma favela na cidade de S\u00e3o Paulo, e a horta Haiti, uma horta comunit\u00e1ria que se consolidou como s\u00edmbolo de autonomia, gera\u00e7\u00e3o de renda e transforma\u00e7\u00e3o.<\/p>\n<p style=\"text-align: justify;\">Tamb\u00e9m foram lan\u00e7ados programas como Jovem Falc\u00e3o, cursos de capacita\u00e7\u00e3o profissional, que tornaram realidade a marca de pleno emprego entre as fam\u00edlias beneficiadas, e iniciativas de acelera\u00e7\u00e3o de empreendedores. A meta de manter todas as crian\u00e7as na escola foi alcan\u00e7ada, devido a garantia do direito de vagas para as crian\u00e7as e adolescentes em idade escolar, implementa\u00e7\u00e3o do atendimento do programa Transporte Escolar Gratuito (TEG) para crian\u00e7as e beb\u00eas, refor\u00e7o escolar com a parceria da K\u00e1tia Kids, da Funda\u00e7\u00e3o Francesconi, assim como a disponibilidade e acesso \u00e0s atividades de cultura e esporte no Polo Esportivo e Cultural Vozes das Periferias, e a alfabetiza\u00e7\u00e3o de adultos. A constru\u00e7\u00e3o de uma realidade com mais autonomia, seguran\u00e7a e chances reais de um futuro melhor teve a contribui\u00e7\u00e3o do Programa Decolagem, tecnologia social desenvolvida pela Gerando Falc\u00f5es com atendimento individualizado para cada fam\u00edlia, estabelecendo metas para emancipa\u00e7\u00e3o da pobreza e conquista da dignidade. Os mentores do programa realizaram visitas com aplica\u00e7\u00e3o do Acompanhamento Familiar, atendimentos psicossociais, e rodas de conversa sobre temas comuns \u00e0 comunidade, bem como ajudaram cada cl\u00e3 familiar a tra\u00e7ar seus objetivos para alcan\u00e7ar uma melhor qualidade de vida.<\/p>\n<p style=\"text-align: justify;\">&#8220;Eu costumo dizer que a pobreza \u00e9 uma inven\u00e7\u00e3o da humanidade, ent\u00e3o a solu\u00e7\u00e3o para o seu fim precisa ser humana tamb\u00e9m. Por isso, o processo de cocria\u00e7\u00e3o de solu\u00e7\u00f5es com o envolvimento de diferentes atores sociais \u00e9 t\u00e3o importante. O grande diferencial das metodologias criadas pela Gerando Falc\u00f5es, Favela 3D e Decolagem, \u00e9 que temos como preceito b\u00e1sico envolver a comunidade, os moradores nesse contexto criativo. N\u00e3o criamos nada para eles, e sim com eles&#8221;, destaca Edu Lyra, Fundador e CEO da Gerando Falc\u00f5es.<\/p>\n<p style=\"text-align: justify;\">&#8220;Nossa comunidade prosperou muito nestes dois anos do Favela 3D Haiti. Agora n\u00f3s vamos seguir em diante levando legado que foi constru\u00eddo com in\u00fameras m\u00e3os da comunidade, dos parceiros, do Vozes das Periferias e da Gerando Falc\u00f5es. Estamos prontos para os desafios e tamb\u00e9m os avan\u00e7os da autonomia e da independ\u00eancia. Obrigado a todos que nos apoiaram at\u00e9 aqui, somos exemplos para o Brasil&#8221;, diz Lucas Assun\u00e7\u00e3o, presidente do Instituto Haiti 3D.<\/p>\n<p style=\"text-align: justify;\"><strong>Avan\u00e7os na Favela do Haiti desde 2023<\/strong><\/p>\n<p style=\"text-align: justify;\">Desde o seu primeiro ano, a\u00e7\u00f5es foram pensadas para contribuir de forma sustent\u00e1vel e que tivessem for\u00e7a para permanecer por anos. O desenvolvimento no setor de moradia e urbanismo, conta com casas reformadas e a constru\u00e7\u00e3o de sobrados sustent\u00e1veis, al\u00e9m da conclus\u00e3o de obras de pavimenta\u00e7\u00e3o e refor\u00e7o met\u00e1lico. No desenvolvimento social, foram realizados encontros da Rede Favela para fortalecimento das lideran\u00e7as locais. Houve a cria\u00e7\u00e3o do Instituto Favela Haiti 3D, o treinamento de lideran\u00e7as comunit\u00e1rias e a capacita\u00e7\u00e3o socioemocional, gest\u00e3o de conflitos, administrativa e financeira. A pavimenta\u00e7\u00e3o de vielas e pra\u00e7as contou com a cria\u00e7\u00e3o de um painel de grafite 360\u00ba, instala\u00e7\u00f5es de equipamentos de divers\u00e3o, incluindo deck e palco, elabora\u00e7\u00e3o de \u00e1rea de lazer, paisagismos, ilumina\u00e7\u00e3o de vielas e a pavimenta\u00e7\u00e3o com escoamento de \u00e1gua pluvial. O espa\u00e7o tamb\u00e9m recebeu a\u00e7\u00f5es de educa\u00e7\u00e3o de sa\u00fade para a comunidade, atendimentos psicol\u00f3gicos e sociais, acesso \u00e0 rede m\u00e9dica da regi\u00e3o e rede de apoio para cuidados da sa\u00fade.<\/p>\n<p style=\"text-align: justify;\">O projeto ganhou ainda mais for\u00e7a e mostrou, na pr\u00e1tica, que a uni\u00e3o e o compromisso entre institui\u00e7\u00f5es privadas, organiza\u00e7\u00f5es n\u00e3o governamentais, \u00f3rg\u00e3os p\u00fablicos e sociedade civil foram fundamentais para viabilizar solu\u00e7\u00f5es a problemas estruturais, com potencial de escala e transforma\u00e7\u00e3o profunda. Essa realiza\u00e7\u00e3o s\u00f3 foi poss\u00edvel gra\u00e7as ao apoio do The Town, Vozes das Periferias, Gerdau, Funda\u00e7\u00e3o Grupo Volkswagen e Prefeitura de S\u00e3o Paulo.<\/p>\n<p style=\"text-align: justify;\">&#8220;Estamos muito felizes em ver que a uni\u00e3o entre os parceiros deste projeto impactou de forma transversal e positiva a vida de in\u00fameras fam\u00edlias na Favela do Haiti, refor\u00e7ando o compromisso da Gerdau de ser parte das solu\u00e7\u00f5es aos desafios da sociedade&#8221;, afirma Gustavo Werneck, CEO da Gerdau. &#8220;Essa parceria possibilitou a constru\u00e7\u00e3o de um novo futuro por meio de um projeto transformador e indutor do desenvolvimento socioecon\u00f4mico da popula\u00e7\u00e3o local&#8221;.<\/p>\n<p style=\"text-align: justify;\">&#8220;Acreditamos que transformar territ\u00f3rios vulner\u00e1veis come\u00e7a por reconhecer e potencializar o protagonismo de quem vive neles. O projeto Favela 3D na Favela do Haiti \u00e9 um exemplo inspirador de como a mobilidade social pode se tornar realidade quando comunidades s\u00e3o colocadas no centro da solu\u00e7\u00e3o, com acesso a oportunidades concretas de gera\u00e7\u00e3o de renda, educa\u00e7\u00e3o e infraestrutura digna. Para a Funda\u00e7\u00e3o Grupo Volkswagen, fazer parte dessa jornada \u00e9 reafirmar nosso compromisso com uma transforma\u00e7\u00e3o social sist\u00eamica, constru\u00edda com di\u00e1logo, dignidade e impacto duradouro&#8221;, comenta Vitor Hugo Neia, Diretor-geral da Funda\u00e7\u00e3o Grupo Volkswagen.<\/p>\n<p style=\"text-align: justify;\">&#8220;Todos os festivais da Rock World levam em seu DNA a busca por um mundo melhor. O projeto Favela 3D na Favela do Haiti \u00e9 um marco importante para n\u00f3s quando o assunto \u00e9 transformar vidas. Em dois anos, a comunidade alcan\u00e7ou a empregabilidade total, 100% das fam\u00edlias com acesso a saneamento b\u00e1sico, todas as crian\u00e7as matriculadas na escola e demos mais um passo grande com as placas de luz solar. Isso \u00e9 incr\u00edvel! Nada disso seria poss\u00edvel sem a for\u00e7a da uni\u00e3o entre parceiros que acreditam e trabalham juntos por um prop\u00f3sito comum. Olhar a trajet\u00f3ria do Favela 3D e a mudan\u00e7a na qualidade de vida dos moradores mostra como as a\u00e7\u00f5es que nascem da m\u00fasica mudam o mundo&#8221;, compartilha Roberta Medina, Vice-Presidente Executiva da Rock World, empresa que criou e organiza o The Town e o Rock in Rio e produz o Lollapalooza Brasil.<\/p>\n","protected":false},"excerpt":{"rendered":"<p>Entre as melhorias implementadas no local, como pleno emprego, 100% de abastecimento de \u00e1gua e coleta de esgoto, al\u00e9m de todas as crian\u00e7as na escola, o projeto instalou placas solares na comunidade, tornando-a a primeira comunidade do Favela 3D da cidade de S\u00e3o Paulo a adotar energia solar para ilumina\u00e7\u00e3o de vias p\u00fablicas Maio, 2025 [&hellip;]<\/p>\n","protected":false},"author":1,"featured_media":25501,"comment_status":"open","ping_status":"open","sticky":false,"template":"","format":"standard","meta":{"_uag_custom_page_level_css":"","footnotes":""},"categories":[31],"tags":[557,27471,5418,27472,12123],"class_list":["post-25500","post","type-post","status-publish","format-standard","has-post-thumbnail","hentry","category-infraestrutura","tag-agua-e-esgoto","tag-favela-haiti","tag-gerdau","tag-habitacao-3d","tag-urbanizacao-das-favelas"],"blocksy_meta":[],"spectra_blocks_featured_image_url":{"thumbnail":{"url":"https:\/\/construcaocivil.siriusmarketingedesign.com.br\/wp-content\/uploads\/2025\/05\/handler-7-150x150.jpeg","width":150,"height":150},"medium":{"url":"https:\/\/construcaocivil.siriusmarketingedesign.com.br\/wp-content\/uploads\/2025\/05\/handler-7-300x200.jpeg","width":300,"height":200},"medium_large":{"url":"https:\/\/construcaocivil.siriusmarketingedesign.com.br\/wp-content\/uploads\/2025\/05\/handler-7-768x512.jpeg","width":768,"height":512},"large":{"url":"https:\/\/construcaocivil.siriusmarketingedesign.com.br\/wp-content\/uploads\/2025\/05\/handler-7.jpeg","width":800,"height":533},"full":{"url":"https:\/\/construcaocivil.siriusmarketingedesign.com.br\/wp-content\/uploads\/2025\/05\/handler-7.jpeg","width":800,"height":533}},"spectra_blocks_author_info":{"display_name":"Jornal da Constru\u00e7\u00e3o Civil","avatar_url":"https:\/\/secure.gravatar.com\/avatar\/973c9774fd44ddaceb026973c4962faa70fc512bc4c9da68e8ebb40fecee6540?s=96&d=mm&r=g","author_link":"https:\/\/construcaocivil.siriusmarketingedesign.com.br\/?author=1","description":"Desde de 2013, levando muitas informa\u00e7\u00f5es, lan\u00e7amentos e produtos de qualidade para toda cadeia produtiva da constru\u00e7\u00e3o. O Futuro da constru\u00e7\u00e3o passa por aqui,"},"uagb_featured_image_src":{"full":["https:\/\/construcaocivil.siriusmarketingedesign.com.br\/wp-content\/uploads\/2025\/05\/handler-7.jpeg",800,533,false],"thumbnail":["https:\/\/construcaocivil.siriusmarketingedesign.com.br\/wp-content\/uploads\/2025\/05\/handler-7-150x150.jpeg",150,150,true],"medium":["https:\/\/construcaocivil.siriusmarketingedesign.com.br\/wp-content\/uploads\/2025\/05\/handler-7-300x200.jpeg",300,200,true],"medium_large":["https:\/\/construcaocivil.siriusmarketingedesign.com.br\/wp-content\/uploads\/2025\/05\/handler-7-768x512.jpeg",768,512,true],"large":["https:\/\/construcaocivil.siriusmarketingedesign.com.br\/wp-content\/uploads\/2025\/05\/handler-7.jpeg",800,533,false],"1536x1536":["https:\/\/construcaocivil.siriusmarketingedesign.com.br\/wp-content\/uploads\/2025\/05\/handler-7.jpeg",800,533,false],"2048x2048":["https:\/\/construcaocivil.siriusmarketingedesign.com.br\/wp-content\/uploads\/2025\/05\/handler-7.jpeg",800,533,false]},"uagb_author_info":{"display_name":"Jornal da Constru\u00e7\u00e3o Civil","author_link":"https:\/\/construcaocivil.siriusmarketingedesign.com.br\/?author=1"},"uagb_comment_info":0,"uagb_excerpt":"Entre as melhorias implementadas no local, como pleno emprego, 100% de abastecimento de \u00e1gua e coleta de esgoto, al\u00e9m de todas as crian\u00e7as na escola, o projeto instalou placas solares na comunidade, tornando-a a primeira comunidade do Favela 3D da cidade de S\u00e3o Paulo a adotar energia solar para ilumina\u00e7\u00e3o de vias p\u00fablicas Maio, 2025&hellip;","_links":{"self":[{"href":"https:\/\/construcaocivil.siriusmarketingedesign.com.br\/index.php?rest_route=\/wp\/v2\/posts\/25500","targetHints":{"allow":["GET"]}}],"collection":[{"href":"https:\/\/construcaocivil.siriusmarketingedesign.com.br\/index.php?rest_route=\/wp\/v2\/posts"}],"about":[{"href":"https:\/\/construcaocivil.siriusmarketingedesign.com.br\/index.php?rest_route=\/wp\/v2\/types\/post"}],"author":[{"embeddable":true,"href":"https:\/\/construcaocivil.siriusmarketingedesign.com.br\/index.php?rest_route=\/wp\/v2\/users\/1"}],"replies":[{"embeddable":true,"href":"https:\/\/construcaocivil.siriusmarketingedesign.com.br\/index.php?rest_route=%2Fwp%2Fv2%2Fcomments&post=25500"}],"version-history":[{"count":0,"href":"https:\/\/construcaocivil.siriusmarketingedesign.com.br\/index.php?rest_route=\/wp\/v2\/posts\/25500\/revisions"}],"wp:featuredmedia":[{"embeddable":true,"href":"https:\/\/construcaocivil.siriusmarketingedesign.com.br\/index.php?rest_route=\/wp\/v2\/media\/25501"}],"wp:attachment":[{"href":"https:\/\/construcaocivil.siriusmarketingedesign.com.br\/index.php?rest_route=%2Fwp%2Fv2%2Fmedia&parent=25500"}],"wp:term":[{"taxonomy":"category","embeddable":true,"href":"https:\/\/construcaocivil.siriusmarketingedesign.com.br\/index.php?rest_route=%2Fwp%2Fv2%2Fcategories&post=25500"},{"taxonomy":"post_tag","embeddable":true,"href":"https:\/\/construcaocivil.siriusmarketingedesign.com.br\/index.php?rest_route=%2Fwp%2Fv2%2Ftags&post=25500"}],"curies":[{"name":"wp","href":"https:\/\/api.w.org\/{rel}","templated":true}]}}