{"id":25513,"date":"2025-05-08T13:55:26","date_gmt":"2025-05-08T16:55:26","guid":{"rendered":"https:\/\/www.jornaldaconstrucaocivil.com.br\/?p=25513"},"modified":"2025-05-08T13:55:26","modified_gmt":"2025-05-08T16:55:26","slug":"aumento-da-selic-aponta-riscos-a-industria-e-a-competitividade-do-brasil-afirma-firjan","status":"publish","type":"post","link":"https:\/\/construcaocivil.siriusmarketingedesign.com.br\/?p=25513","title":{"rendered":"Aumento da Selic aponta riscos \u00e0 ind\u00fastria e \u00e0 competitividade do Brasil, afirma Firjan"},"content":{"rendered":"<p style=\"text-align: justify;\"><b>Federa\u00e7\u00e3o das Ind\u00fastrias do Estado do Rio de Janeiro entende que o\u00a0cen\u00e1rio atual de incertezas globais exige uma an\u00e1lise cuidadosa, pois a manuten\u00e7\u00e3o de juros elevados agrava ainda mais a j\u00e1 comprometida competitividade do pa\u00eds<\/b><\/p>\n<p style=\"text-align: justify;\">Maio, 2025 &#8211; A Federa\u00e7\u00e3o das Ind\u00fastrias do Estado do Rio de Janeiro (Firjan) considera excessivo o aumento da taxa b\u00e1sica de juros de 14,25% para 14,75% ao ano, impondo patamares superiores aos registrados h\u00e1 uma d\u00e9cada, quando o pa\u00eds enfrentava infla\u00e7\u00e3o de dois d\u00edgitos. A federa\u00e7\u00e3o destaca que o cen\u00e1rio de juros elevados j\u00e1 restringe de forma significativa a atividade econ\u00f4mica, especialmente relacionadas \u00e0 ind\u00fastria, que encerrou o primeiro trimestre do ano praticamente est\u00e1vel. A esse quadro soma-se a recente perda de dinamismo no mercado de trabalho, o que contribui para a desacelera\u00e7\u00e3o necess\u00e1ria que direcionar\u00e1 a infla\u00e7\u00e3o \u00e0 meta no m\u00e9dio prazo.<\/p>\n<p style=\"text-align: justify;\">A Firjan entende que o\u00a0cen\u00e1rio atual de incertezas globais, caracterizado por conflitos geopol\u00edticos e tens\u00f5es comerciais, exige uma an\u00e1lise cuidadosa, pois a manuten\u00e7\u00e3o de juros elevados pode agravar ainda mais a j\u00e1 comprometida competitividade do Brasil. Diante desse contexto e de um problema fiscal cr\u00f4nico, que impede uma redu\u00e7\u00e3o consistente da taxa Selic, a federa\u00e7\u00e3o enfatiza a urg\u00eancia de uma reforma fiscal estrutural. Pol\u00edticas p\u00fablicas orientadas para a inova\u00e7\u00e3o, infraestrutura, capital humano e redu\u00e7\u00e3o dos custos de produ\u00e7\u00e3o s\u00e3o essenciais para garantir um desenvolvimento socioecon\u00f4mico sustent\u00e1vel no Brasil.<\/p>\n","protected":false},"excerpt":{"rendered":"<p>Federa\u00e7\u00e3o das Ind\u00fastrias do Estado do Rio de Janeiro entende que o\u00a0cen\u00e1rio atual de incertezas globais exige uma an\u00e1lise cuidadosa, pois a manuten\u00e7\u00e3o de juros elevados agrava ainda mais a j\u00e1 comprometida competitividade do pa\u00eds Maio, 2025 &#8211; A Federa\u00e7\u00e3o das Ind\u00fastrias do Estado do Rio de Janeiro (Firjan) considera excessivo o aumento da taxa [&hellip;]<\/p>\n","protected":false},"author":1,"featured_media":25514,"comment_status":"open","ping_status":"open","sticky":false,"template":"","format":"standard","meta":{"_uag_custom_page_level_css":"","footnotes":""},"categories":[33],"tags":[27357,1248,5096,21911],"class_list":["post-25513","post","type-post","status-publish","format-standard","has-post-thumbnail","hentry","category-mercado","tag-lulajurosaltos","tag-banco-central","tag-firjan","tag-taxa-selic"],"blocksy_meta":[],"spectra_blocks_featured_image_url":{"thumbnail":{"url":"https:\/\/construcaocivil.siriusmarketingedesign.com.br\/wp-content\/uploads\/2025\/05\/TAXA-SELIC-150x150.jpg","width":150,"height":150},"medium":{"url":"https:\/\/construcaocivil.siriusmarketingedesign.com.br\/wp-content\/uploads\/2025\/05\/TAXA-SELIC-300x282.jpg","width":300,"height":282},"medium_large":{"url":"https:\/\/construcaocivil.siriusmarketingedesign.com.br\/wp-content\/uploads\/2025\/05\/TAXA-SELIC-768x722.jpg","width":768,"height":722},"large":{"url":"https:\/\/construcaocivil.siriusmarketingedesign.com.br\/wp-content\/uploads\/2025\/05\/TAXA-SELIC.jpg","width":892,"height":838},"full":{"url":"https:\/\/construcaocivil.siriusmarketingedesign.com.br\/wp-content\/uploads\/2025\/05\/TAXA-SELIC.jpg","width":892,"height":838}},"spectra_blocks_author_info":{"display_name":"Jornal da Constru\u00e7\u00e3o Civil","avatar_url":"https:\/\/secure.gravatar.com\/avatar\/973c9774fd44ddaceb026973c4962faa70fc512bc4c9da68e8ebb40fecee6540?s=96&d=mm&r=g","author_link":"https:\/\/construcaocivil.siriusmarketingedesign.com.br\/?author=1","description":"Desde de 2013, levando muitas informa\u00e7\u00f5es, lan\u00e7amentos e produtos de qualidade para toda cadeia produtiva da constru\u00e7\u00e3o. O Futuro da constru\u00e7\u00e3o passa por aqui,"},"uagb_featured_image_src":{"full":["https:\/\/construcaocivil.siriusmarketingedesign.com.br\/wp-content\/uploads\/2025\/05\/TAXA-SELIC.jpg",892,838,false],"thumbnail":["https:\/\/construcaocivil.siriusmarketingedesign.com.br\/wp-content\/uploads\/2025\/05\/TAXA-SELIC-150x150.jpg",150,150,true],"medium":["https:\/\/construcaocivil.siriusmarketingedesign.com.br\/wp-content\/uploads\/2025\/05\/TAXA-SELIC-300x282.jpg",300,282,true],"medium_large":["https:\/\/construcaocivil.siriusmarketingedesign.com.br\/wp-content\/uploads\/2025\/05\/TAXA-SELIC-768x722.jpg",768,722,true],"large":["https:\/\/construcaocivil.siriusmarketingedesign.com.br\/wp-content\/uploads\/2025\/05\/TAXA-SELIC.jpg",892,838,false],"1536x1536":["https:\/\/construcaocivil.siriusmarketingedesign.com.br\/wp-content\/uploads\/2025\/05\/TAXA-SELIC.jpg",892,838,false],"2048x2048":["https:\/\/construcaocivil.siriusmarketingedesign.com.br\/wp-content\/uploads\/2025\/05\/TAXA-SELIC.jpg",892,838,false]},"uagb_author_info":{"display_name":"Jornal da Constru\u00e7\u00e3o Civil","author_link":"https:\/\/construcaocivil.siriusmarketingedesign.com.br\/?author=1"},"uagb_comment_info":0,"uagb_excerpt":"Federa\u00e7\u00e3o das Ind\u00fastrias do Estado do Rio de Janeiro entende que o\u00a0cen\u00e1rio atual de incertezas globais exige uma an\u00e1lise cuidadosa, pois a manuten\u00e7\u00e3o de juros elevados agrava ainda mais a j\u00e1 comprometida competitividade do pa\u00eds Maio, 2025 &#8211; A Federa\u00e7\u00e3o das Ind\u00fastrias do Estado do Rio de Janeiro (Firjan) considera excessivo o aumento da taxa&hellip;","_links":{"self":[{"href":"https:\/\/construcaocivil.siriusmarketingedesign.com.br\/index.php?rest_route=\/wp\/v2\/posts\/25513","targetHints":{"allow":["GET"]}}],"collection":[{"href":"https:\/\/construcaocivil.siriusmarketingedesign.com.br\/index.php?rest_route=\/wp\/v2\/posts"}],"about":[{"href":"https:\/\/construcaocivil.siriusmarketingedesign.com.br\/index.php?rest_route=\/wp\/v2\/types\/post"}],"author":[{"embeddable":true,"href":"https:\/\/construcaocivil.siriusmarketingedesign.com.br\/index.php?rest_route=\/wp\/v2\/users\/1"}],"replies":[{"embeddable":true,"href":"https:\/\/construcaocivil.siriusmarketingedesign.com.br\/index.php?rest_route=%2Fwp%2Fv2%2Fcomments&post=25513"}],"version-history":[{"count":0,"href":"https:\/\/construcaocivil.siriusmarketingedesign.com.br\/index.php?rest_route=\/wp\/v2\/posts\/25513\/revisions"}],"wp:featuredmedia":[{"embeddable":true,"href":"https:\/\/construcaocivil.siriusmarketingedesign.com.br\/index.php?rest_route=\/wp\/v2\/media\/25514"}],"wp:attachment":[{"href":"https:\/\/construcaocivil.siriusmarketingedesign.com.br\/index.php?rest_route=%2Fwp%2Fv2%2Fmedia&parent=25513"}],"wp:term":[{"taxonomy":"category","embeddable":true,"href":"https:\/\/construcaocivil.siriusmarketingedesign.com.br\/index.php?rest_route=%2Fwp%2Fv2%2Fcategories&post=25513"},{"taxonomy":"post_tag","embeddable":true,"href":"https:\/\/construcaocivil.siriusmarketingedesign.com.br\/index.php?rest_route=%2Fwp%2Fv2%2Ftags&post=25513"}],"curies":[{"name":"wp","href":"https:\/\/api.w.org\/{rel}","templated":true}]}}