{"id":25525,"date":"2025-05-12T00:15:07","date_gmt":"2025-05-12T03:15:07","guid":{"rendered":"https:\/\/www.jornaldaconstrucaocivil.com.br\/?p=25525"},"modified":"2025-05-12T00:15:07","modified_gmt":"2025-05-12T03:15:07","slug":"nova-casa-prefeitura-anuncia-obras-do-novo-mercado-popular-da-uruguaiana","status":"publish","type":"post","link":"https:\/\/construcaocivil.siriusmarketingedesign.com.br\/?p=25525","title":{"rendered":"Nova casa: Prefeitura anuncia obras do Novo Mercado Popular da Uruguaiana"},"content":{"rendered":"<p style=\"text-align: justify;\">Maio, 2025 &#8211; A Prefeitura do Rio, por meio da Secretaria Municipal de Infraestrutura, vai iniciar uma das maiores obras de requalifica\u00e7\u00e3o urbana do Centro da cidade: a constru\u00e7\u00e3o do Novo Mercado Popular da Uruguaiana. Com or\u00e7amento estimado em R$ 84,8 milh\u00f5es e previs\u00e3o de execu\u00e7\u00e3o em 16 meses, o projeto vai transformar um dos maiores polos de com\u00e9rcio popular do estado do Rio de Janeiro. A licita\u00e7\u00e3o est\u00e1 marcada para o dia 09 de junho.<\/p>\n<blockquote><p>\u2013 O objetivo da Prefeitura do Rio \u00e9 que todos os ambulantes regularizados do Centro fiquem no Novo Mercado Popular, em condi\u00e7\u00f5es adequadas de trabalho, com seguran\u00e7a e sem risco de inc\u00eandio. Ser\u00e1 um grande shopping a c\u00e9u aberto na Uruguaiana \u2013 afirmou o prefeito em exerc\u00edcio, Eduardo Cavaliere.<\/p><\/blockquote>\n<p style=\"text-align: justify;\">A proposta prev\u00ea a demoli\u00e7\u00e3o do mercado existente e a reurbaniza\u00e7\u00e3o completa do entorno, com a cria\u00e7\u00e3o de um boulevard que conectar\u00e1 as ruas Uruguaiana e Presidente Vargas, incentivando a circula\u00e7\u00e3o de pedestres e promovendo maior integra\u00e7\u00e3o com o espa\u00e7o urbano.<\/p>\n<blockquote><p>\u2013 A ideia do novo mercado \u00e9 tornar o local mais agrad\u00e1vel e mais seguro para os comerciantes e o p\u00fablico em geral. Integrando de uma forma melhor o Novo Mercado Popular com a arquitetura do entorno. Com este formato poderemos contemplar os bens tombados da regi\u00e3o. Sem contar que teremos um boulevard que facilitar\u00e1 a circula\u00e7\u00e3o de pessoas e um sistema moderno de preven\u00e7\u00e3o a inc\u00eandios seguindo a legisla\u00e7\u00e3o do Corpo de Bombeiros \u2013 revelou o secret\u00e1rio de Infraestrutura, Wanderson Santos.<\/p><\/blockquote>\n<p style=\"text-align: justify;\">O novo mercado ser\u00e1 constru\u00eddo em estrutura met\u00e1lica moderna, distribu\u00edda em t\u00e9rreo e tr\u00eas pavimentos em mezanino. No t\u00e9rreo, os boxes estar\u00e3o organizados em fileiras identificadas, com duas pra\u00e7as de alimenta\u00e7\u00e3o, sanit\u00e1rios, \u00e1reas para carga e descarga, al\u00e9m de uma loja \u00e2ncora com acesso direto pelas duas vias principais. Os tr\u00eas mezaninos avan\u00e7am para o interior do espa\u00e7o como balc\u00f5es suspensos, oferecendo vis\u00e3o panor\u00e2mica desde o t\u00e9rreo.<\/p>\n<figure id=\"attachment_114212\" class=\"wp-caption alignnone\" style=\"text-align: justify;\" aria-describedby=\"caption-attachment-114212\"><img loading=\"lazy\" decoding=\"async\" class=\"wp-image-114212 size-full lazyloaded\" src=\"https:\/\/prefeitura.rio\/wp-content\/uploads\/2025\/05\/Enscape_2025-02-25-13-30-05.png\" sizes=\"auto, (max-width: 1920px) 100vw, 1920px\" srcset=\"https:\/\/prefeitura.rio\/wp-content\/uploads\/2025\/05\/Enscape_2025-02-25-13-30-05.png 1920w, https:\/\/prefeitura.rio\/wp-content\/uploads\/2025\/05\/Enscape_2025-02-25-13-30-05-360x203.png 360w, https:\/\/prefeitura.rio\/wp-content\/uploads\/2025\/05\/Enscape_2025-02-25-13-30-05-600x338.png 600w, https:\/\/prefeitura.rio\/wp-content\/uploads\/2025\/05\/Enscape_2025-02-25-13-30-05-768x432.png 768w, https:\/\/prefeitura.rio\/wp-content\/uploads\/2025\/05\/Enscape_2025-02-25-13-30-05-1536x864.png 1536w\" alt=\"\" width=\"1920\" height=\"1080\" data-src=\"https:\/\/prefeitura.rio\/wp-content\/uploads\/2025\/05\/Enscape_2025-02-25-13-30-05.png\" data-srcset=\"https:\/\/prefeitura.rio\/wp-content\/uploads\/2025\/05\/Enscape_2025-02-25-13-30-05.png 1920w, https:\/\/prefeitura.rio\/wp-content\/uploads\/2025\/05\/Enscape_2025-02-25-13-30-05-360x203.png 360w, https:\/\/prefeitura.rio\/wp-content\/uploads\/2025\/05\/Enscape_2025-02-25-13-30-05-600x338.png 600w, https:\/\/prefeitura.rio\/wp-content\/uploads\/2025\/05\/Enscape_2025-02-25-13-30-05-768x432.png 768w, https:\/\/prefeitura.rio\/wp-content\/uploads\/2025\/05\/Enscape_2025-02-25-13-30-05-1536x864.png 1536w\" \/><figcaption id=\"caption-attachment-114212\" class=\"wp-caption-text\">Imagem do projeto do Novo Mercado Popular da Uruguaiana \u2013 Reprodu\u00e7\u00e3o<\/figcaption><\/figure>\n<p style=\"text-align: justify;\">O primeiro e segundo mezaninos abrigar\u00e3o mais boxes comerciais e sanit\u00e1rios. O segundo contar\u00e1 ainda com varandas externas voltadas para as ruas Uruguaiana e Presidente Vargas, o que garantir\u00e1 ventila\u00e7\u00e3o cruzada e integra\u00e7\u00e3o visual com o entorno. J\u00e1 o terceiro mezanino ser\u00e1 destinado a \u00f3rg\u00e3os da Prefeitura, promovendo maior presen\u00e7a institucional na \u00e1rea.<\/p>\n<p style=\"text-align: justify;\">A cobertura do novo mercado ser\u00e1 met\u00e1lica, com estrutura treli\u00e7ada e telhas trapezoidais de alum\u00ednio, em alinhamento com o Plano Agache, respeitando a arquitetura das galerias tradicionais do centro hist\u00f3rico.<\/p>\n<p style=\"text-align: justify;\">Al\u00e9m do novo edif\u00edcio, o projeto prev\u00ea 10 mil metros quadrados de reurbaniza\u00e7\u00e3o no entorno, com cal\u00e7adas acess\u00edveis e melhorias no paisagismo e infraestrutura urbana. Todo o conjunto contar\u00e1 com sistemas de ventila\u00e7\u00e3o natural, ilumina\u00e7\u00e3o eficiente, redes hidr\u00e1ulicas e de preven\u00e7\u00e3o a inc\u00eandio, elevando o padr\u00e3o de seguran\u00e7a e sustentabilidade.<\/p>\n<p style=\"text-align: justify;\">As obras ser\u00e3o executadas em quatro fases, de forma a permitir que o mercado continue funcionando durante o processo. Nenhum trabalhador ser\u00e1 deixado sem espa\u00e7o para atuar: os comerciantes afetados temporariamente pelas interven\u00e7\u00f5es ser\u00e3o realocados para locais provis\u00f3rios ainda a definir, garantindo a continuidade das atividades.<\/p>\n<p style=\"text-align: justify;\">Com essas mudan\u00e7as, a Prefeitura do Rio refor\u00e7a seu compromisso com a revitaliza\u00e7\u00e3o do Centro e com a valoriza\u00e7\u00e3o dos trabalhadores do com\u00e9rcio popular. O Novo Mercado da Uruguaiana ser\u00e1 um espa\u00e7o moderno, seguro e digno para os comerciantes e para os milhares de cariocas que passam diariamente pela regi\u00e3o e movimentam a economia da cidade.<\/p>\n<p>Fonte: Prefeitura Rio de Janeiro<\/p>\n","protected":false},"excerpt":{"rendered":"<p>Maio, 2025 &#8211; A Prefeitura do Rio, por meio da Secretaria Municipal de Infraestrutura, vai iniciar uma das maiores obras de requalifica\u00e7\u00e3o urbana do Centro da cidade: a constru\u00e7\u00e3o do Novo Mercado Popular da Uruguaiana. Com or\u00e7amento estimado em R$ 84,8 milh\u00f5es e previs\u00e3o de execu\u00e7\u00e3o em 16 meses, o projeto vai transformar um dos [&hellip;]<\/p>\n","protected":false},"author":1,"featured_media":25526,"comment_status":"open","ping_status":"open","sticky":false,"template":"","format":"standard","meta":{"_uag_custom_page_level_css":"","footnotes":""},"categories":[31],"tags":[25754,27485,2137,27484],"class_list":["post-25525","post","type-post","status-publish","format-standard","has-post-thumbnail","hentry","category-infraestrutura","tag-eduardopaes","tag-camelodromo-da-uruguaiana","tag-centro-rj","tag-novo-mercado-popular"],"blocksy_meta":[],"spectra_blocks_featured_image_url":{"thumbnail":{"url":"https:\/\/construcaocivil.siriusmarketingedesign.com.br\/wp-content\/uploads\/2025\/05\/URUGUAIANA-RJ-150x150.jpg","width":150,"height":150},"medium":{"url":"https:\/\/construcaocivil.siriusmarketingedesign.com.br\/wp-content\/uploads\/2025\/05\/URUGUAIANA-RJ-300x163.jpg","width":300,"height":163},"medium_large":{"url":"https:\/\/construcaocivil.siriusmarketingedesign.com.br\/wp-content\/uploads\/2025\/05\/URUGUAIANA-RJ.jpg","width":614,"height":334},"large":{"url":"https:\/\/construcaocivil.siriusmarketingedesign.com.br\/wp-content\/uploads\/2025\/05\/URUGUAIANA-RJ.jpg","width":614,"height":334},"full":{"url":"https:\/\/construcaocivil.siriusmarketingedesign.com.br\/wp-content\/uploads\/2025\/05\/URUGUAIANA-RJ.jpg","width":614,"height":334}},"spectra_blocks_author_info":{"display_name":"Jornal da Constru\u00e7\u00e3o Civil","avatar_url":"https:\/\/secure.gravatar.com\/avatar\/973c9774fd44ddaceb026973c4962faa70fc512bc4c9da68e8ebb40fecee6540?s=96&d=mm&r=g","author_link":"https:\/\/construcaocivil.siriusmarketingedesign.com.br\/?author=1","description":"Desde de 2013, levando muitas informa\u00e7\u00f5es, lan\u00e7amentos e produtos de qualidade para toda cadeia produtiva da constru\u00e7\u00e3o. O Futuro da constru\u00e7\u00e3o passa por aqui,"},"uagb_featured_image_src":{"full":["https:\/\/construcaocivil.siriusmarketingedesign.com.br\/wp-content\/uploads\/2025\/05\/URUGUAIANA-RJ.jpg",614,334,false],"thumbnail":["https:\/\/construcaocivil.siriusmarketingedesign.com.br\/wp-content\/uploads\/2025\/05\/URUGUAIANA-RJ-150x150.jpg",150,150,true],"medium":["https:\/\/construcaocivil.siriusmarketingedesign.com.br\/wp-content\/uploads\/2025\/05\/URUGUAIANA-RJ-300x163.jpg",300,163,true],"medium_large":["https:\/\/construcaocivil.siriusmarketingedesign.com.br\/wp-content\/uploads\/2025\/05\/URUGUAIANA-RJ.jpg",614,334,false],"large":["https:\/\/construcaocivil.siriusmarketingedesign.com.br\/wp-content\/uploads\/2025\/05\/URUGUAIANA-RJ.jpg",614,334,false],"1536x1536":["https:\/\/construcaocivil.siriusmarketingedesign.com.br\/wp-content\/uploads\/2025\/05\/URUGUAIANA-RJ.jpg",614,334,false],"2048x2048":["https:\/\/construcaocivil.siriusmarketingedesign.com.br\/wp-content\/uploads\/2025\/05\/URUGUAIANA-RJ.jpg",614,334,false]},"uagb_author_info":{"display_name":"Jornal da Constru\u00e7\u00e3o Civil","author_link":"https:\/\/construcaocivil.siriusmarketingedesign.com.br\/?author=1"},"uagb_comment_info":0,"uagb_excerpt":"Maio, 2025 &#8211; A Prefeitura do Rio, por meio da Secretaria Municipal de Infraestrutura, vai iniciar uma das maiores obras de requalifica\u00e7\u00e3o urbana do Centro da cidade: a constru\u00e7\u00e3o do Novo Mercado Popular da Uruguaiana. Com or\u00e7amento estimado em R$ 84,8 milh\u00f5es e previs\u00e3o de execu\u00e7\u00e3o em 16 meses, o projeto vai transformar um dos&hellip;","_links":{"self":[{"href":"https:\/\/construcaocivil.siriusmarketingedesign.com.br\/index.php?rest_route=\/wp\/v2\/posts\/25525","targetHints":{"allow":["GET"]}}],"collection":[{"href":"https:\/\/construcaocivil.siriusmarketingedesign.com.br\/index.php?rest_route=\/wp\/v2\/posts"}],"about":[{"href":"https:\/\/construcaocivil.siriusmarketingedesign.com.br\/index.php?rest_route=\/wp\/v2\/types\/post"}],"author":[{"embeddable":true,"href":"https:\/\/construcaocivil.siriusmarketingedesign.com.br\/index.php?rest_route=\/wp\/v2\/users\/1"}],"replies":[{"embeddable":true,"href":"https:\/\/construcaocivil.siriusmarketingedesign.com.br\/index.php?rest_route=%2Fwp%2Fv2%2Fcomments&post=25525"}],"version-history":[{"count":0,"href":"https:\/\/construcaocivil.siriusmarketingedesign.com.br\/index.php?rest_route=\/wp\/v2\/posts\/25525\/revisions"}],"wp:featuredmedia":[{"embeddable":true,"href":"https:\/\/construcaocivil.siriusmarketingedesign.com.br\/index.php?rest_route=\/wp\/v2\/media\/25526"}],"wp:attachment":[{"href":"https:\/\/construcaocivil.siriusmarketingedesign.com.br\/index.php?rest_route=%2Fwp%2Fv2%2Fmedia&parent=25525"}],"wp:term":[{"taxonomy":"category","embeddable":true,"href":"https:\/\/construcaocivil.siriusmarketingedesign.com.br\/index.php?rest_route=%2Fwp%2Fv2%2Fcategories&post=25525"},{"taxonomy":"post_tag","embeddable":true,"href":"https:\/\/construcaocivil.siriusmarketingedesign.com.br\/index.php?rest_route=%2Fwp%2Fv2%2Ftags&post=25525"}],"curies":[{"name":"wp","href":"https:\/\/api.w.org\/{rel}","templated":true}]}}