{"id":25533,"date":"2025-05-13T00:27:45","date_gmt":"2025-05-13T03:27:45","guid":{"rendered":"https:\/\/www.jornaldaconstrucaocivil.com.br\/?p=25533"},"modified":"2025-05-13T00:27:45","modified_gmt":"2025-05-13T03:27:45","slug":"futebol-brasileiro-de-mentalidade-nova-carlos-ancelotti-e-o-novo-treinador-da-selecao-brasileira-de-futebol","status":"publish","type":"post","link":"https:\/\/construcaocivil.siriusmarketingedesign.com.br\/?p=25533","title":{"rendered":"Futebol brasileiro de mentalidade &#8220;nova&#8221;: Carlos Ancelotti \u00e9 o novo treinador da sele\u00e7\u00e3o brasileira de futebol"},"content":{"rendered":"<p style=\"text-align: justify;\">Maio, 2025 &#8211; Ap\u00f3s muitas negocia\u00e7\u00f5es entre a Confedera\u00e7\u00e3o Brasileira de Futebol(CBF), Real Madri e o t\u00e9cnico italiano Carlos Ancelotti chegou ao fim o mart\u00edrio da sele\u00e7\u00e3o brasileira de futebol Finalmente, o treinador italiano, multicamada por diversos clubes europeus aceitou comandar a principal sele\u00e7\u00e3o de futebol do mundo, \u00fanica equipe <em>pentacampe\u00e3.\u00a0<\/em><\/p>\n<p style=\"text-align: justify;\">De acordo com apura\u00e7\u00e3o da imprensa esportiva, o sal\u00e1rio que a CBF pagar\u00e1 para Ancelotti ser\u00e1 de 10 milh\u00f5es de Euros(R$ 63, 21 milh\u00f5es), com contrato at\u00e9 o final da Copado Mundo de 2026.<\/p>\n<p style=\"text-align: justify;\"><strong>Pergunta: O que seria mudan\u00e7a da MENTALIDADE DO JOGADOR BRASILEIRO ?\u00a0<\/strong><\/p>\n<p>Segue trecho da fala do Presidente da CBF, Ednaldo Rodrigues:<\/p>\n<p><span style=\"color: #993300;\"><em>&#8220;Trazer Carlo Ancelotti para comandar o Brasil \u00e9 mais do que um movimento estrat\u00e9gico. \u00c9 uma declara\u00e7\u00e3o ao mundo de que estamos determinados a recuperar o lugar mais alto do p\u00f3dio. Ele \u00e9 o maior t\u00e9cnico da hist\u00f3ria e, agora, est\u00e1 \u00e0 frente da maior sele\u00e7\u00e3o do planeta. Juntos, escreveremos novos cap\u00edtulos gloriosos do futebol brasileiro\u2026 &#8211; Veja mais em https:\/\/www.uol.com.br\/esporte\/futebol\/ultimas-noticias\/2025\/05\/12\/ancelotti-selecao-brasileira-site.htm?cmpid=copiaecola&#8221;.\u00a0<\/em><\/span><\/p>\n<p><iframe loading=\"lazy\" title=\"OFICIAL! \ud83d\udea8Carlo Ancelotti \u00e9 o novo t\u00e9cnico da Sele\u00e7\u00e3o Brasileira! \ud83c\udde7\ud83c\uddf7 #sele\u00e7\u00e3obrasileira #brasil\" width=\"563\" height=\"1000\" src=\"https:\/\/www.youtube.com\/embed\/nvPO3wRywzI?feature=oembed\" frameborder=\"0\" allow=\"accelerometer; autoplay; clipboard-write; encrypted-media; gyroscope; picture-in-picture; web-share\" referrerpolicy=\"strict-origin-when-cross-origin\" allowfullscreen><\/iframe><\/p>\n","protected":false},"excerpt":{"rendered":"<p>Maio, 2025 &#8211; Ap\u00f3s muitas negocia\u00e7\u00f5es entre a Confedera\u00e7\u00e3o Brasileira de Futebol(CBF), Real Madri e o t\u00e9cnico italiano Carlos Ancelotti chegou ao fim o mart\u00edrio da sele\u00e7\u00e3o brasileira de futebol Finalmente, o treinador italiano, multicamada por diversos clubes europeus aceitou comandar a principal sele\u00e7\u00e3o de futebol do mundo, \u00fanica equipe pentacampe\u00e3.\u00a0 De acordo com apura\u00e7\u00e3o [&hellip;]<\/p>\n","protected":false},"author":1,"featured_media":25534,"comment_status":"open","ping_status":"open","sticky":false,"template":"","format":"standard","meta":{"_uag_custom_page_level_css":"","footnotes":""},"categories":[27],"tags":[27494,27493,27491,27489,27490,27492,27495],"class_list":["post-25533","post","type-post","status-publish","format-standard","has-post-thumbnail","hentry","category-acontece","tag-neymar","tag-vinijr","tag-carlos-ancelotti","tag-cbf","tag-copa-do-mundo-2026","tag-futebol-brasileiro","tag-mente-vencedora"],"blocksy_meta":[],"spectra_blocks_featured_image_url":{"thumbnail":{"url":"https:\/\/construcaocivil.siriusmarketingedesign.com.br\/wp-content\/uploads\/2025\/05\/CBF-150x150.png","width":150,"height":150},"medium":{"url":"https:\/\/construcaocivil.siriusmarketingedesign.com.br\/wp-content\/uploads\/2025\/05\/CBF-300x247.png","width":300,"height":247},"medium_large":{"url":"https:\/\/construcaocivil.siriusmarketingedesign.com.br\/wp-content\/uploads\/2025\/05\/CBF.png","width":445,"height":367},"large":{"url":"https:\/\/construcaocivil.siriusmarketingedesign.com.br\/wp-content\/uploads\/2025\/05\/CBF.png","width":445,"height":367},"full":{"url":"https:\/\/construcaocivil.siriusmarketingedesign.com.br\/wp-content\/uploads\/2025\/05\/CBF.png","width":445,"height":367}},"spectra_blocks_author_info":{"display_name":"Jornal da Constru\u00e7\u00e3o Civil","avatar_url":"https:\/\/secure.gravatar.com\/avatar\/973c9774fd44ddaceb026973c4962faa70fc512bc4c9da68e8ebb40fecee6540?s=96&d=mm&r=g","author_link":"https:\/\/construcaocivil.siriusmarketingedesign.com.br\/?author=1","description":"Desde de 2013, levando muitas informa\u00e7\u00f5es, lan\u00e7amentos e produtos de qualidade para toda cadeia produtiva da constru\u00e7\u00e3o. O Futuro da constru\u00e7\u00e3o passa por aqui,"},"uagb_featured_image_src":{"full":["https:\/\/construcaocivil.siriusmarketingedesign.com.br\/wp-content\/uploads\/2025\/05\/CBF.png",445,367,false],"thumbnail":["https:\/\/construcaocivil.siriusmarketingedesign.com.br\/wp-content\/uploads\/2025\/05\/CBF-150x150.png",150,150,true],"medium":["https:\/\/construcaocivil.siriusmarketingedesign.com.br\/wp-content\/uploads\/2025\/05\/CBF-300x247.png",300,247,true],"medium_large":["https:\/\/construcaocivil.siriusmarketingedesign.com.br\/wp-content\/uploads\/2025\/05\/CBF.png",445,367,false],"large":["https:\/\/construcaocivil.siriusmarketingedesign.com.br\/wp-content\/uploads\/2025\/05\/CBF.png",445,367,false],"1536x1536":["https:\/\/construcaocivil.siriusmarketingedesign.com.br\/wp-content\/uploads\/2025\/05\/CBF.png",445,367,false],"2048x2048":["https:\/\/construcaocivil.siriusmarketingedesign.com.br\/wp-content\/uploads\/2025\/05\/CBF.png",445,367,false]},"uagb_author_info":{"display_name":"Jornal da Constru\u00e7\u00e3o Civil","author_link":"https:\/\/construcaocivil.siriusmarketingedesign.com.br\/?author=1"},"uagb_comment_info":0,"uagb_excerpt":"Maio, 2025 &#8211; Ap\u00f3s muitas negocia\u00e7\u00f5es entre a Confedera\u00e7\u00e3o Brasileira de Futebol(CBF), Real Madri e o t\u00e9cnico italiano Carlos Ancelotti chegou ao fim o mart\u00edrio da sele\u00e7\u00e3o brasileira de futebol Finalmente, o treinador italiano, multicamada por diversos clubes europeus aceitou comandar a principal sele\u00e7\u00e3o de futebol do mundo, \u00fanica equipe pentacampe\u00e3.\u00a0 De acordo com apura\u00e7\u00e3o&hellip;","_links":{"self":[{"href":"https:\/\/construcaocivil.siriusmarketingedesign.com.br\/index.php?rest_route=\/wp\/v2\/posts\/25533","targetHints":{"allow":["GET"]}}],"collection":[{"href":"https:\/\/construcaocivil.siriusmarketingedesign.com.br\/index.php?rest_route=\/wp\/v2\/posts"}],"about":[{"href":"https:\/\/construcaocivil.siriusmarketingedesign.com.br\/index.php?rest_route=\/wp\/v2\/types\/post"}],"author":[{"embeddable":true,"href":"https:\/\/construcaocivil.siriusmarketingedesign.com.br\/index.php?rest_route=\/wp\/v2\/users\/1"}],"replies":[{"embeddable":true,"href":"https:\/\/construcaocivil.siriusmarketingedesign.com.br\/index.php?rest_route=%2Fwp%2Fv2%2Fcomments&post=25533"}],"version-history":[{"count":0,"href":"https:\/\/construcaocivil.siriusmarketingedesign.com.br\/index.php?rest_route=\/wp\/v2\/posts\/25533\/revisions"}],"wp:featuredmedia":[{"embeddable":true,"href":"https:\/\/construcaocivil.siriusmarketingedesign.com.br\/index.php?rest_route=\/wp\/v2\/media\/25534"}],"wp:attachment":[{"href":"https:\/\/construcaocivil.siriusmarketingedesign.com.br\/index.php?rest_route=%2Fwp%2Fv2%2Fmedia&parent=25533"}],"wp:term":[{"taxonomy":"category","embeddable":true,"href":"https:\/\/construcaocivil.siriusmarketingedesign.com.br\/index.php?rest_route=%2Fwp%2Fv2%2Fcategories&post=25533"},{"taxonomy":"post_tag","embeddable":true,"href":"https:\/\/construcaocivil.siriusmarketingedesign.com.br\/index.php?rest_route=%2Fwp%2Fv2%2Ftags&post=25533"}],"curies":[{"name":"wp","href":"https:\/\/api.w.org\/{rel}","templated":true}]}}