{"id":2556,"date":"2016-07-12T17:04:37","date_gmt":"2016-07-12T17:04:37","guid":{"rendered":"http:\/\/www.jornaldaconstrucaocivil.com.br\/?p=2556"},"modified":"2016-07-12T17:04:37","modified_gmt":"2016-07-12T17:04:37","slug":"lona-de-pvc-nacional-tem-resolucao-antidumping-favoravel","status":"publish","type":"post","link":"https:\/\/construcaocivil.siriusmarketingedesign.com.br\/?p=2556","title":{"rendered":"Lona de PVC nacional tem resolu\u00e7\u00e3o antidumping favor\u00e1vel"},"content":{"rendered":"<p><span style=\"color: #0000ff;\"><strong>Camex fixa aplica\u00e7\u00e3o de direito antidumping \u2013 sob a forma de al\u00edquota espec\u00edfica \u2013 para as importa\u00e7\u00f5es de lonas de PVC com refor\u00e7o t\u00eaxtil em ambas as faces origin\u00e1rias da China e da Coreia do Sul.<\/strong><\/span><\/p>\n<figure id=\"attachment_2557\" aria-describedby=\"caption-attachment-2557\" style=\"width: 334px\" class=\"wp-caption alignleft\"><a href=\"http:\/\/www.jornaldaconstrucaocivil.com.br\/wp-content\/uploads\/2016\/07\/Sansuy.jpg\"><img loading=\"lazy\" decoding=\"async\" class=\"wp-image-2557\" src=\"http:\/\/www.jornaldaconstrucaocivil.com.br\/wp-content\/uploads\/2016\/07\/Sansuy-1024x531.jpg\" alt=\"Sansuy\" width=\"334\" height=\"173\" \/><\/a><figcaption id=\"caption-attachment-2557\" class=\"wp-caption-text\"><span style=\"color: #333300;\">Divulga\u00e7\u00e3o<\/span><\/figcaption><\/figure>\n<p><span style=\"color: #000000;\">O Di\u00e1rio Oficial da Uni\u00e3o publicou em sua edi\u00e7\u00e3o do \u00faltimo dia 24 de junho a Resolu\u00e7\u00e3o Camex (C\u00e2mara de Com\u00e9rcio Exterior) &#8211; n\u00famero 51, de 23\/6\/2016, encerrando investiga\u00e7\u00e3o sobre a pr\u00e1tica de dumping nas importa\u00e7\u00f5es brasileiras de lonas de PVC com refor\u00e7o t\u00eaxtil em ambas as faces, origin\u00e1rias da China e da Coreia do Sul.<\/span><\/p>\n<p><span style=\"color: #000000;\">O resultado da investiga\u00e7\u00e3o \u00e9 a aplica\u00e7\u00e3o de direito antidumping por um prazo de at\u00e9 cinco anos, sob a forma de al\u00edquota espec\u00edfica fixada em US$\/kg, variando entre US$ 0,29\/kg e 2,31\/kg, dependendo da empresa exportadora e do pa\u00eds de origem.<\/span><\/p>\n<p><span style=\"color: #000000;\">Em janeiro de 2015 a Sansuy, fabricante de laminados de PVC, entrou com o pedido de investiga\u00e7\u00e3o de dumping junto ao DECOM (Departamento de Defesa Comercial do Minist\u00e9rio da Ind\u00fastria, Com\u00e9rcio Exterior e Servi\u00e7os). A investiga\u00e7\u00e3o constatou tecnicamente que os exportadores da China e Coreia do Sul praticaram dumping nas exporta\u00e7\u00f5es ao Brasil e que a pr\u00e1tica causou preju\u00edzo a este segmento da ind\u00fastria nacional. O dano refletiu-se, por exemplo, na queda significativa da produ\u00e7\u00e3o nacional, em perda de vendas da ind\u00fastria dom\u00e9stica, al\u00e9m de altas taxas de ociosidade, aumento de estoques e redu\u00e7\u00e3o de empregos.<\/span><\/p>\n<p><span style=\"color: #000000;\">\u201cA decis\u00e3o fortalecer\u00e1 condi\u00e7\u00f5es de concorr\u00eancia e \u00e9 de suma import\u00e2ncia para a revitaliza\u00e7\u00e3o da ind\u00fastria dom\u00e9stica de lonas de PVC, que vinha sofrendo com o aumento significativo de importa\u00e7\u00f5es\u201d, explica o advogado Luiz Eduardo Salles, do escrit\u00f3rio Azevedo Sette Advogados, que representa a Sansuy nesta a\u00e7\u00e3o. \u201c\u00c9 importante ressaltar que, embora o pedido tenha sido feito pela Sansuy, em nome da ind\u00fastria dom\u00e9stica, a medida adotada fortalecer\u00e1 toda a ind\u00fastria nacional de lona de PVC, que conta com diversas outras empresas produtoras ou em condi\u00e7\u00f5es de produzir\u201d, complementa.<\/span><\/p>\n<p><span style=\"color: #000000;\">A resolu\u00e7\u00e3o tem aplica\u00e7\u00e3o imediata, ou seja, todos os desembara\u00e7os de lona de PVC com refor\u00e7o t\u00eaxtil em ambas as faces (NCM 3921.90.19) ocorridos a partir de 24\/06\/16 e que tenham origem na China e na Coreia do Sul, cujos exportadores estejam listados na Resolu\u00e7\u00e3o Camex n\u00ba 51\/16, ter\u00e3o a incid\u00eancia da medida antidumping.<\/span><\/p>\n<p><span style=\"color: #000000;\">A Resolu\u00e7\u00e3o em quest\u00e3o, com a descri\u00e7\u00e3o detalhada do produto-objeto e das al\u00edquotas aplic\u00e1veis, pode ser encontrada na p\u00e1gina da Camex:<\/span><strong><span style=\"color: #0000ff;\"> http:\/\/www.camex.gov.br\/\u00a0<\/span><\/strong><\/p>\n<p><span style=\"color: #000000;\">Mais Informa\u00e7\u00f5es:<\/span><strong><span style=\"color: #800080;\">\u00a0<em>www.sansuy.com.br<\/em><\/span><\/strong><\/p>\n<p>&nbsp;<\/p>\n","protected":false},"excerpt":{"rendered":"<p>Camex fixa aplica\u00e7\u00e3o de direito antidumping \u2013 sob a forma de al\u00edquota espec\u00edfica \u2013 para as importa\u00e7\u00f5es de lonas de PVC com refor\u00e7o t\u00eaxtil em ambas as faces origin\u00e1rias da China e da Coreia do Sul. O Di\u00e1rio Oficial da Uni\u00e3o publicou em sua edi\u00e7\u00e3o do \u00faltimo dia 24 de junho a Resolu\u00e7\u00e3o Camex (C\u00e2mara [&hellip;]<\/p>\n","protected":false},"author":1,"featured_media":2557,"comment_status":"open","ping_status":"open","sticky":false,"template":"","format":"standard","meta":{"_uag_custom_page_level_css":"","footnotes":""},"categories":[33],"tags":[1730,2213,2461,3081,3454,6679,7028,10612],"class_list":["post-2556","post","type-post","status-publish","format-standard","has-post-thumbnail","hentry","category-mercado","tag-camex","tag-china","tag-comercio-exterior-e-servicos","tag-coreia-do-sul","tag-departamento-de-defesa-comercial-do-ministerio-da-industria","tag-laminados-de-pvc","tag-lona-de-pvc","tag-sansuy"],"blocksy_meta":[],"spectra_blocks_featured_image_url":[],"spectra_blocks_author_info":{"display_name":"Jornal da Constru\u00e7\u00e3o Civil","avatar_url":"https:\/\/secure.gravatar.com\/avatar\/973c9774fd44ddaceb026973c4962faa70fc512bc4c9da68e8ebb40fecee6540?s=96&d=mm&r=g","author_link":"https:\/\/construcaocivil.siriusmarketingedesign.com.br\/?author=1","description":"Desde de 2013, levando muitas informa\u00e7\u00f5es, lan\u00e7amentos e produtos de qualidade para toda cadeia produtiva da constru\u00e7\u00e3o. O Futuro da constru\u00e7\u00e3o passa por aqui,"},"uagb_featured_image_src":{"full":false,"thumbnail":false,"medium":false,"medium_large":false,"large":false,"1536x1536":false,"2048x2048":false},"uagb_author_info":{"display_name":"Jornal da Constru\u00e7\u00e3o Civil","author_link":"https:\/\/construcaocivil.siriusmarketingedesign.com.br\/?author=1"},"uagb_comment_info":0,"uagb_excerpt":"Camex fixa aplica\u00e7\u00e3o de direito antidumping \u2013 sob a forma de al\u00edquota espec\u00edfica \u2013 para as importa\u00e7\u00f5es de lonas de PVC com refor\u00e7o t\u00eaxtil em ambas as faces origin\u00e1rias da China e da Coreia do Sul. O Di\u00e1rio Oficial da Uni\u00e3o publicou em sua edi\u00e7\u00e3o do \u00faltimo dia 24 de junho a Resolu\u00e7\u00e3o Camex (C\u00e2mara&hellip;","_links":{"self":[{"href":"https:\/\/construcaocivil.siriusmarketingedesign.com.br\/index.php?rest_route=\/wp\/v2\/posts\/2556","targetHints":{"allow":["GET"]}}],"collection":[{"href":"https:\/\/construcaocivil.siriusmarketingedesign.com.br\/index.php?rest_route=\/wp\/v2\/posts"}],"about":[{"href":"https:\/\/construcaocivil.siriusmarketingedesign.com.br\/index.php?rest_route=\/wp\/v2\/types\/post"}],"author":[{"embeddable":true,"href":"https:\/\/construcaocivil.siriusmarketingedesign.com.br\/index.php?rest_route=\/wp\/v2\/users\/1"}],"replies":[{"embeddable":true,"href":"https:\/\/construcaocivil.siriusmarketingedesign.com.br\/index.php?rest_route=%2Fwp%2Fv2%2Fcomments&post=2556"}],"version-history":[{"count":0,"href":"https:\/\/construcaocivil.siriusmarketingedesign.com.br\/index.php?rest_route=\/wp\/v2\/posts\/2556\/revisions"}],"wp:attachment":[{"href":"https:\/\/construcaocivil.siriusmarketingedesign.com.br\/index.php?rest_route=%2Fwp%2Fv2%2Fmedia&parent=2556"}],"wp:term":[{"taxonomy":"category","embeddable":true,"href":"https:\/\/construcaocivil.siriusmarketingedesign.com.br\/index.php?rest_route=%2Fwp%2Fv2%2Fcategories&post=2556"},{"taxonomy":"post_tag","embeddable":true,"href":"https:\/\/construcaocivil.siriusmarketingedesign.com.br\/index.php?rest_route=%2Fwp%2Fv2%2Ftags&post=2556"}],"curies":[{"name":"wp","href":"https:\/\/api.w.org\/{rel}","templated":true}]}}