{"id":25561,"date":"2025-05-18T13:22:35","date_gmt":"2025-05-18T16:22:35","guid":{"rendered":"https:\/\/www.jornaldaconstrucaocivil.com.br\/?p=25561"},"modified":"2025-05-18T13:22:35","modified_gmt":"2025-05-18T16:22:35","slug":"implantacao-de-passarelas-entre-predios-pode-impulsionar-revitalizacao-do-centro-diz-diretora-do-secovi-sp-campinas","status":"publish","type":"post","link":"https:\/\/construcaocivil.siriusmarketingedesign.com.br\/?p=25561","title":{"rendered":"Implanta\u00e7\u00e3o de passarelas entre pr\u00e9dios pode impulsionar revitaliza\u00e7\u00e3o do Centro, diz diretora do Secovi-SP Campinas"},"content":{"rendered":"<p style=\"text-align: justify;\"><strong><i>Decreto foi publicado no final do m\u00eas de abril pela Prefeitura e abre oportunidade para que Campinas se torne refer\u00eancia na regi\u00e3o<\/i><\/strong><\/p>\n<p style=\"text-align: justify;\">\nNo dia 30 de abril a Prefeitura de Campinas publicou decreto que regulamenta a implanta\u00e7\u00e3o de passarelas entre pr\u00e9dios no centro de Campinas-SP. As estruturas, agora autorizadas oficialmente, permitir\u00e3o a interliga\u00e7\u00e3o de edif\u00edcios por meio de passagens a\u00e9reas, voltadas exclusivamente ao uso de pedestres.\n<\/p>\n<p style=\"text-align: justify;\">Para Carina Cury, diretora de Assuntos Legislativos e Urbanismo Metropolitano da Regional Secovi-SP em Campinas, a medida pode impulsionar a revitaliza\u00e7\u00e3o do centro e atrair novas empresas e novos investimentos, especialmente de cl\u00ednicas, hospitais, entre outros interesses. &#8220;A medida \u00e9 um benef\u00edcio urban\u00edstico que trar\u00e1 mais conveni\u00eancia, acessibilidade e moderniza\u00e7\u00e3o, al\u00e9m de valorizar os im\u00f3veis da regi\u00e3o&#8221;, ressalta Carina.\n<\/p>\n<p style=\"text-align: justify;\">A norma define que as passarelas devem ter no m\u00e1ximo seis metros de largura e seguir as exig\u00eancias de acessibilidade. &#8220;H\u00e1 algumas quest\u00f5es muito importantes no decreto, como n\u00e3o permitir superf\u00edcies espelhadas, para n\u00e3o refletir e n\u00e3o atrapalhar o tr\u00e2nsito&#8221;, destacou.\n<\/p>\n<p style=\"text-align: justify;\">Carina tamb\u00e9m comenta que esse modelo \u00e9 comum em cidades como Nova York, Detroit, Curitiba e S\u00e3o Paulo. &#8220;Se for bem-feita e bem planejada, pode ser algo inovador e pass\u00edvel de ser replicado em outros munic\u00edpios&#8221;.\n<\/p>\n<p style=\"text-align: justify;\">Sobre a possibilidade de aplica\u00e7\u00e3o em edif\u00edcios existentes, a diretora explica que no caso de um retrofit, se a estrutura suportar, poderia ser feito, desde que siga as normas, como a ABNT NBR 9050. &#8220;\u00c9 importante ressaltar que essas passagens n\u00e3o poder\u00e3o ter pontos de vendas de produtos, pois ser\u00e3o restritas apenas \u00e0 circula\u00e7\u00e3o das pessoas.&#8221;\n<\/p>\n<p style=\"text-align: justify;\">Carina afirmou que o setor j\u00e1 utiliza esse tipo de estrutura em outros munic\u00edpios e que o decreto abre oportunidade para que Campinas se torne refer\u00eancia. &#8220;A Prefeitura oferece est\u00edmulos nesse sentido, e o Secovi-SP apoia o decreto e todas as recomenda\u00e7\u00f5es que t\u00eam sido colocadas para revitalizar o centro da cidade&#8221;, afirma a diretora.<\/p>\n","protected":false},"excerpt":{"rendered":"<p>Decreto foi publicado no final do m\u00eas de abril pela Prefeitura e abre oportunidade para que Campinas se torne refer\u00eancia na regi\u00e3o No dia 30 de abril a Prefeitura de Campinas publicou decreto que regulamenta a implanta\u00e7\u00e3o de passarelas entre pr\u00e9dios no centro de Campinas-SP. As estruturas, agora autorizadas oficialmente, permitir\u00e3o a interliga\u00e7\u00e3o de edif\u00edcios [&hellip;]<\/p>\n","protected":false},"author":1,"featured_media":25562,"comment_status":"open","ping_status":"open","sticky":false,"template":"","format":"standard","meta":{"_uag_custom_page_level_css":"","footnotes":""},"categories":[31],"tags":[25662,27509,27507,27506,27508],"class_list":["post-25561","post","type-post","status-publish","format-standard","has-post-thumbnail","hentry","category-infraestrutura","tag-retrofitmoradias","tag-nbr-9050","tag-revitalizacao-do-centro-sp","tag-secovi-campinas","tag-urbanismo-e-revitalizacao"],"blocksy_meta":[],"spectra_blocks_featured_image_url":{"thumbnail":{"url":"https:\/\/construcaocivil.siriusmarketingedesign.com.br\/wp-content\/uploads\/2025\/05\/handler-150x150.jpeg","width":150,"height":150},"medium":{"url":"https:\/\/construcaocivil.siriusmarketingedesign.com.br\/wp-content\/uploads\/2025\/05\/handler-300x168.jpeg","width":300,"height":168},"medium_large":{"url":"https:\/\/construcaocivil.siriusmarketingedesign.com.br\/wp-content\/uploads\/2025\/05\/handler-768x430.jpeg","width":768,"height":430},"large":{"url":"https:\/\/construcaocivil.siriusmarketingedesign.com.br\/wp-content\/uploads\/2025\/05\/handler.jpeg","width":960,"height":538},"full":{"url":"https:\/\/construcaocivil.siriusmarketingedesign.com.br\/wp-content\/uploads\/2025\/05\/handler.jpeg","width":960,"height":538}},"spectra_blocks_author_info":{"display_name":"Jornal da Constru\u00e7\u00e3o Civil","avatar_url":"https:\/\/secure.gravatar.com\/avatar\/973c9774fd44ddaceb026973c4962faa70fc512bc4c9da68e8ebb40fecee6540?s=96&d=mm&r=g","author_link":"https:\/\/construcaocivil.siriusmarketingedesign.com.br\/?author=1","description":"Desde de 2013, levando muitas informa\u00e7\u00f5es, lan\u00e7amentos e produtos de qualidade para toda cadeia produtiva da constru\u00e7\u00e3o. O Futuro da constru\u00e7\u00e3o passa por aqui,"},"uagb_featured_image_src":{"full":["https:\/\/construcaocivil.siriusmarketingedesign.com.br\/wp-content\/uploads\/2025\/05\/handler.jpeg",960,538,false],"thumbnail":["https:\/\/construcaocivil.siriusmarketingedesign.com.br\/wp-content\/uploads\/2025\/05\/handler-150x150.jpeg",150,150,true],"medium":["https:\/\/construcaocivil.siriusmarketingedesign.com.br\/wp-content\/uploads\/2025\/05\/handler-300x168.jpeg",300,168,true],"medium_large":["https:\/\/construcaocivil.siriusmarketingedesign.com.br\/wp-content\/uploads\/2025\/05\/handler-768x430.jpeg",768,430,true],"large":["https:\/\/construcaocivil.siriusmarketingedesign.com.br\/wp-content\/uploads\/2025\/05\/handler.jpeg",960,538,false],"1536x1536":["https:\/\/construcaocivil.siriusmarketingedesign.com.br\/wp-content\/uploads\/2025\/05\/handler.jpeg",960,538,false],"2048x2048":["https:\/\/construcaocivil.siriusmarketingedesign.com.br\/wp-content\/uploads\/2025\/05\/handler.jpeg",960,538,false]},"uagb_author_info":{"display_name":"Jornal da Constru\u00e7\u00e3o Civil","author_link":"https:\/\/construcaocivil.siriusmarketingedesign.com.br\/?author=1"},"uagb_comment_info":0,"uagb_excerpt":"Decreto foi publicado no final do m\u00eas de abril pela Prefeitura e abre oportunidade para que Campinas se torne refer\u00eancia na regi\u00e3o No dia 30 de abril a Prefeitura de Campinas publicou decreto que regulamenta a implanta\u00e7\u00e3o de passarelas entre pr\u00e9dios no centro de Campinas-SP. As estruturas, agora autorizadas oficialmente, permitir\u00e3o a interliga\u00e7\u00e3o de edif\u00edcios&hellip;","_links":{"self":[{"href":"https:\/\/construcaocivil.siriusmarketingedesign.com.br\/index.php?rest_route=\/wp\/v2\/posts\/25561","targetHints":{"allow":["GET"]}}],"collection":[{"href":"https:\/\/construcaocivil.siriusmarketingedesign.com.br\/index.php?rest_route=\/wp\/v2\/posts"}],"about":[{"href":"https:\/\/construcaocivil.siriusmarketingedesign.com.br\/index.php?rest_route=\/wp\/v2\/types\/post"}],"author":[{"embeddable":true,"href":"https:\/\/construcaocivil.siriusmarketingedesign.com.br\/index.php?rest_route=\/wp\/v2\/users\/1"}],"replies":[{"embeddable":true,"href":"https:\/\/construcaocivil.siriusmarketingedesign.com.br\/index.php?rest_route=%2Fwp%2Fv2%2Fcomments&post=25561"}],"version-history":[{"count":0,"href":"https:\/\/construcaocivil.siriusmarketingedesign.com.br\/index.php?rest_route=\/wp\/v2\/posts\/25561\/revisions"}],"wp:featuredmedia":[{"embeddable":true,"href":"https:\/\/construcaocivil.siriusmarketingedesign.com.br\/index.php?rest_route=\/wp\/v2\/media\/25562"}],"wp:attachment":[{"href":"https:\/\/construcaocivil.siriusmarketingedesign.com.br\/index.php?rest_route=%2Fwp%2Fv2%2Fmedia&parent=25561"}],"wp:term":[{"taxonomy":"category","embeddable":true,"href":"https:\/\/construcaocivil.siriusmarketingedesign.com.br\/index.php?rest_route=%2Fwp%2Fv2%2Fcategories&post=25561"},{"taxonomy":"post_tag","embeddable":true,"href":"https:\/\/construcaocivil.siriusmarketingedesign.com.br\/index.php?rest_route=%2Fwp%2Fv2%2Ftags&post=25561"}],"curies":[{"name":"wp","href":"https:\/\/api.w.org\/{rel}","templated":true}]}}