{"id":25582,"date":"2025-05-22T00:21:35","date_gmt":"2025-05-22T03:21:35","guid":{"rendered":"https:\/\/www.jornaldaconstrucaocivil.com.br\/?p=25582"},"modified":"2025-05-22T00:21:35","modified_gmt":"2025-05-22T03:21:35","slug":"curta-na-praca-mesquita-recebe-festival-de-cinema-com-exibicao-gratuita-de-16-filmes","status":"publish","type":"post","link":"https:\/\/construcaocivil.siriusmarketingedesign.com.br\/?p=25582","title":{"rendered":"\u2018Curta na Pra\u00e7a\u2019: Mesquita recebe festival de cinema com exibi\u00e7\u00e3o gratuita de 16 filmes"},"content":{"rendered":"<div style=\"text-align: justify;\"><strong><i>P\u00fablico esperado \u00e9 de 450 por sess\u00e3o, 900 por dia e total de 1.800 pessoas em 4 sess\u00f5es<\/i><\/strong><\/div>\n<div>\n<div style=\"text-align: justify;\"><\/div>\n<div style=\"text-align: justify;\">Maio, 2025 &#8211; Fam\u00edlias de plant\u00e3o da cidade de Mesquita j\u00e1 podem se programar para curtir um festival de curtas, de gra\u00e7a, na Pra\u00e7a da Telemar, que pretende reunir 450 espectadores por sess\u00e3o, 900 por dia e total de 1.800 pessoas em 4 sess\u00f5es. Dias 24 e 25\/05, \u00e0s 18h30min e \u00e0s 20h ser\u00e3o exibidos, ao todo, 16 filmes. Al\u00e9m da gratuidade da entrada, todo o p\u00fablico tamb\u00e9m ganha pipoca e refrigerante para curtir a telona. Ap\u00f3s as sess\u00f5es debate e sorteio com distribui\u00e7\u00e3o de brindes.<\/div>\n<div style=\"text-align: justify;\"><\/div>\n<div style=\"text-align: justify;\">Os filmes nacionais selecionados que comp\u00f5em a programa\u00e7\u00e3o s\u00e3o representativos de todas as regi\u00f5es do Brasil, com curtas de 11 estados. No s\u00e1bado (24\/05) a primeira sess\u00e3o ser\u00e1 \u00e0s 18h30min, com a exibi\u00e7\u00e3o dos filmes: \u2018L\u00e9 com Cr\u00e9\u2019 anima\u00e7\u00e3o que apresenta reflex\u00f5es das crian\u00e7as sobre temas como dinheiro, medo e quest\u00f5es de g\u00eanero, \u2018Os Causos da Bisav\u00f3\u2019 que fala sobre medos e assombra\u00e7\u00f5es, \u2018Celaticomus\u2019 que ganhou como melhor Curta-Metragem de Anima\u00e7\u00e3o no Festival Internacional de Curtas de Belo Horizonte e mostra que at\u00e9 um monstro pode ser tocado pela arte e pela literatura; \u2018Dela\u2019 que refor\u00e7a o combate ao racismo desde a inf\u00e2ncia, onde a menina passa a conhecer e se orgulhar da origem de seu nome.<\/div>\n<div style=\"text-align: justify;\"><\/div>\n<div style=\"text-align: justify;\">Na sess\u00e3o das 20h ser\u00e1 vez de \u2018Lily\u2019s Hair\u2019 que trata de uma menina em busca de sua identidade negra, desafiando a press\u00e3o est\u00e9tica que a sociedade imp\u00f5e, \u2018O V\u00e9u de Amani\u2019 que amplia a discuss\u00e3o para as quest\u00f5es \u00e9tnicas e religiosas e sobre as diferen\u00e7a culturais entre refugiados e cidad\u00e3os locais, \u2018Guri\u2019 que trata de bullying e supera\u00e7\u00e3o, com o suporte da comunidade e \u2018O Homem que Virou Meme\u2019 que trata da atualidade das piadas na internet.<\/div>\n<div style=\"text-align: justify;\"><\/div>\n<div style=\"text-align: justify;\">J\u00e1 no domingo (25\/05) os curtas ser\u00e3o \u00e0s 18h30min seguindo a seguinte ordem: \u2018Meu Nome \u00e9 Maalum\u2019 que traduz o bullying em uma narrativa l\u00fadica e educativa, \u2018Contos Mirabolantes \u2013 O Olho do Mapinguari\u2019 que mergulha na fantasia de uma crian\u00e7a, com base no folclore amaz\u00f4nico, \u2018Sobre Amizade e Bicicletas\u2019 que aborda o assunto capacitismo com leveza e humor e \u201cRua Dinor\u00e1\u2019 que trata de uma menina que busca a identidade do seu local de origem.<\/div>\n<div style=\"text-align: justify;\"><\/div>\n<div style=\"text-align: justify;\">\u00a0E \u00e0s 20h ser\u00e1 vez de \u2018Teo, o Menino Azul\u2019 que trata do descaso ambiental do mundo contempor\u00e2neo, \u2018Menina Espoleta e os Super-Her\u00f3is Secretos\u2019 que aborda a fantasia dos super-her\u00f3is no universo infantil, \u2018O Menino e o Ovo\u2019 que fala sobre empatia e \u2018Intervalo\u2019 que aborda a rela\u00e7\u00e3o entre porteiro de um pr\u00e9dio e filho, que ficam trancados em um terra\u00e7o durante um jogo de futebol e s\u00e3o ignorados pelos moradores.<\/div>\n<div style=\"text-align: justify;\"><\/div>\n<div style=\"text-align: justify;\">A Pra\u00e7a da Telemar\/ Pra\u00e7a Jo\u00e3o Lu\u00eds do Nascimento fica no Centro de Mesquita.<\/div>\n<div style=\"text-align: justify;\"><\/div>\n<div style=\"text-align: justify;\">Curtas-metragens s\u00e3o filmes com uma dura\u00e7\u00e3o menor do que os tradicionais longasmetragens. Eles contam hist\u00f3rias de forma mais concisa e podem abranger diversos g\u00eaneros, como drama, com\u00e9dia, anima\u00e7\u00e3o, fic\u00e7\u00e3o e document\u00e1rio. Ao final de cada sess\u00e3o a plateia ser\u00e1 convidada a participar de um debate sobre os temas abordados nos curtas, al\u00e9m de concorrer a brindes.<\/div>\n<div style=\"text-align: justify;\"><\/div>\n<div style=\"text-align: justify;\">O projeto \u00e9 patrocinado pela Light, por meio da Lei Estadual de Incentivo \u00e0 Cultura do Governo do Estado do Rio de Janeiro e Secretaria de Cultura e Economia Criativa. A realiza\u00e7\u00e3o \u00e9 da Associa\u00e7\u00e3o Caminho da Cultura. Mais informa\u00e7\u00f5es pelas redes sociais @caminhodacultura e @curtanapraca_<\/div>\n<div style=\"text-align: justify;\"><\/div>\n<\/div>\n","protected":false},"excerpt":{"rendered":"<p>P\u00fablico esperado \u00e9 de 450 por sess\u00e3o, 900 por dia e total de 1.800 pessoas em 4 sess\u00f5es Maio, 2025 &#8211; Fam\u00edlias de plant\u00e3o da cidade de Mesquita j\u00e1 podem se programar para curtir um festival de curtas, de gra\u00e7a, na Pra\u00e7a da Telemar, que pretende reunir 450 espectadores por sess\u00e3o, 900 por dia e [&hellip;]<\/p>\n","protected":false},"author":1,"featured_media":25583,"comment_status":"open","ping_status":"open","sticky":false,"template":"","format":"standard","meta":{"_uag_custom_page_level_css":"","footnotes":""},"categories":[27],"tags":[1217,27515,27517,16990,27516],"class_list":["post-25582","post","type-post","status-publish","format-standard","has-post-thumbnail","hentry","category-acontece","tag-baixada-fluminense","tag-cinema-na-praca","tag-filmes-nacionais","tag-light-energia","tag-mesquita-rj"],"blocksy_meta":[],"spectra_blocks_featured_image_url":{"thumbnail":{"url":"https:\/\/construcaocivil.siriusmarketingedesign.com.br\/wp-content\/uploads\/2025\/05\/Divulgacao-para-Mesquita-3-150x150.jpeg","width":150,"height":150},"medium":{"url":"https:\/\/construcaocivil.siriusmarketingedesign.com.br\/wp-content\/uploads\/2025\/05\/Divulgacao-para-Mesquita-3-300x200.jpeg","width":300,"height":200},"medium_large":{"url":"https:\/\/construcaocivil.siriusmarketingedesign.com.br\/wp-content\/uploads\/2025\/05\/Divulgacao-para-Mesquita-3-768x511.jpeg","width":768,"height":511},"large":{"url":"https:\/\/construcaocivil.siriusmarketingedesign.com.br\/wp-content\/uploads\/2025\/05\/Divulgacao-para-Mesquita-3-1024x682.jpeg","width":1024,"height":682},"full":{"url":"https:\/\/construcaocivil.siriusmarketingedesign.com.br\/wp-content\/uploads\/2025\/05\/Divulgacao-para-Mesquita-3.jpeg","width":1280,"height":852}},"spectra_blocks_author_info":{"display_name":"Jornal da Constru\u00e7\u00e3o Civil","avatar_url":"https:\/\/secure.gravatar.com\/avatar\/973c9774fd44ddaceb026973c4962faa70fc512bc4c9da68e8ebb40fecee6540?s=96&d=mm&r=g","author_link":"https:\/\/construcaocivil.siriusmarketingedesign.com.br\/?author=1","description":"Desde de 2013, levando muitas informa\u00e7\u00f5es, lan\u00e7amentos e produtos de qualidade para toda cadeia produtiva da constru\u00e7\u00e3o. O Futuro da constru\u00e7\u00e3o passa por aqui,"},"uagb_featured_image_src":{"full":["https:\/\/construcaocivil.siriusmarketingedesign.com.br\/wp-content\/uploads\/2025\/05\/Divulgacao-para-Mesquita-3.jpeg",1280,852,false],"thumbnail":["https:\/\/construcaocivil.siriusmarketingedesign.com.br\/wp-content\/uploads\/2025\/05\/Divulgacao-para-Mesquita-3-150x150.jpeg",150,150,true],"medium":["https:\/\/construcaocivil.siriusmarketingedesign.com.br\/wp-content\/uploads\/2025\/05\/Divulgacao-para-Mesquita-3-300x200.jpeg",300,200,true],"medium_large":["https:\/\/construcaocivil.siriusmarketingedesign.com.br\/wp-content\/uploads\/2025\/05\/Divulgacao-para-Mesquita-3-768x511.jpeg",768,511,true],"large":["https:\/\/construcaocivil.siriusmarketingedesign.com.br\/wp-content\/uploads\/2025\/05\/Divulgacao-para-Mesquita-3-1024x682.jpeg",1024,682,true],"1536x1536":["https:\/\/construcaocivil.siriusmarketingedesign.com.br\/wp-content\/uploads\/2025\/05\/Divulgacao-para-Mesquita-3.jpeg",1280,852,false],"2048x2048":["https:\/\/construcaocivil.siriusmarketingedesign.com.br\/wp-content\/uploads\/2025\/05\/Divulgacao-para-Mesquita-3.jpeg",1280,852,false]},"uagb_author_info":{"display_name":"Jornal da Constru\u00e7\u00e3o Civil","author_link":"https:\/\/construcaocivil.siriusmarketingedesign.com.br\/?author=1"},"uagb_comment_info":0,"uagb_excerpt":"P\u00fablico esperado \u00e9 de 450 por sess\u00e3o, 900 por dia e total de 1.800 pessoas em 4 sess\u00f5es Maio, 2025 &#8211; Fam\u00edlias de plant\u00e3o da cidade de Mesquita j\u00e1 podem se programar para curtir um festival de curtas, de gra\u00e7a, na Pra\u00e7a da Telemar, que pretende reunir 450 espectadores por sess\u00e3o, 900 por dia e&hellip;","_links":{"self":[{"href":"https:\/\/construcaocivil.siriusmarketingedesign.com.br\/index.php?rest_route=\/wp\/v2\/posts\/25582","targetHints":{"allow":["GET"]}}],"collection":[{"href":"https:\/\/construcaocivil.siriusmarketingedesign.com.br\/index.php?rest_route=\/wp\/v2\/posts"}],"about":[{"href":"https:\/\/construcaocivil.siriusmarketingedesign.com.br\/index.php?rest_route=\/wp\/v2\/types\/post"}],"author":[{"embeddable":true,"href":"https:\/\/construcaocivil.siriusmarketingedesign.com.br\/index.php?rest_route=\/wp\/v2\/users\/1"}],"replies":[{"embeddable":true,"href":"https:\/\/construcaocivil.siriusmarketingedesign.com.br\/index.php?rest_route=%2Fwp%2Fv2%2Fcomments&post=25582"}],"version-history":[{"count":0,"href":"https:\/\/construcaocivil.siriusmarketingedesign.com.br\/index.php?rest_route=\/wp\/v2\/posts\/25582\/revisions"}],"wp:featuredmedia":[{"embeddable":true,"href":"https:\/\/construcaocivil.siriusmarketingedesign.com.br\/index.php?rest_route=\/wp\/v2\/media\/25583"}],"wp:attachment":[{"href":"https:\/\/construcaocivil.siriusmarketingedesign.com.br\/index.php?rest_route=%2Fwp%2Fv2%2Fmedia&parent=25582"}],"wp:term":[{"taxonomy":"category","embeddable":true,"href":"https:\/\/construcaocivil.siriusmarketingedesign.com.br\/index.php?rest_route=%2Fwp%2Fv2%2Fcategories&post=25582"},{"taxonomy":"post_tag","embeddable":true,"href":"https:\/\/construcaocivil.siriusmarketingedesign.com.br\/index.php?rest_route=%2Fwp%2Fv2%2Ftags&post=25582"}],"curies":[{"name":"wp","href":"https:\/\/api.w.org\/{rel}","templated":true}]}}