{"id":25585,"date":"2025-05-22T13:46:42","date_gmt":"2025-05-22T16:46:42","guid":{"rendered":"https:\/\/www.jornaldaconstrucaocivil.com.br\/?p=25585"},"modified":"2025-05-22T13:46:42","modified_gmt":"2025-05-22T16:46:42","slug":"oportunidades-acciona-abre-vagas-para-o-programa-academy-2025","status":"publish","type":"post","link":"https:\/\/construcaocivil.siriusmarketingedesign.com.br\/?p=25585","title":{"rendered":"Oportunidades: ACCIONA abre vagas para o Programa ACADEMY 2025"},"content":{"rendered":"<p style=\"text-align: justify;\"><strong>Na edi\u00e7\u00e3o anterior, 24 pessoas participaram do programa, sendo que 66% foram contratadas como estagi\u00e1rios na empresa<\/strong><\/p>\n<p style=\"text-align: justify;\">\n<p style=\"text-align: justify;\">Maio, 2025 &#8211; A ACCIONA, empresa global que desenvolve solu\u00e7\u00f5es de infraestrutura sustent\u00e1veis, est\u00e1 com inscri\u00e7\u00f5es abertas para seu Programa Academy 2025. O programa \u00e9 uma oportunidade \u00fanica para estudantes que queiram desenvolver soft-skills e uma experi\u00eancia imersiva na ACCIONA, preparando-os para o mercado de trabalho em uma empresa que prioriza o desenvolvimento sustent\u00e1vel e coloca as pessoas no centro de todas as suas iniciativas.<\/p>\n<p style=\"text-align: justify;\">\n<p style=\"text-align: justify;\">O Academy oferece uma forma\u00e7\u00e3o intensiva na modalidade h\u00edbrida, com a dura\u00e7\u00e3o de 2 semanas, sendo a primeira semana remota e a segunda semana presencial. S\u00e3o realizadas atividades como workshops de forma\u00e7\u00e3o em compet\u00eancias-chave (comunica\u00e7\u00e3o, lideran\u00e7a, trabalho em equipe, metodologias \u00e1geis, intelig\u00eancia artificial, negocia\u00e7\u00e3o etc.), possibilidade de networking com especialistas da ACCIONA e sess\u00f5es de orienta\u00e7\u00e3o. Ao final, trabalham em um business case que ser\u00e1 apresentado para integrantes da companhia, oferecendo uma possibilidade de viv\u00eancia real no ambiente corporativo.<\/p>\n<p style=\"text-align: justify;\">\n<p style=\"text-align: justify;\">O diferencial desta edi\u00e7\u00e3o \u00e9 que ser\u00e1 realizado em parceria com o ACADEMY Espanha, possibilitando uma experi\u00eancia internacional e intercultural. O programa acontece de 23 de junho a 4 de julho de 2025, no per\u00edodo da manh\u00e3.<\/p>\n<p style=\"text-align: justify;\">\n<p style=\"text-align: justify;\">A forma\u00e7\u00e3o de jovens talentos \u00e9 a base para gerar mudan\u00e7as e impactos positivos nas pessoas e, por isso, a ACCIONA est\u00e1 comprometida em criar um ambiente inclusivo na quest\u00e3o de g\u00eanero. Na \u00faltima edi\u00e7\u00e3o do programa, por exemplo, 66% das participantes eram mulheres.<\/p>\n<p style=\"text-align: justify;\">\n<p style=\"text-align: justify;\">O Academy oferece acesso priorit\u00e1rio para o ACCIONA nexTalent &#8211; Programa de Est\u00e1gio 2026. A ACCIONA recebeu a certifica\u00e7\u00e3o Top Employer em 2022, 2023, 2024 e 2025, reconhecendo-a como uma das melhores empresas para se trabalhar no Brasil por seu compromisso de colocar a gest\u00e3o de pessoas no centro de sua estrat\u00e9gia.<\/p>\n<p style=\"text-align: justify;\">\n<p style=\"text-align: justify;\"><strong>Confira os requisitos para participar:<\/strong><\/p>\n<p style=\"text-align: justify;\">&#8211; Ser estudante de gradua\u00e7\u00e3o no pen\u00faltimo ano do curso, com alto n\u00edvel de ingl\u00eas, experi\u00eancias extracurriculares e\/ou acad\u00eamicas e disponibilidade de hor\u00e1rio.<\/p>\n<p style=\"text-align: justify;\">\n<p style=\"text-align: justify;\">&#8211; Voltado a alunos de Engenharias (Civil, Mec\u00e2nica, El\u00e9trica, Ambiental e de Minas), Psicologia, Administra\u00e7\u00e3o, Finan\u00e7as, Direito, Marketing e \u00e1reas correlatas.<\/p>\n<p style=\"text-align: justify;\">\n<p style=\"text-align: justify;\">Para se inscrever, basta acessar\u00a0<a href=\"https:\/\/www.acciona.com.br\/trabalhe-conosco\/detalhe-de-emprego?id=20081191\" target=\"_blank\" rel=\"noopener noreferrer\"><u>este link<\/u><\/a>.<\/p>\n<p style=\"text-align: justify;\">\n<p style=\"text-align: justify;\">A\u00a0ACCIONA\u00a0\u00e9 uma empresa global, l\u00edder no fornecimento de solu\u00e7\u00f5es regenerativas para uma economia descarbonizada. Sua oferta de neg\u00f3cios inclui energia renov\u00e1vel, tratamento e gerenciamento de \u00e1gua, sistemas de transporte e mobilidade ecoeficientes, infraestruturas resilientes, etc. A empresa \u00e9 neutra em carbono desde 2016. A ACCIONA registrou vendas de 19,19 milh\u00f5es de euros em 2024 e conta com presen\u00e7a de neg\u00f3cios em mais de 40 pa\u00edses.\u00a0<a href=\"https:\/\/www.acciona.com.br\/\" target=\"_blank\" rel=\"noopener noreferrer\">Link<\/a><\/p>\n","protected":false},"excerpt":{"rendered":"<p>Na edi\u00e7\u00e3o anterior, 24 pessoas participaram do programa, sendo que 66% foram contratadas como estagi\u00e1rios na empresa Maio, 2025 &#8211; A ACCIONA, empresa global que desenvolve solu\u00e7\u00f5es de infraestrutura sustent\u00e1veis, est\u00e1 com inscri\u00e7\u00f5es abertas para seu Programa Academy 2025. O programa \u00e9 uma oportunidade \u00fanica para estudantes que queiram desenvolver soft-skills e uma experi\u00eancia imersiva [&hellip;]<\/p>\n","protected":false},"author":1,"featured_media":25586,"comment_status":"open","ping_status":"open","sticky":false,"template":"","format":"standard","meta":{"_uag_custom_page_level_css":"","footnotes":""},"categories":[27],"tags":[27519,27520,27518,27521],"class_list":["post-25585","post","type-post","status-publish","format-standard","has-post-thumbnail","hentry","category-acontece","tag-acciona-engenharia","tag-obras-do-metro-sp","tag-oportunidades-e-emprego","tag-programa-academy-2025"],"blocksy_meta":[],"spectra_blocks_featured_image_url":{"thumbnail":{"url":"https:\/\/construcaocivil.siriusmarketingedesign.com.br\/wp-content\/uploads\/2025\/05\/acciona-trabaja-con-nosotros-proposito-150x150.jpg","width":150,"height":150},"medium":{"url":"https:\/\/construcaocivil.siriusmarketingedesign.com.br\/wp-content\/uploads\/2025\/05\/acciona-trabaja-con-nosotros-proposito-300x145.jpg","width":300,"height":145},"medium_large":{"url":"https:\/\/construcaocivil.siriusmarketingedesign.com.br\/wp-content\/uploads\/2025\/05\/acciona-trabaja-con-nosotros-proposito-768x372.jpg","width":768,"height":372},"large":{"url":"https:\/\/construcaocivil.siriusmarketingedesign.com.br\/wp-content\/uploads\/2025\/05\/acciona-trabaja-con-nosotros-proposito-1024x496.jpg","width":1024,"height":496},"full":{"url":"https:\/\/construcaocivil.siriusmarketingedesign.com.br\/wp-content\/uploads\/2025\/05\/acciona-trabaja-con-nosotros-proposito.jpg","width":2000,"height":968}},"spectra_blocks_author_info":{"display_name":"Jornal da Constru\u00e7\u00e3o Civil","avatar_url":"https:\/\/secure.gravatar.com\/avatar\/973c9774fd44ddaceb026973c4962faa70fc512bc4c9da68e8ebb40fecee6540?s=96&d=mm&r=g","author_link":"https:\/\/construcaocivil.siriusmarketingedesign.com.br\/?author=1","description":"Desde de 2013, levando muitas informa\u00e7\u00f5es, lan\u00e7amentos e produtos de qualidade para toda cadeia produtiva da constru\u00e7\u00e3o. O Futuro da constru\u00e7\u00e3o passa por aqui,"},"uagb_featured_image_src":{"full":["https:\/\/construcaocivil.siriusmarketingedesign.com.br\/wp-content\/uploads\/2025\/05\/acciona-trabaja-con-nosotros-proposito.jpg",2000,968,false],"thumbnail":["https:\/\/construcaocivil.siriusmarketingedesign.com.br\/wp-content\/uploads\/2025\/05\/acciona-trabaja-con-nosotros-proposito-150x150.jpg",150,150,true],"medium":["https:\/\/construcaocivil.siriusmarketingedesign.com.br\/wp-content\/uploads\/2025\/05\/acciona-trabaja-con-nosotros-proposito-300x145.jpg",300,145,true],"medium_large":["https:\/\/construcaocivil.siriusmarketingedesign.com.br\/wp-content\/uploads\/2025\/05\/acciona-trabaja-con-nosotros-proposito-768x372.jpg",768,372,true],"large":["https:\/\/construcaocivil.siriusmarketingedesign.com.br\/wp-content\/uploads\/2025\/05\/acciona-trabaja-con-nosotros-proposito-1024x496.jpg",1024,496,true],"1536x1536":["https:\/\/construcaocivil.siriusmarketingedesign.com.br\/wp-content\/uploads\/2025\/05\/acciona-trabaja-con-nosotros-proposito-1536x743.jpg",1536,743,true],"2048x2048":["https:\/\/construcaocivil.siriusmarketingedesign.com.br\/wp-content\/uploads\/2025\/05\/acciona-trabaja-con-nosotros-proposito.jpg",2000,968,false]},"uagb_author_info":{"display_name":"Jornal da Constru\u00e7\u00e3o Civil","author_link":"https:\/\/construcaocivil.siriusmarketingedesign.com.br\/?author=1"},"uagb_comment_info":0,"uagb_excerpt":"Na edi\u00e7\u00e3o anterior, 24 pessoas participaram do programa, sendo que 66% foram contratadas como estagi\u00e1rios na empresa Maio, 2025 &#8211; A ACCIONA, empresa global que desenvolve solu\u00e7\u00f5es de infraestrutura sustent\u00e1veis, est\u00e1 com inscri\u00e7\u00f5es abertas para seu Programa Academy 2025. O programa \u00e9 uma oportunidade \u00fanica para estudantes que queiram desenvolver soft-skills e uma experi\u00eancia imersiva&hellip;","_links":{"self":[{"href":"https:\/\/construcaocivil.siriusmarketingedesign.com.br\/index.php?rest_route=\/wp\/v2\/posts\/25585","targetHints":{"allow":["GET"]}}],"collection":[{"href":"https:\/\/construcaocivil.siriusmarketingedesign.com.br\/index.php?rest_route=\/wp\/v2\/posts"}],"about":[{"href":"https:\/\/construcaocivil.siriusmarketingedesign.com.br\/index.php?rest_route=\/wp\/v2\/types\/post"}],"author":[{"embeddable":true,"href":"https:\/\/construcaocivil.siriusmarketingedesign.com.br\/index.php?rest_route=\/wp\/v2\/users\/1"}],"replies":[{"embeddable":true,"href":"https:\/\/construcaocivil.siriusmarketingedesign.com.br\/index.php?rest_route=%2Fwp%2Fv2%2Fcomments&post=25585"}],"version-history":[{"count":0,"href":"https:\/\/construcaocivil.siriusmarketingedesign.com.br\/index.php?rest_route=\/wp\/v2\/posts\/25585\/revisions"}],"wp:featuredmedia":[{"embeddable":true,"href":"https:\/\/construcaocivil.siriusmarketingedesign.com.br\/index.php?rest_route=\/wp\/v2\/media\/25586"}],"wp:attachment":[{"href":"https:\/\/construcaocivil.siriusmarketingedesign.com.br\/index.php?rest_route=%2Fwp%2Fv2%2Fmedia&parent=25585"}],"wp:term":[{"taxonomy":"category","embeddable":true,"href":"https:\/\/construcaocivil.siriusmarketingedesign.com.br\/index.php?rest_route=%2Fwp%2Fv2%2Fcategories&post=25585"},{"taxonomy":"post_tag","embeddable":true,"href":"https:\/\/construcaocivil.siriusmarketingedesign.com.br\/index.php?rest_route=%2Fwp%2Fv2%2Ftags&post=25585"}],"curies":[{"name":"wp","href":"https:\/\/api.w.org\/{rel}","templated":true}]}}