{"id":25588,"date":"2025-05-22T15:46:34","date_gmt":"2025-05-22T18:46:34","guid":{"rendered":"https:\/\/www.jornaldaconstrucaocivil.com.br\/?p=25588"},"modified":"2025-05-22T15:46:34","modified_gmt":"2025-05-22T18:46:34","slug":"oportunidades-na-obra-voith-oferece-vagas-de-emprego-em-obra-de-modernizacao-de-usina-de-porto-colombia","status":"publish","type":"post","link":"https:\/\/construcaocivil.siriusmarketingedesign.com.br\/?p=25588","title":{"rendered":"Oportunidades na obra: Voith oferece vagas de emprego em obra de moderniza\u00e7\u00e3o de Usina de Porto Col\u00f4mbia"},"content":{"rendered":"<p style=\"text-align: justify;\"><strong>S\u00c3O PAULO, Brasil\u00a0<\/strong>\u2013 A Voith Hydro est\u00e1 com vagas para o time administrativo no projeto de moderniza\u00e7\u00e3o da Usina Hidrel\u00e9trica de Porto Col\u00f4mbia.<\/p>\n<p style=\"text-align: justify;\">Os profissionais interessados em se candidatar podem enviar seus curr\u00edculos para o e-mail:\u00a0<a href=\"mailto:sabrina.oliveira@voith.com\" rel=\"noreferrer\">sabrina.oliveira@voith.com<\/a>\u00a0at\u00e9 o dia 02\/06\/2025. A Voith valoriza a diversidade e promove um ambiente inclusivo, incentivando candidaturas de profissionais diversos em suas oportunidades.<\/p>\n<p style=\"text-align: justify;\"><strong>Obra de moderniza\u00e7\u00e3o visa aumento de confiabilidade \u00e0 usina<\/strong><\/p>\n<p style=\"text-align: justify;\">A Voith Hydro possui ampla experi\u00eancia em implementa\u00e7\u00e3o e moderniza\u00e7\u00e3o de usinas hidrel\u00e9tricas no Brasil. De Paulo Afonso II e IV, Xing\u00f3 I e II e Henry Borden, a empresa tem desenvolvido cada vez mais suas tecnologias na implementa\u00e7\u00e3o de projetos de moderniza\u00e7\u00e3o.<\/p>\n<p style=\"text-align: justify;\">Localizada no Rio Grande, entre os munic\u00edpios de Planura (MG) e Gua\u00edra (SP) na divisa entre os estados, a Usina Hidrel\u00e9trica de Porto Col\u00f4mbia entrou em opera\u00e7\u00e3o em 1973 e possui capacidade instalada de 320 MW. A moderniza\u00e7\u00e3o visa garantir energia renov\u00e1vel e o aumento do fator de capacidade do sistema Furnas que abastece o Sistema Interligado Nacional (SIN).<\/p>\n<p style=\"text-align: justify;\">Confira as vagas dispon\u00edveis:<\/p>\n<p style=\"text-align: justify;\"><strong>Assistente Administrativo de Recursos Humanos<\/strong><\/p>\n<p style=\"text-align: justify;\">Atividades:<\/p>\n<ul style=\"text-align: justify;\">\n<li>Respons\u00e1vel pelos processos relacionados a admiss\u00e3o, demiss\u00e3o, afastamento previdenci\u00e1rio;<\/li>\n<li>Gest\u00e3o de f\u00e9rias;<\/li>\n<li>Controle de folgas de campo;<\/li>\n<li>Gest\u00e3o e controle de benef\u00edcios;<\/li>\n<li>Gest\u00e3o de transporte e alimenta\u00e7\u00e3o;<\/li>\n<li>Valida\u00e7\u00e3o e fechamento de ponto;<\/li>\n<li>Recebimento e envio de correspond\u00eancias e materiais;<\/li>\n<li>Verifica\u00e7\u00e3o de prazos e vencimentos de notas fiscais;<\/li>\n<li>Suporte aos assistentes e supervisores nas rotinas administrativas.<\/li>\n<\/ul>\n<p style=\"text-align: justify;\">Requisitos obrigat\u00f3rios:<\/p>\n<ul style=\"text-align: justify;\">\n<li>Forma\u00e7\u00e3o em administra\u00e7\u00e3o, recursos humanos, contabilidade ou \u00e1reas afins;<\/li>\n<li>Experi\u00eancia anterior em atividades administrativas de RH (mandat\u00f3rio);<\/li>\n<li>Conhecimento em legisla\u00e7\u00e3o trabalhista e rotinas de folha de pagamento;<\/li>\n<li>Dom\u00ednio do Pacote Office,<\/li>\n<li>CNH B desej\u00e1vel;<\/li>\n<li>Boa comunica\u00e7\u00e3o, organiza\u00e7\u00e3o e habilidades interpessoais<\/li>\n<li>Disponibilidade para trabalhar 100% presencialmente em Planura \u2013 MG.<\/li>\n<\/ul>\n<p style=\"text-align: justify;\">\n<p style=\"text-align: justify;\"><strong>Analista Administrativo<\/strong><\/p>\n<p style=\"text-align: justify;\">Atividades:<\/p>\n<ul style=\"text-align: justify;\">\n<li>Acompanhar o processo de compras, desde a solicita\u00e7\u00e3o at\u00e9 a finaliza\u00e7\u00e3o.<\/li>\n<li>Implantar requisi\u00e7\u00f5es de compra no sistema interno.<\/li>\n<li>Realizar pesquisas de valores de refer\u00eancia para embasar decis\u00f5es de compra.<\/li>\n<li>Monitorar o processo de aprova\u00e7\u00f5es de requisi\u00e7\u00f5es e pedidos.<\/li>\n<li>Acompanhar a implanta\u00e7\u00e3o de pedidos e revisar documentos relacionados.<\/li>\n<li>Analisar escopos para contrata\u00e7\u00e3o de servi\u00e7os, garantindo conformidade.<\/li>\n<li>Gerenciar Notas Fiscais (recebimento, avalia\u00e7\u00e3o e encaminhamento).<\/li>\n<li>Acompanhar boletins de medi\u00e7\u00e3o de servi\u00e7os terceirizados.<\/li>\n<li>Prestar suporte \u00e0 coordena\u00e7\u00e3o administrativa nos processos em andamento.<\/li>\n<\/ul>\n<p style=\"text-align: justify;\">Requisitos Obrigat\u00f3rios:<\/p>\n<ul>\n<li style=\"text-align: justify;\">Dom\u00ednio das ferramentas Microsoft Office (Excel, Word, PowerPoint, etc.).<\/li>\n<li style=\"text-align: justify;\">Dinamismo e proatividade.<\/li>\n<li style=\"text-align: justify;\">Racioc\u00ednio l\u00f3gico e capacidade anal\u00edtica.<\/li>\n<li style=\"text-align: justify;\">Disponibilidade para atuar 100% presencialmente na obra (Planura \u2013 MG)<\/li>\n<li style=\"text-align: justify;\">Experi\u00eancia e forma\u00e7\u00e3o alinhados com as atividades propostas.<\/li>\n<\/ul>\n<p>Sobre o Grupo Voith<\/p>\n<p>O Grupo Voith \u00e9 uma empresa global de tecnologia. Com seu amplo portf\u00f3lio de sistemas, produtos, servi\u00e7os e aplica\u00e7\u00f5es digitais, a Voith estabelece padr\u00f5es nos mercados de energia, papel, mat\u00e9rias-primas e transporte. Fundada em 1867, a Voith conta atualmente com cerca de 22.000 funcion\u00e1rios, vendas de \u20ac 5,2 bilh\u00f5es e localiza\u00e7\u00f5es em mais de 60 pa\u00edses ao redor do mundo, sendo assim uma das maiores empresas familiares na Europa.<\/p>\n","protected":false},"excerpt":{"rendered":"<p>S\u00c3O PAULO, Brasil\u00a0\u2013 A Voith Hydro est\u00e1 com vagas para o time administrativo no projeto de moderniza\u00e7\u00e3o da Usina Hidrel\u00e9trica de Porto Col\u00f4mbia. Os profissionais interessados em se candidatar podem enviar seus curr\u00edculos para o e-mail:\u00a0sabrina.oliveira@voith.com\u00a0at\u00e9 o dia 02\/06\/2025. A Voith valoriza a diversidade e promove um ambiente inclusivo, incentivando candidaturas de profissionais diversos em [&hellip;]<\/p>\n","protected":false},"author":1,"featured_media":25589,"comment_status":"open","ping_status":"open","sticky":false,"template":"","format":"standard","meta":{"_uag_custom_page_level_css":"","footnotes":""},"categories":[27],"tags":[15722,27523,27522,7637,27525,27524],"class_list":["post-25588","post","type-post","status-publish","format-standard","has-post-thumbnail","hentry","category-acontece","tag-sp","tag-analista-administrativo","tag-empregos-em-obras","tag-mg","tag-usina-hidreletrica-de-porto-colombia","tag-voith-hydro"],"blocksy_meta":[],"spectra_blocks_featured_image_url":{"thumbnail":{"url":"https:\/\/construcaocivil.siriusmarketingedesign.com.br\/wp-content\/uploads\/2025\/05\/Empregos-na-Voit-150x150.png","width":150,"height":150},"medium":{"url":"https:\/\/construcaocivil.siriusmarketingedesign.com.br\/wp-content\/uploads\/2025\/05\/Empregos-na-Voit-300x99.png","width":300,"height":99},"medium_large":{"url":"https:\/\/construcaocivil.siriusmarketingedesign.com.br\/wp-content\/uploads\/2025\/05\/Empregos-na-Voit-768x254.png","width":768,"height":254},"large":{"url":"https:\/\/construcaocivil.siriusmarketingedesign.com.br\/wp-content\/uploads\/2025\/05\/Empregos-na-Voit-1024x339.png","width":1024,"height":339},"full":{"url":"https:\/\/construcaocivil.siriusmarketingedesign.com.br\/wp-content\/uploads\/2025\/05\/Empregos-na-Voit.png","width":1188,"height":393}},"spectra_blocks_author_info":{"display_name":"Jornal da Constru\u00e7\u00e3o Civil","avatar_url":"https:\/\/secure.gravatar.com\/avatar\/973c9774fd44ddaceb026973c4962faa70fc512bc4c9da68e8ebb40fecee6540?s=96&d=mm&r=g","author_link":"https:\/\/construcaocivil.siriusmarketingedesign.com.br\/?author=1","description":"Desde de 2013, levando muitas informa\u00e7\u00f5es, lan\u00e7amentos e produtos de qualidade para toda cadeia produtiva da constru\u00e7\u00e3o. O Futuro da constru\u00e7\u00e3o passa por aqui,"},"uagb_featured_image_src":{"full":["https:\/\/construcaocivil.siriusmarketingedesign.com.br\/wp-content\/uploads\/2025\/05\/Empregos-na-Voit.png",1188,393,false],"thumbnail":["https:\/\/construcaocivil.siriusmarketingedesign.com.br\/wp-content\/uploads\/2025\/05\/Empregos-na-Voit-150x150.png",150,150,true],"medium":["https:\/\/construcaocivil.siriusmarketingedesign.com.br\/wp-content\/uploads\/2025\/05\/Empregos-na-Voit-300x99.png",300,99,true],"medium_large":["https:\/\/construcaocivil.siriusmarketingedesign.com.br\/wp-content\/uploads\/2025\/05\/Empregos-na-Voit-768x254.png",768,254,true],"large":["https:\/\/construcaocivil.siriusmarketingedesign.com.br\/wp-content\/uploads\/2025\/05\/Empregos-na-Voit-1024x339.png",1024,339,true],"1536x1536":["https:\/\/construcaocivil.siriusmarketingedesign.com.br\/wp-content\/uploads\/2025\/05\/Empregos-na-Voit.png",1188,393,false],"2048x2048":["https:\/\/construcaocivil.siriusmarketingedesign.com.br\/wp-content\/uploads\/2025\/05\/Empregos-na-Voit.png",1188,393,false]},"uagb_author_info":{"display_name":"Jornal da Constru\u00e7\u00e3o Civil","author_link":"https:\/\/construcaocivil.siriusmarketingedesign.com.br\/?author=1"},"uagb_comment_info":0,"uagb_excerpt":"S\u00c3O PAULO, Brasil\u00a0\u2013 A Voith Hydro est\u00e1 com vagas para o time administrativo no projeto de moderniza\u00e7\u00e3o da Usina Hidrel\u00e9trica de Porto Col\u00f4mbia. Os profissionais interessados em se candidatar podem enviar seus curr\u00edculos para o e-mail:\u00a0sabrina.oliveira@voith.com\u00a0at\u00e9 o dia 02\/06\/2025. A Voith valoriza a diversidade e promove um ambiente inclusivo, incentivando candidaturas de profissionais diversos em&hellip;","_links":{"self":[{"href":"https:\/\/construcaocivil.siriusmarketingedesign.com.br\/index.php?rest_route=\/wp\/v2\/posts\/25588","targetHints":{"allow":["GET"]}}],"collection":[{"href":"https:\/\/construcaocivil.siriusmarketingedesign.com.br\/index.php?rest_route=\/wp\/v2\/posts"}],"about":[{"href":"https:\/\/construcaocivil.siriusmarketingedesign.com.br\/index.php?rest_route=\/wp\/v2\/types\/post"}],"author":[{"embeddable":true,"href":"https:\/\/construcaocivil.siriusmarketingedesign.com.br\/index.php?rest_route=\/wp\/v2\/users\/1"}],"replies":[{"embeddable":true,"href":"https:\/\/construcaocivil.siriusmarketingedesign.com.br\/index.php?rest_route=%2Fwp%2Fv2%2Fcomments&post=25588"}],"version-history":[{"count":0,"href":"https:\/\/construcaocivil.siriusmarketingedesign.com.br\/index.php?rest_route=\/wp\/v2\/posts\/25588\/revisions"}],"wp:featuredmedia":[{"embeddable":true,"href":"https:\/\/construcaocivil.siriusmarketingedesign.com.br\/index.php?rest_route=\/wp\/v2\/media\/25589"}],"wp:attachment":[{"href":"https:\/\/construcaocivil.siriusmarketingedesign.com.br\/index.php?rest_route=%2Fwp%2Fv2%2Fmedia&parent=25588"}],"wp:term":[{"taxonomy":"category","embeddable":true,"href":"https:\/\/construcaocivil.siriusmarketingedesign.com.br\/index.php?rest_route=%2Fwp%2Fv2%2Fcategories&post=25588"},{"taxonomy":"post_tag","embeddable":true,"href":"https:\/\/construcaocivil.siriusmarketingedesign.com.br\/index.php?rest_route=%2Fwp%2Fv2%2Ftags&post=25588"}],"curies":[{"name":"wp","href":"https:\/\/api.w.org\/{rel}","templated":true}]}}