{"id":2559,"date":"2016-07-12T17:13:33","date_gmt":"2016-07-12T17:13:33","guid":{"rendered":"http:\/\/www.jornaldaconstrucaocivil.com.br\/?p=2559"},"modified":"2016-07-12T17:13:33","modified_gmt":"2016-07-12T17:13:33","slug":"seminario-reune-ministro-e-liderancas-politicas-no-sintraconst-rio","status":"publish","type":"post","link":"https:\/\/construcaocivil.siriusmarketingedesign.com.br\/?p=2559","title":{"rendered":"Semin\u00e1rio re\u00fane ministro e lideran\u00e7as pol\u00edticas no Sintraconst-Rio"},"content":{"rendered":"<p><span style=\"color: #800000;\">Julho, 2016<\/span><strong> &#8211; <span style=\"color: #000000;\">O ministro do Trabalho Ronaldo Nogueira e o deputado federal Paulinho da For\u00e7a (SD-SP) s\u00e3o presen\u00e7as confirmadas no semin\u00e1rio Os Desafios do Movimento Sindical e Suas Perspectivas, promovido pelo Sintraconst-Rio.<\/span><\/strong><\/p>\n<p><a href=\"http:\/\/www.jornaldaconstrucaocivil.com.br\/wp-content\/uploads\/2016\/07\/SINDICATO.jpg\"><img loading=\"lazy\" decoding=\"async\" class=\"wp-image-2560 alignleft\" src=\"http:\/\/www.jornaldaconstrucaocivil.com.br\/wp-content\/uploads\/2016\/07\/SINDICATO.jpg\" alt=\"SINDICATO\" width=\"355\" height=\"204\" \/><\/a><\/p>\n<p><span style=\"color: #000000;\">O encontro acontece no dia 28 de julho (quinta-feira), no gin\u00e1sio do Sindicato, das 8h \u00e0s 17h. Entre os assuntos tratados, est\u00e3o o financiamento da atividade sindical, as reformas trabalhistas e previdenci\u00e1ria e a quest\u00e3o do negociado sobre o legislado.<\/span><\/p>\n<p><span style=\"color: #000000;\">Fa\u00e7a aqui sua inscri\u00e7\u00e3o gratuitamente (preencha a ficha e a envie para os emails:<\/span> <span style=\"color: #0000ff;\">segtrab@sintraconstrio.org.b<\/span>r e\u00a0 <span style=\"color: #0000ff;\">assessoriasegtrab@sintraconstrio.org.br<\/span>).<\/p>\n<p><span style=\"color: #000000;\">A programa\u00e7\u00e3o conta com duas mesas principais. A primeira discute O Futuro dos Sindicatos e a Luta dos Trabalhadores e vai reunir, al\u00e9m do presidente do Sintraconst-Rio, Carlos Antonio, o deputado federal Bebeto (PSB-BA), Paulinho da For\u00e7a, entre outras lideran\u00e7as.<\/span><\/p>\n<p><span style=\"color: #000000;\">J\u00e1 a segunda mesa, na parte da tarde, tem o tema Legado Ol\u00edmpico e Gera\u00e7\u00e3o de Projetos de Emprego e Renda. V\u00e3o debater o assunto o ministro do Trabalho, Ronaldo Nogueira, o secret\u00e1rio de Rela\u00e7\u00f5es do Trabalho do MTE, Carlos Lacerda, o deputado federal Pedro Paulo (PMDB-RJ), entre outros<\/span>.<\/p>\n<p><span style=\"color: #000000;\">&#8220;Neste momento mais que delicado, com uma das piores crises da hist\u00f3ria, \u00e9 fundamental a nossa uni\u00e3o para que n\u00e3o retirem os benef\u00edcios conquistados a duras penas por n\u00f3s trabalhadores&#8221;, destaca o presidente do Sintraconst-Rio, Carlos Antonio.<\/span><\/p>\n<p><strong><span style=\"color: #0000ff;\"><span style=\"color: #000000;\">Mais informa\u00e7\u00f5es sobre o evento<\/span>, ligue para 2196-1620 ou 2196-1621<\/span><\/strong>.<\/p>\n","protected":false},"excerpt":{"rendered":"<p>Julho, 2016 &#8211; O ministro do Trabalho Ronaldo Nogueira e o deputado federal Paulinho da For\u00e7a (SD-SP) s\u00e3o presen\u00e7as confirmadas no semin\u00e1rio Os Desafios do Movimento Sindical e Suas Perspectivas, promovido pelo Sintraconst-Rio. O encontro acontece no dia 28 de julho (quinta-feira), no gin\u00e1sio do Sindicato, das 8h \u00e0s 17h. Entre os assuntos tratados, est\u00e3o [&hellip;]<\/p>\n","protected":false},"author":1,"featured_media":0,"comment_status":"open","ping_status":"open","sticky":false,"template":"","format":"standard","meta":{"_uag_custom_page_level_css":"","footnotes":""},"categories":[27],"tags":[3476,7753,8318,10845,11174],"class_list":["post-2559","post","type-post","status-publish","format-standard","hentry","category-acontece","tag-desafios-do-movimento-sindical","tag-ministro-do-trabalho-ronaldo-nogueira","tag-o-futuro-dos-sindicatos-e-a-luta-dos-trabalhadores","tag-seminario","tag-sintraconst-rio"],"blocksy_meta":[],"spectra_blocks_featured_image_url":null,"spectra_blocks_author_info":{"display_name":"Jornal da Constru\u00e7\u00e3o Civil","avatar_url":"https:\/\/secure.gravatar.com\/avatar\/973c9774fd44ddaceb026973c4962faa70fc512bc4c9da68e8ebb40fecee6540?s=96&d=mm&r=g","author_link":"https:\/\/construcaocivil.siriusmarketingedesign.com.br\/?author=1","description":"Desde de 2013, levando muitas informa\u00e7\u00f5es, lan\u00e7amentos e produtos de qualidade para toda cadeia produtiva da constru\u00e7\u00e3o. O Futuro da constru\u00e7\u00e3o passa por aqui,"},"uagb_featured_image_src":{"full":false,"thumbnail":false,"medium":false,"medium_large":false,"large":false,"1536x1536":false,"2048x2048":false},"uagb_author_info":{"display_name":"Jornal da Constru\u00e7\u00e3o Civil","author_link":"https:\/\/construcaocivil.siriusmarketingedesign.com.br\/?author=1"},"uagb_comment_info":0,"uagb_excerpt":"Julho, 2016 &#8211; O ministro do Trabalho Ronaldo Nogueira e o deputado federal Paulinho da For\u00e7a (SD-SP) s\u00e3o presen\u00e7as confirmadas no semin\u00e1rio Os Desafios do Movimento Sindical e Suas Perspectivas, promovido pelo Sintraconst-Rio. O encontro acontece no dia 28 de julho (quinta-feira), no gin\u00e1sio do Sindicato, das 8h \u00e0s 17h. Entre os assuntos tratados, est\u00e3o&hellip;","_links":{"self":[{"href":"https:\/\/construcaocivil.siriusmarketingedesign.com.br\/index.php?rest_route=\/wp\/v2\/posts\/2559","targetHints":{"allow":["GET"]}}],"collection":[{"href":"https:\/\/construcaocivil.siriusmarketingedesign.com.br\/index.php?rest_route=\/wp\/v2\/posts"}],"about":[{"href":"https:\/\/construcaocivil.siriusmarketingedesign.com.br\/index.php?rest_route=\/wp\/v2\/types\/post"}],"author":[{"embeddable":true,"href":"https:\/\/construcaocivil.siriusmarketingedesign.com.br\/index.php?rest_route=\/wp\/v2\/users\/1"}],"replies":[{"embeddable":true,"href":"https:\/\/construcaocivil.siriusmarketingedesign.com.br\/index.php?rest_route=%2Fwp%2Fv2%2Fcomments&post=2559"}],"version-history":[{"count":0,"href":"https:\/\/construcaocivil.siriusmarketingedesign.com.br\/index.php?rest_route=\/wp\/v2\/posts\/2559\/revisions"}],"wp:attachment":[{"href":"https:\/\/construcaocivil.siriusmarketingedesign.com.br\/index.php?rest_route=%2Fwp%2Fv2%2Fmedia&parent=2559"}],"wp:term":[{"taxonomy":"category","embeddable":true,"href":"https:\/\/construcaocivil.siriusmarketingedesign.com.br\/index.php?rest_route=%2Fwp%2Fv2%2Fcategories&post=2559"},{"taxonomy":"post_tag","embeddable":true,"href":"https:\/\/construcaocivil.siriusmarketingedesign.com.br\/index.php?rest_route=%2Fwp%2Fv2%2Ftags&post=2559"}],"curies":[{"name":"wp","href":"https:\/\/api.w.org\/{rel}","templated":true}]}}