{"id":25591,"date":"2025-05-22T16:23:02","date_gmt":"2025-05-22T19:23:02","guid":{"rendered":"https:\/\/www.jornaldaconstrucaocivil.com.br\/?p=25591"},"modified":"2025-05-22T16:23:02","modified_gmt":"2025-05-22T19:23:02","slug":"brasil-da-escravidao-persiste-a-justica-eleitoral-nao-aceita-discriminacao-racismo-ou-etarismo-afirma-presidente-do-tse","status":"publish","type":"post","link":"https:\/\/construcaocivil.siriusmarketingedesign.com.br\/?p=25591","title":{"rendered":"Brasil da Escravid\u00e3o persiste: \u201cA Justi\u00e7a Eleitoral n\u00e3o aceita discrimina\u00e7\u00e3o, racismo ou etarismo\u201d, afirma presidente do TSE"},"content":{"rendered":"<header class=\"noticia-cabecalho\">\n<p class=\"noticia-subtitulo\" style=\"text-align: justify;\"><strong>Ao abrir a sess\u00e3o da \u00faltima ter\u00e7a (20), a ministra C\u00e1rmen L\u00facia repudiou qualquer tipo de tratamento que viole a dignidade da pessoa humana<\/strong><\/p>\n<\/header>\n<div class=\"noticia__conteudo\">\n<div class=\"noticia__linha\">\n<div class=\"noticia-dados\">\n<div class=\"autor\">\n<p style=\"text-align: justify;\">\u201cRacismo \u00e9 crime, etarismo \u00e9 discrimina\u00e7\u00e3o. \u00c9 inconstitucional, imoral e injusto qualquer tipo de tratamento em raz\u00e3o de qualquer crit\u00e9rio que n\u00e3o seja o da dignidade da pessoa humana\u201d. Com essas palavras, a presidente do Tribunal Superior Eleitoral (TSE), ministra C\u00e1rmen L\u00facia, iniciou a sess\u00e3o plen\u00e1ria desta ter\u00e7a-feira (20), quando tornou p\u00fablico fato ocorrido na \u00faltima sexta-feira (16) com a ministra substituta Vera L\u00facia, vice-diretora da Escola Judici\u00e1ria Eleitoral (EJE\/TSE).<\/p>\n<p><iframe loading=\"lazy\" title=\"Ministra C\u00e1rmen L\u00facia repudia racismo sofrido pela ministra Vera L\u00facia Santana | Cortes do TSE\" width=\"1290\" height=\"726\" src=\"https:\/\/www.youtube.com\/embed\/aeMCkptgJIs?start=4&amp;feature=oembed\" frameborder=\"0\" allow=\"accelerometer; autoplay; clipboard-write; encrypted-media; gyroscope; picture-in-picture; web-share\" referrerpolicy=\"strict-origin-when-cross-origin\" allowfullscreen><\/iframe><\/p>\n<p style=\"text-align: justify;\">Vera L\u00facia foi convidada para ser palestrante do 25\u00ba Semin\u00e1rio \u00c9tica na Gest\u00e3o, Preven\u00e7\u00e3o e Enfrentamento do Ass\u00e9dio e da Discrimina\u00e7\u00e3o, da Comiss\u00e3o de \u00c9tica da Presid\u00eancia da Rep\u00fablica. Ao chegar ao local do evento \u2013 o audit\u00f3rio da Advocacia-Geral da Uni\u00e3o (AGU) \u2013, mesmo se apresentando como palestrante e mostrando a carteira funcional na condi\u00e7\u00e3o de ministra substituta do TSE, Vera L\u00facia foi impedida de entrar no pr\u00e9dio, al\u00e9m de ter sido destratada.<\/p>\n<p style=\"text-align: justify;\">\u201cAtinge a Justi\u00e7a Eleitoral como um todo e aos brasileiros e brasileiras. N\u00f3s fazemos campanhas permanentes pela inclus\u00e3o, pela igualdade, pela possibilidade de ningu\u00e9m passar por tratamento como esse. Isso n\u00e3o pode persistir sem que haja rea\u00e7\u00e3o. E o Direito brasileiro d\u00e1 todos os instrumentos para reagir contra esse tipo de comportamento\u201d, disse a ministra, que completou: \u201cTodo ser humano merece respeito em sua dignidade. N\u00e3o h\u00e1 como se compadecer desses comportamentos\u201d.<\/p>\n<p style=\"text-align: justify;\">Em nome da AGU, compareceu \u00e0 sess\u00e3o a assessora especial de Diversidade e Inclus\u00e3o, Cl\u00e1udia Trindade. No p\u00falpito destinado \u00e0s sustenta\u00e7\u00f5es orais da advocacia, ela leu o of\u00edcio assinado pelo ministro da AGU, Jorge Messias, com\u00a0pedido formal de desculpas e manifesta\u00e7\u00e3o de indigna\u00e7\u00e3o pelo constrangimento ao qual foi submetida a ministra Vera L\u00facia. Cl\u00e1udia Trindade tamb\u00e9m informou que provid\u00eancias j\u00e1 est\u00e3o sendo tomadas em rela\u00e7\u00e3o ao ocorrido.<\/p>\n<p>\u201cEsse repugnante epis\u00f3dio ofende n\u00e3o apenas a dignidade da ministra, mas tamb\u00e9m os princ\u00edpios mais elementares de respeito e de direitos fundamentais de igualdade racial que pautam o nosso Estado Democr\u00e1tico de Direito\u201d, informa o trecho do of\u00edcio de Jorge Messias.<\/p>\n<p>A ministra C\u00e1rmen L\u00facia ainda ressaltou que a Justi\u00e7a Eleitoral n\u00e3o aceita pr\u00e1ticas criminosas de discrimina\u00e7\u00e3o, racismo ou etarismo contra quem quer que seja. \u201cEsta Justi\u00e7a Eleitoral aguarda os resultados do que vier a ser apurado, sem embargo de, se for o caso, adotar alguma provid\u00eancia que se fa\u00e7a necess\u00e1ria\u201d, finalizou.<\/p>\n<p>GR, RL\/LC\/FS<\/p>\n<\/div>\n<\/div>\n<\/div>\n<\/div>\n","protected":false},"excerpt":{"rendered":"<p>Ao abrir a sess\u00e3o da \u00faltima ter\u00e7a (20), a ministra C\u00e1rmen L\u00facia repudiou qualquer tipo de tratamento que viole a dignidade da pessoa humana \u201cRacismo \u00e9 crime, etarismo \u00e9 discrimina\u00e7\u00e3o. \u00c9 inconstitucional, imoral e injusto qualquer tipo de tratamento em raz\u00e3o de qualquer crit\u00e9rio que n\u00e3o seja o da dignidade da pessoa humana\u201d. Com essas [&hellip;]<\/p>\n","protected":false},"author":1,"featured_media":25592,"comment_status":"open","ping_status":"open","sticky":false,"template":"","format":"standard","meta":{"_uag_custom_page_level_css":"","footnotes":""},"categories":[27,12594],"tags":[27047,1569,27526,27527,11987],"class_list":["post-25591","post","type-post","status-publish","format-standard","has-post-thumbnail","hentry","category-acontece","category-tv-da-construcao-civil","tag-agu","tag-brasilia","tag-crime-de-racismo","tag-ministra-vera-lucia-tse","tag-tse"],"blocksy_meta":[],"spectra_blocks_featured_image_url":{"thumbnail":{"url":"https:\/\/construcaocivil.siriusmarketingedesign.com.br\/wp-content\/uploads\/2025\/05\/53709870168_dd98973cfb_o-150x150.webp","width":150,"height":150},"medium":{"url":"https:\/\/construcaocivil.siriusmarketingedesign.com.br\/wp-content\/uploads\/2025\/05\/53709870168_dd98973cfb_o-300x179.webp","width":300,"height":179},"medium_large":{"url":"https:\/\/construcaocivil.siriusmarketingedesign.com.br\/wp-content\/uploads\/2025\/05\/53709870168_dd98973cfb_o-768x459.webp","width":768,"height":459},"large":{"url":"https:\/\/construcaocivil.siriusmarketingedesign.com.br\/wp-content\/uploads\/2025\/05\/53709870168_dd98973cfb_o-1024x613.webp","width":1024,"height":613},"full":{"url":"https:\/\/construcaocivil.siriusmarketingedesign.com.br\/wp-content\/uploads\/2025\/05\/53709870168_dd98973cfb_o.webp","width":1170,"height":700}},"spectra_blocks_author_info":{"display_name":"Jornal da Constru\u00e7\u00e3o Civil","avatar_url":"https:\/\/secure.gravatar.com\/avatar\/973c9774fd44ddaceb026973c4962faa70fc512bc4c9da68e8ebb40fecee6540?s=96&d=mm&r=g","author_link":"https:\/\/construcaocivil.siriusmarketingedesign.com.br\/?author=1","description":"Desde de 2013, levando muitas informa\u00e7\u00f5es, lan\u00e7amentos e produtos de qualidade para toda cadeia produtiva da constru\u00e7\u00e3o. O Futuro da constru\u00e7\u00e3o passa por aqui,"},"uagb_featured_image_src":{"full":["https:\/\/construcaocivil.siriusmarketingedesign.com.br\/wp-content\/uploads\/2025\/05\/53709870168_dd98973cfb_o.webp",1170,700,false],"thumbnail":["https:\/\/construcaocivil.siriusmarketingedesign.com.br\/wp-content\/uploads\/2025\/05\/53709870168_dd98973cfb_o-150x150.webp",150,150,true],"medium":["https:\/\/construcaocivil.siriusmarketingedesign.com.br\/wp-content\/uploads\/2025\/05\/53709870168_dd98973cfb_o-300x179.webp",300,179,true],"medium_large":["https:\/\/construcaocivil.siriusmarketingedesign.com.br\/wp-content\/uploads\/2025\/05\/53709870168_dd98973cfb_o-768x459.webp",768,459,true],"large":["https:\/\/construcaocivil.siriusmarketingedesign.com.br\/wp-content\/uploads\/2025\/05\/53709870168_dd98973cfb_o-1024x613.webp",1024,613,true],"1536x1536":["https:\/\/construcaocivil.siriusmarketingedesign.com.br\/wp-content\/uploads\/2025\/05\/53709870168_dd98973cfb_o.webp",1170,700,false],"2048x2048":["https:\/\/construcaocivil.siriusmarketingedesign.com.br\/wp-content\/uploads\/2025\/05\/53709870168_dd98973cfb_o.webp",1170,700,false]},"uagb_author_info":{"display_name":"Jornal da Constru\u00e7\u00e3o Civil","author_link":"https:\/\/construcaocivil.siriusmarketingedesign.com.br\/?author=1"},"uagb_comment_info":0,"uagb_excerpt":"Ao abrir a sess\u00e3o da \u00faltima ter\u00e7a (20), a ministra C\u00e1rmen L\u00facia repudiou qualquer tipo de tratamento que viole a dignidade da pessoa humana \u201cRacismo \u00e9 crime, etarismo \u00e9 discrimina\u00e7\u00e3o. \u00c9 inconstitucional, imoral e injusto qualquer tipo de tratamento em raz\u00e3o de qualquer crit\u00e9rio que n\u00e3o seja o da dignidade da pessoa humana\u201d. Com essas&hellip;","_links":{"self":[{"href":"https:\/\/construcaocivil.siriusmarketingedesign.com.br\/index.php?rest_route=\/wp\/v2\/posts\/25591","targetHints":{"allow":["GET"]}}],"collection":[{"href":"https:\/\/construcaocivil.siriusmarketingedesign.com.br\/index.php?rest_route=\/wp\/v2\/posts"}],"about":[{"href":"https:\/\/construcaocivil.siriusmarketingedesign.com.br\/index.php?rest_route=\/wp\/v2\/types\/post"}],"author":[{"embeddable":true,"href":"https:\/\/construcaocivil.siriusmarketingedesign.com.br\/index.php?rest_route=\/wp\/v2\/users\/1"}],"replies":[{"embeddable":true,"href":"https:\/\/construcaocivil.siriusmarketingedesign.com.br\/index.php?rest_route=%2Fwp%2Fv2%2Fcomments&post=25591"}],"version-history":[{"count":0,"href":"https:\/\/construcaocivil.siriusmarketingedesign.com.br\/index.php?rest_route=\/wp\/v2\/posts\/25591\/revisions"}],"wp:featuredmedia":[{"embeddable":true,"href":"https:\/\/construcaocivil.siriusmarketingedesign.com.br\/index.php?rest_route=\/wp\/v2\/media\/25592"}],"wp:attachment":[{"href":"https:\/\/construcaocivil.siriusmarketingedesign.com.br\/index.php?rest_route=%2Fwp%2Fv2%2Fmedia&parent=25591"}],"wp:term":[{"taxonomy":"category","embeddable":true,"href":"https:\/\/construcaocivil.siriusmarketingedesign.com.br\/index.php?rest_route=%2Fwp%2Fv2%2Fcategories&post=25591"},{"taxonomy":"post_tag","embeddable":true,"href":"https:\/\/construcaocivil.siriusmarketingedesign.com.br\/index.php?rest_route=%2Fwp%2Fv2%2Ftags&post=25591"}],"curies":[{"name":"wp","href":"https:\/\/api.w.org\/{rel}","templated":true}]}}