{"id":25632,"date":"2025-05-29T00:09:42","date_gmt":"2025-05-29T03:09:42","guid":{"rendered":"https:\/\/www.jornaldaconstrucaocivil.com.br\/?p=25632"},"modified":"2025-05-29T00:09:42","modified_gmt":"2025-05-29T03:09:42","slug":"design-como-territorio-de-pertencimento-a-importancia-de-espacos-que-refletem-a-crianca","status":"publish","type":"post","link":"https:\/\/construcaocivil.siriusmarketingedesign.com.br\/?p=25632","title":{"rendered":"Design como territ\u00f3rio de pertencimento, a import\u00e2ncia de espa\u00e7os que refletem a crian\u00e7a"},"content":{"rendered":"<p style=\"text-align: justify;\">O ambiente em que uma crian\u00e7a cresce influencia diretamente a forma como ela percebe a si mesma e ao mundo. Ter um espa\u00e7o que reflita sua personalidade, seus gostos e seu jeito de existir n\u00e3o \u00e9 apenas uma quest\u00e3o est\u00e9tica \u2014 \u00e9 parte do processo de constru\u00e7\u00e3o da identidade. No quarto, a crian\u00e7a come\u00e7a a experimentar o que \u00e9 pertencer a um lugar que \u00e9 realmente seu.<\/p>\n<p style=\"text-align: justify;\">Nos \u00faltimos anos, o design para a inf\u00e2ncia passa por uma transforma\u00e7\u00e3o. Sai de cena a ideia de ambientes padronizados e caricatos, e ganha for\u00e7a uma abordagem que valoriza a escuta, o afeto e a autenticidade. Criar espa\u00e7os sens\u00edveis \u00e0s particularidades de cada crian\u00e7a, suas cores preferidas, interesses, manias, ritmos, \u00e9 tamb\u00e9m uma forma de educar para a autonomia e para o cuidado com o outro.<\/p>\n<p style=\"text-align: justify;\">\u201cQuando o espa\u00e7o conversa com a crian\u00e7a, ela se sente vista. E isso tem impacto direto na autoestima, na seguran\u00e7a e na liberdade com que ela se expressa\u201d afirma Andressa Calasans, head de comunica\u00e7\u00e3o da Kinder Design. \u201c\u00c9 um processo silencioso, mas muito potente.\u201d<\/p>\n<p style=\"text-align: justify;\">Esse olhar atento \u00e0 inf\u00e2ncia est\u00e1 no centro da atua\u00e7\u00e3o da Kinder Design. Sob dire\u00e7\u00e3o criativa da arquiteta Marta Calasans, a marca desenvolve mobili\u00e1rios e objetos que traduzem o universo infantil com leveza e profundidade. \u201cN\u00e3o desenhamos para um adulto que imagina como deve ser o mundo da crian\u00e7a, desenhamos com base no que a inf\u00e2ncia realmente prop\u00f5e: imagina\u00e7\u00e3o, movimento, pertencimento\u201d explica Marta.<\/p>\n<p style=\"text-align: justify;\">Ao valorizar o l\u00fadico sem abrir m\u00e3o da sofistica\u00e7\u00e3o est\u00e9tica, a Kinder prop\u00f5e uma nova abordagem: ambientes que respeitam a complexidade da crian\u00e7a, que evoluem com ela e que se tornam parte da sua hist\u00f3ria. Mais do que decorar, a marca convida a criar espa\u00e7os onde a crian\u00e7a se reconhece e cresce sabendo que tem voz, escolhas e lugar.<\/p>\n","protected":false},"excerpt":{"rendered":"<p>O ambiente em que uma crian\u00e7a cresce influencia diretamente a forma como ela percebe a si mesma e ao mundo. Ter um espa\u00e7o que reflita sua personalidade, seus gostos e seu jeito de existir n\u00e3o \u00e9 apenas uma quest\u00e3o est\u00e9tica \u2014 \u00e9 parte do processo de constru\u00e7\u00e3o da identidade. No quarto, a crian\u00e7a come\u00e7a a [&hellip;]<\/p>\n","protected":false},"author":1,"featured_media":25633,"comment_status":"open","ping_status":"open","sticky":false,"template":"","format":"standard","meta":{"_uag_custom_page_level_css":"","footnotes":""},"categories":[28],"tags":[1935,23475,27545,27544],"class_list":["post-25632","post","type-post","status-publish","format-standard","has-post-thumbnail","hentry","category-arquitetura","tag-casa-e-jardim","tag-espaco-para-criancas","tag-espacos-criativos","tag-kinder-design"],"blocksy_meta":[],"spectra_blocks_featured_image_url":{"thumbnail":{"url":"https:\/\/construcaocivil.siriusmarketingedesign.com.br\/wp-content\/uploads\/2025\/05\/Casa-de-crianca-150x150.jpg","width":150,"height":150},"medium":{"url":"https:\/\/construcaocivil.siriusmarketingedesign.com.br\/wp-content\/uploads\/2025\/05\/Casa-de-crianca-300x200.jpg","width":300,"height":200},"medium_large":{"url":"https:\/\/construcaocivil.siriusmarketingedesign.com.br\/wp-content\/uploads\/2025\/05\/Casa-de-crianca-768x512.jpg","width":768,"height":512},"large":{"url":"https:\/\/construcaocivil.siriusmarketingedesign.com.br\/wp-content\/uploads\/2025\/05\/Casa-de-crianca.jpg","width":935,"height":623},"full":{"url":"https:\/\/construcaocivil.siriusmarketingedesign.com.br\/wp-content\/uploads\/2025\/05\/Casa-de-crianca.jpg","width":935,"height":623}},"spectra_blocks_author_info":{"display_name":"Jornal da Constru\u00e7\u00e3o Civil","avatar_url":"https:\/\/secure.gravatar.com\/avatar\/973c9774fd44ddaceb026973c4962faa70fc512bc4c9da68e8ebb40fecee6540?s=96&d=mm&r=g","author_link":"https:\/\/construcaocivil.siriusmarketingedesign.com.br\/?author=1","description":"Desde de 2013, levando muitas informa\u00e7\u00f5es, lan\u00e7amentos e produtos de qualidade para toda cadeia produtiva da constru\u00e7\u00e3o. O Futuro da constru\u00e7\u00e3o passa por aqui,"},"uagb_featured_image_src":{"full":["https:\/\/construcaocivil.siriusmarketingedesign.com.br\/wp-content\/uploads\/2025\/05\/Casa-de-crianca.jpg",935,623,false],"thumbnail":["https:\/\/construcaocivil.siriusmarketingedesign.com.br\/wp-content\/uploads\/2025\/05\/Casa-de-crianca-150x150.jpg",150,150,true],"medium":["https:\/\/construcaocivil.siriusmarketingedesign.com.br\/wp-content\/uploads\/2025\/05\/Casa-de-crianca-300x200.jpg",300,200,true],"medium_large":["https:\/\/construcaocivil.siriusmarketingedesign.com.br\/wp-content\/uploads\/2025\/05\/Casa-de-crianca-768x512.jpg",768,512,true],"large":["https:\/\/construcaocivil.siriusmarketingedesign.com.br\/wp-content\/uploads\/2025\/05\/Casa-de-crianca.jpg",935,623,false],"1536x1536":["https:\/\/construcaocivil.siriusmarketingedesign.com.br\/wp-content\/uploads\/2025\/05\/Casa-de-crianca.jpg",935,623,false],"2048x2048":["https:\/\/construcaocivil.siriusmarketingedesign.com.br\/wp-content\/uploads\/2025\/05\/Casa-de-crianca.jpg",935,623,false]},"uagb_author_info":{"display_name":"Jornal da Constru\u00e7\u00e3o Civil","author_link":"https:\/\/construcaocivil.siriusmarketingedesign.com.br\/?author=1"},"uagb_comment_info":0,"uagb_excerpt":"O ambiente em que uma crian\u00e7a cresce influencia diretamente a forma como ela percebe a si mesma e ao mundo. Ter um espa\u00e7o que reflita sua personalidade, seus gostos e seu jeito de existir n\u00e3o \u00e9 apenas uma quest\u00e3o est\u00e9tica \u2014 \u00e9 parte do processo de constru\u00e7\u00e3o da identidade. No quarto, a crian\u00e7a come\u00e7a a&hellip;","_links":{"self":[{"href":"https:\/\/construcaocivil.siriusmarketingedesign.com.br\/index.php?rest_route=\/wp\/v2\/posts\/25632","targetHints":{"allow":["GET"]}}],"collection":[{"href":"https:\/\/construcaocivil.siriusmarketingedesign.com.br\/index.php?rest_route=\/wp\/v2\/posts"}],"about":[{"href":"https:\/\/construcaocivil.siriusmarketingedesign.com.br\/index.php?rest_route=\/wp\/v2\/types\/post"}],"author":[{"embeddable":true,"href":"https:\/\/construcaocivil.siriusmarketingedesign.com.br\/index.php?rest_route=\/wp\/v2\/users\/1"}],"replies":[{"embeddable":true,"href":"https:\/\/construcaocivil.siriusmarketingedesign.com.br\/index.php?rest_route=%2Fwp%2Fv2%2Fcomments&post=25632"}],"version-history":[{"count":0,"href":"https:\/\/construcaocivil.siriusmarketingedesign.com.br\/index.php?rest_route=\/wp\/v2\/posts\/25632\/revisions"}],"wp:featuredmedia":[{"embeddable":true,"href":"https:\/\/construcaocivil.siriusmarketingedesign.com.br\/index.php?rest_route=\/wp\/v2\/media\/25633"}],"wp:attachment":[{"href":"https:\/\/construcaocivil.siriusmarketingedesign.com.br\/index.php?rest_route=%2Fwp%2Fv2%2Fmedia&parent=25632"}],"wp:term":[{"taxonomy":"category","embeddable":true,"href":"https:\/\/construcaocivil.siriusmarketingedesign.com.br\/index.php?rest_route=%2Fwp%2Fv2%2Fcategories&post=25632"},{"taxonomy":"post_tag","embeddable":true,"href":"https:\/\/construcaocivil.siriusmarketingedesign.com.br\/index.php?rest_route=%2Fwp%2Fv2%2Ftags&post=25632"}],"curies":[{"name":"wp","href":"https:\/\/api.w.org\/{rel}","templated":true}]}}