{"id":25660,"date":"2025-06-04T00:07:32","date_gmt":"2025-06-04T03:07:32","guid":{"rendered":"https:\/\/www.jornaldaconstrucaocivil.com.br\/?p=25660"},"modified":"2025-06-04T00:07:32","modified_gmt":"2025-06-04T03:07:32","slug":"sem-acessibilidade-urbana-7-a-cada-10-moradores-dos-estados-do-nordeste-vivem-em-ruas-sem-rampas","status":"publish","type":"post","link":"https:\/\/construcaocivil.siriusmarketingedesign.com.br\/?p=25660","title":{"rendered":"Sem acessibilidade urbana: 7 a cada 10 moradores dos estados do Nordeste vivem em ruas sem rampas"},"content":{"rendered":"<header class=\"entry-header\"><strong>Cear\u00e1 apresenta a pior situa\u00e7\u00e3o entre os estados do pa\u00eds; dados se referem \u00e0 popula\u00e7\u00e3o que vive na \u00e1rea urbana<\/strong><\/p>\n<p>Por\u00a0<a class=\"text-dark\" href=\"https:\/\/www.agenciatatu.com.br\/author\/aquino\/\">Thiago Aquino<\/a><\/p>\n<\/header>\n<p>Junho, 2025 &#8211; Mais de 29 milh\u00f5es de nordestinos que vivem em \u00e1reas urbanas est\u00e3o em ruas sem rampas, o que representa 70,5% da popula\u00e7\u00e3o urbana da regi\u00e3o. O dado, revelado pelo Censo 2022 e analisado pela <a href=\"http:\/\/agenciatatu.com.br\/\" data-type=\"link\" data-id=\"agenciatatu.com.br\">Ag\u00eancia Tatu<\/a>, mostra que 6 dos 10 estados nordestinos enfrentam \u00edndices acima da m\u00e9dia nacional.<\/p>\n<p>Ainda de acordo com os dados, o Nordeste tem o segundo pior \u00edndice do pa\u00eds, e o Cear\u00e1 lidera o ranking nacional da falta de acessibilidade: 77,8% da popula\u00e7\u00e3o urbana cearense vive em ruas sem rampas. Outros cinco estados nordestinos tamb\u00e9m aparecem entre os piores do pa\u00eds: Para\u00edba (76%), Piau\u00ed (74%), Alagoas (73%), Sergipe e Rio Grande do Norte (72%).<\/p>\n<p>Gabryelle de Oliveira, moradora de Macei\u00f3 e pessoa com defici\u00eancia f\u00edsica (PCD), usa andador e cadeira de rodas e sente diariamente os impactos da falta de acessibilidade nas cal\u00e7adas da capital alagoana.<\/p>\n<div class=\"wp-block-image\" style=\"text-align: center;\">\n<figure class=\"aligncenter size-large is-resized\"><img loading=\"lazy\" decoding=\"async\" class=\"wp-image-24181 rounded lazyloaded aligncenter\" title=\"7 a cada 10 moradores dos estados do Nordeste vivem em ruas sem rampas 2\" src=\"https:\/\/www.agenciatatu.com.br\/wp-content\/uploads\/7a2625de-04a0-4fd1-9d6b-66afbc08b315-445x431.jpg\" sizes=\"auto, (max-width: 445px) 100vw, 445px\" srcset=\"https:\/\/www.agenciatatu.com.br\/wp-content\/uploads\/7a2625de-04a0-4fd1-9d6b-66afbc08b315-445x431.jpg 445w, https:\/\/www.agenciatatu.com.br\/wp-content\/uploads\/7a2625de-04a0-4fd1-9d6b-66afbc08b315-310x300.jpg 310w, https:\/\/www.agenciatatu.com.br\/wp-content\/uploads\/7a2625de-04a0-4fd1-9d6b-66afbc08b315-150x145.jpg 150w, https:\/\/www.agenciatatu.com.br\/wp-content\/uploads\/7a2625de-04a0-4fd1-9d6b-66afbc08b315-768x744.jpg 768w, https:\/\/www.agenciatatu.com.br\/wp-content\/uploads\/7a2625de-04a0-4fd1-9d6b-66afbc08b315.jpg 816w\" alt=\"7a2625de 04a0 4fd1 9d6b 66afbc08b315 - 7 a cada 10 moradores dos estados do Nordeste vivem em ruas sem rampas\" width=\"445\" height=\"431\" data-src=\"https:\/\/www.agenciatatu.com.br\/wp-content\/uploads\/7a2625de-04a0-4fd1-9d6b-66afbc08b315-445x431.jpg\" data-srcset=\"https:\/\/www.agenciatatu.com.br\/wp-content\/uploads\/7a2625de-04a0-4fd1-9d6b-66afbc08b315-445x431.jpg 445w, https:\/\/www.agenciatatu.com.br\/wp-content\/uploads\/7a2625de-04a0-4fd1-9d6b-66afbc08b315-310x300.jpg 310w, https:\/\/www.agenciatatu.com.br\/wp-content\/uploads\/7a2625de-04a0-4fd1-9d6b-66afbc08b315-150x145.jpg 150w, https:\/\/www.agenciatatu.com.br\/wp-content\/uploads\/7a2625de-04a0-4fd1-9d6b-66afbc08b315-768x744.jpg 768w, https:\/\/www.agenciatatu.com.br\/wp-content\/uploads\/7a2625de-04a0-4fd1-9d6b-66afbc08b315.jpg 816w\" data-sizes=\"(max-width: 445px) 100vw, 445px\" \/><figcaption class=\"wp-element-caption\">Gabryelle aponta falta de acessibilidade nas ruas<\/figcaption><\/figure>\n<\/div>\n<div class=\"wp-block-group is-nowrap is-layout-flex wp-container-core-group-is-layout-ad2f72ca wp-block-group-is-layout-flex\">\n<p>\u201cNos dois modos eu preciso que a cal\u00e7ada tenha rampa e n\u00e3o seja desnivelada, o que em Macei\u00f3 \u00e9 extremamente dif\u00edcil de encontrar. Quando existe, a cal\u00e7ada \u00e9 irregular, esburacada e com rampa fora do padr\u00e3o. \u00c9 prop\u00edcio irmos ao ch\u00e3o\u201d, relata.<\/p>\n<\/div>\n<p>Ela destaca que h\u00e1 investimentos em \u00e1reas tur\u00edsticas, mas nas regi\u00f5es residenciais a situa\u00e7\u00e3o \u00e9 prec\u00e1ria. \u201cNa orla, a gente encontra mais facilidade, mas basta ir ao Jacintinho, por exemplo, que n\u00e3o existe acessibilidade\u201d, completa.<\/p>\n<p>No Nordeste, 1.140 munic\u00edpios (63,5% da regi\u00e3o) t\u00eam \u00edndices de falta de rampas acima da m\u00e9dia nacional (68,85%). Cidades como Teju\u00e7uoca (CE) e Jaguaretama (CE) lideram os piores cen\u00e1rios, com 98% das vias sem rampas. Em seguida aparecem Ita\u00fa (RN) e Riachuelo (SE), com 97%, e Monsenhor Tabosa (CE), com 96%.<\/p>\n<p>O Cear\u00e1 ocupa o primeiro lugar no ranking nacional, com 77,8% da popula\u00e7\u00e3o urbana \u2014 equivalente a 5 milh\u00f5es de pessoas \u2014 vivendo em \u00e1reas sem acessibilidade. Em seguida aparecem S\u00e3o Paulo, Para\u00edba, Minas Gerais (76%) e Goi\u00e1s (75%). Outros estados nordestinos tamb\u00e9m aparecem com altos \u00edndices: Piau\u00ed (74%), Alagoas (73%) e, com 72%, Sergipe e Rio Grande do Norte.<\/p>\n<h3 class=\"wp-block-heading\">Aus\u00eancia de rampas e presen\u00e7a de obst\u00e1culos<\/h3>\n<p>A arquiteta e urbanista Zilsa Maria Pinto, professora da Universidade Federal do Cear\u00e1 (UFC), destaca diversos problemas relacionados \u00e0 acessibilidade nas vias p\u00fablicas. \u201cH\u00e1 aus\u00eancia de rebaixamento do meio-fio nas travessias, como orienta a\u00a0<a href=\"https:\/\/www.confea.org.br\/midias\/acessibilidade_abnt_2022.pdf\" target=\"_blank\" rel=\"noopener\">NBR 9050\/2020<\/a>; rampas para ve\u00edculos invadem a faixa livre da cal\u00e7ada; e h\u00e1 ainda as barreiras atitudinais, com obst\u00e1culos causados pelo uso indevido dos passeios p\u00fablicos\u201d, explica.<\/p>\n<p>De acordo com o IBGE, 65% da popula\u00e7\u00e3o urbana do pa\u00eds \u2014 cerca de 113 milh\u00f5es de pessoas \u2014 vivem em vias com algum tipo de obst\u00e1culo. O Nordeste lidera com 69,3% dos moradores nessa situa\u00e7\u00e3o e abriga o estado com o pior \u00edndice: Sergipe, que tem 78,3%. Ou seja, mesmo nas ruas que contam com rampas, a presen\u00e7a de barreiras f\u00edsicas compromete o acesso, afetando principalmente pessoas com defici\u00eancia e idosos.<\/p>\n<p><strong>Abaixo, ilustra\u00e7\u00f5es enviadas pela professora Zilsa com exemplo de como deveriam ser as cal\u00e7adas<\/strong><\/p>\n<figure class=\"wp-block-image size-large is-resized\"><img loading=\"lazy\" decoding=\"async\" class=\"wp-image-24182 rounded lazyloaded aligncenter\" title=\"7 a cada 10 moradores dos estados do Nordeste vivem em ruas sem rampas 3\" src=\"https:\/\/www.agenciatatu.com.br\/wp-content\/uploads\/imagem_ilustrativa-568x431.png\" sizes=\"auto, (max-width: 568px) 100vw, 568px\" srcset=\"https:\/\/www.agenciatatu.com.br\/wp-content\/uploads\/imagem_ilustrativa-568x431.png 568w, https:\/\/www.agenciatatu.com.br\/wp-content\/uploads\/imagem_ilustrativa-396x300.png 396w, https:\/\/www.agenciatatu.com.br\/wp-content\/uploads\/imagem_ilustrativa-150x114.png 150w, https:\/\/www.agenciatatu.com.br\/wp-content\/uploads\/imagem_ilustrativa-768x583.png 768w, https:\/\/www.agenciatatu.com.br\/wp-content\/uploads\/imagem_ilustrativa.png 1031w\" alt=\"imagem ilustrativa - 7 a cada 10 moradores dos estados do Nordeste vivem em ruas sem rampas\" width=\"568\" height=\"431\" data-src=\"https:\/\/www.agenciatatu.com.br\/wp-content\/uploads\/imagem_ilustrativa-568x431.png\" data-srcset=\"https:\/\/www.agenciatatu.com.br\/wp-content\/uploads\/imagem_ilustrativa-568x431.png 568w, https:\/\/www.agenciatatu.com.br\/wp-content\/uploads\/imagem_ilustrativa-396x300.png 396w, https:\/\/www.agenciatatu.com.br\/wp-content\/uploads\/imagem_ilustrativa-150x114.png 150w, https:\/\/www.agenciatatu.com.br\/wp-content\/uploads\/imagem_ilustrativa-768x583.png 768w, https:\/\/www.agenciatatu.com.br\/wp-content\/uploads\/imagem_ilustrativa.png 1031w\" data-sizes=\"(max-width: 568px) 100vw, 568px\" \/><\/figure>\n<figure class=\"wp-block-image size-full is-resized\"><img loading=\"lazy\" decoding=\"async\" class=\"wp-image-24183 rounded lazyloaded aligncenter\" title=\"7 a cada 10 moradores dos estados do Nordeste vivem em ruas sem rampas 4\" src=\"https:\/\/www.agenciatatu.com.br\/wp-content\/uploads\/imagem_ilustrativa_2_720.png\" sizes=\"auto, (max-width: 720px) 100vw, 720px\" srcset=\"https:\/\/www.agenciatatu.com.br\/wp-content\/uploads\/imagem_ilustrativa_2_720.png 720w, https:\/\/www.agenciatatu.com.br\/wp-content\/uploads\/imagem_ilustrativa_2_720-500x260.png 500w, https:\/\/www.agenciatatu.com.br\/wp-content\/uploads\/imagem_ilustrativa_2_720-150x78.png 150w\" alt=\"imagem ilustrativa 2 720 - 7 a cada 10 moradores dos estados do Nordeste vivem em ruas sem rampas\" width=\"720\" height=\"375\" data-src=\"https:\/\/www.agenciatatu.com.br\/wp-content\/uploads\/imagem_ilustrativa_2_720.png\" data-srcset=\"https:\/\/www.agenciatatu.com.br\/wp-content\/uploads\/imagem_ilustrativa_2_720.png 720w, https:\/\/www.agenciatatu.com.br\/wp-content\/uploads\/imagem_ilustrativa_2_720-500x260.png 500w, https:\/\/www.agenciatatu.com.br\/wp-content\/uploads\/imagem_ilustrativa_2_720-150x78.png 150w\" data-sizes=\"(max-width: 720px) 100vw, 720px\" \/><\/figure>\n<p>Com mestrado em Arquitetura e Urbanismo e doutorado em Educa\u00e7\u00e3o, Zilsa ressalta que cabe \u00e0s administra\u00e7\u00f5es municipais garantir a acessibilidade. \u201cEnquanto as prefeituras n\u00e3o assumirem a responsabilidade pela constru\u00e7\u00e3o das cal\u00e7adas e continuarem repassando essa obriga\u00e7\u00e3o aos propriet\u00e1rios, a situa\u00e7\u00e3o n\u00e3o ser\u00e1 plenamente resolvida. A estrutura das vias p\u00fablicas deve contemplar todos os elementos necess\u00e1rios \u00e0 circula\u00e7\u00e3o de pedestres e ve\u00edculos\u201d, afirma.<\/p>\n<h3 class=\"wp-block-heading\">Caminhos para mudan\u00e7a<\/h3>\n<p>Atuando na \u00e1rea de acessibilidade e planejamento urbano, Zilsa defende mais aten\u00e7\u00e3o por parte dos gestores municipais quanto \u00e0 execu\u00e7\u00e3o e fiscaliza\u00e7\u00e3o de obras.<\/p>\n<div class=\"wp-block-image\">\n<figure class=\"alignleft size-large is-resized\"><img loading=\"lazy\" decoding=\"async\" class=\"wp-image-24184 rounded lazyloaded\" title=\"7 a cada 10 moradores dos estados do Nordeste vivem em ruas sem rampas 5\" src=\"https:\/\/www.agenciatatu.com.br\/wp-content\/uploads\/banner_pessoa_com_deficiencia_set2019_003-379x431.png\" sizes=\"auto, (max-width: 379px) 100vw, 379px\" srcset=\"https:\/\/www.agenciatatu.com.br\/wp-content\/uploads\/banner_pessoa_com_deficiencia_set2019_003-379x431.png 379w, https:\/\/www.agenciatatu.com.br\/wp-content\/uploads\/banner_pessoa_com_deficiencia_set2019_003-264x300.png 264w, https:\/\/www.agenciatatu.com.br\/wp-content\/uploads\/banner_pessoa_com_deficiencia_set2019_003-132x150.png 132w, https:\/\/www.agenciatatu.com.br\/wp-content\/uploads\/banner_pessoa_com_deficiencia_set2019_003-150x171.png 150w, https:\/\/www.agenciatatu.com.br\/wp-content\/uploads\/banner_pessoa_com_deficiencia_set2019_003.png 426w\" alt=\"banner pessoa com deficiencia set2019 003 - 7 a cada 10 moradores dos estados do Nordeste vivem em ruas sem rampas\" width=\"379\" height=\"431\" data-src=\"https:\/\/www.agenciatatu.com.br\/wp-content\/uploads\/banner_pessoa_com_deficiencia_set2019_003-379x431.png\" data-srcset=\"https:\/\/www.agenciatatu.com.br\/wp-content\/uploads\/banner_pessoa_com_deficiencia_set2019_003-379x431.png 379w, https:\/\/www.agenciatatu.com.br\/wp-content\/uploads\/banner_pessoa_com_deficiencia_set2019_003-264x300.png 264w, https:\/\/www.agenciatatu.com.br\/wp-content\/uploads\/banner_pessoa_com_deficiencia_set2019_003-132x150.png 132w, https:\/\/www.agenciatatu.com.br\/wp-content\/uploads\/banner_pessoa_com_deficiencia_set2019_003-150x171.png 150w, https:\/\/www.agenciatatu.com.br\/wp-content\/uploads\/banner_pessoa_com_deficiencia_set2019_003.png 426w\" data-sizes=\"(max-width: 379px) 100vw, 379px\" \/><figcaption class=\"wp-element-caption\">Professora Zilsa<\/p>\n<\/figcaption><\/figure>\n<\/div>\n<p>\u201c\u00c9 necess\u00e1rio intensificar a fiscaliza\u00e7\u00e3o, embora muitas vezes as prefeituras n\u00e3o tenham estrutura suficiente para isso. Al\u00e9m disso, as cidades cresceram com cal\u00e7adas estreitas, especialmente em bairros populares ou antigos, o que dificulta o cumprimento das exig\u00eancias atuais de acessibilidade. A maior precariedade est\u00e1 nas periferias, onde sequer h\u00e1 cal\u00e7adas em muitos trechos\u201d, contextualiza.<\/p>\n<p>Segundo ela, o planejamento urbano prioriza o fluxo de ve\u00edculos, deixando os pedestres em segundo plano.<\/p>\n<blockquote class=\"wp-block-quote is-layout-flow wp-block-quote-is-layout-flow\"><p>\u201cO poder p\u00fablico se compromete com a pista de rolamento, o acostamento, a ilha e o canteiro central. Por que n\u00e3o se comprometer com a cal\u00e7ada, que \u00e9 o espa\u00e7o destinado exclusivamente aos pedestres?\u201d, questiona a professora.<\/p><\/blockquote>\n<p>&nbsp;<\/p>\n","protected":false},"excerpt":{"rendered":"<p>Cear\u00e1 apresenta a pior situa\u00e7\u00e3o entre os estados do pa\u00eds; dados se referem \u00e0 popula\u00e7\u00e3o que vive na \u00e1rea urbana Por\u00a0Thiago Aquino Junho, 2025 &#8211; Mais de 29 milh\u00f5es de nordestinos que vivem em \u00e1reas urbanas est\u00e3o em ruas sem rampas, o que representa 70,5% da popula\u00e7\u00e3o urbana da regi\u00e3o. O dado, revelado pelo Censo [&hellip;]<\/p>\n","protected":false},"author":1,"featured_media":25661,"comment_status":"open","ping_status":"open","sticky":false,"template":"","format":"standard","meta":{"_uag_custom_page_level_css":"","footnotes":""},"categories":[31],"tags":[578,1165,27564,27563,7237,7773,8144,8982,27565],"class_list":["post-25660","post","type-post","status-publish","format-standard","has-post-thumbnail","hentry","category-infraestrutura","tag-alagoas","tag-bahia","tag-cadeirantes-prejudicados","tag-cidades-sem-rampas","tag-maranhao","tag-mobilidade-urbana","tag-nordeste","tag-planejamento-urbano","tag-ruas-sem-acessibilidade"],"blocksy_meta":[],"spectra_blocks_featured_image_url":{"thumbnail":{"url":"https:\/\/construcaocivil.siriusmarketingedesign.com.br\/wp-content\/uploads\/2025\/06\/rampa_falta-de-acessibilidade_nordeste-150x150.webp","width":150,"height":150},"medium":{"url":"https:\/\/construcaocivil.siriusmarketingedesign.com.br\/wp-content\/uploads\/2025\/06\/rampa_falta-de-acessibilidade_nordeste-300x167.webp","width":300,"height":167},"medium_large":{"url":"https:\/\/construcaocivil.siriusmarketingedesign.com.br\/wp-content\/uploads\/2025\/06\/rampa_falta-de-acessibilidade_nordeste.webp","width":720,"height":400},"large":{"url":"https:\/\/construcaocivil.siriusmarketingedesign.com.br\/wp-content\/uploads\/2025\/06\/rampa_falta-de-acessibilidade_nordeste.webp","width":720,"height":400},"full":{"url":"https:\/\/construcaocivil.siriusmarketingedesign.com.br\/wp-content\/uploads\/2025\/06\/rampa_falta-de-acessibilidade_nordeste.webp","width":720,"height":400}},"spectra_blocks_author_info":{"display_name":"Jornal da Constru\u00e7\u00e3o Civil","avatar_url":"https:\/\/secure.gravatar.com\/avatar\/973c9774fd44ddaceb026973c4962faa70fc512bc4c9da68e8ebb40fecee6540?s=96&d=mm&r=g","author_link":"https:\/\/construcaocivil.siriusmarketingedesign.com.br\/?author=1","description":"Desde de 2013, levando muitas informa\u00e7\u00f5es, lan\u00e7amentos e produtos de qualidade para toda cadeia produtiva da constru\u00e7\u00e3o. O Futuro da constru\u00e7\u00e3o passa por aqui,"},"uagb_featured_image_src":{"full":["https:\/\/construcaocivil.siriusmarketingedesign.com.br\/wp-content\/uploads\/2025\/06\/rampa_falta-de-acessibilidade_nordeste.webp",720,400,false],"thumbnail":["https:\/\/construcaocivil.siriusmarketingedesign.com.br\/wp-content\/uploads\/2025\/06\/rampa_falta-de-acessibilidade_nordeste-150x150.webp",150,150,true],"medium":["https:\/\/construcaocivil.siriusmarketingedesign.com.br\/wp-content\/uploads\/2025\/06\/rampa_falta-de-acessibilidade_nordeste-300x167.webp",300,167,true],"medium_large":["https:\/\/construcaocivil.siriusmarketingedesign.com.br\/wp-content\/uploads\/2025\/06\/rampa_falta-de-acessibilidade_nordeste.webp",720,400,false],"large":["https:\/\/construcaocivil.siriusmarketingedesign.com.br\/wp-content\/uploads\/2025\/06\/rampa_falta-de-acessibilidade_nordeste.webp",720,400,false],"1536x1536":["https:\/\/construcaocivil.siriusmarketingedesign.com.br\/wp-content\/uploads\/2025\/06\/rampa_falta-de-acessibilidade_nordeste.webp",720,400,false],"2048x2048":["https:\/\/construcaocivil.siriusmarketingedesign.com.br\/wp-content\/uploads\/2025\/06\/rampa_falta-de-acessibilidade_nordeste.webp",720,400,false]},"uagb_author_info":{"display_name":"Jornal da Constru\u00e7\u00e3o Civil","author_link":"https:\/\/construcaocivil.siriusmarketingedesign.com.br\/?author=1"},"uagb_comment_info":0,"uagb_excerpt":"Cear\u00e1 apresenta a pior situa\u00e7\u00e3o entre os estados do pa\u00eds; dados se referem \u00e0 popula\u00e7\u00e3o que vive na \u00e1rea urbana Por\u00a0Thiago Aquino Junho, 2025 &#8211; Mais de 29 milh\u00f5es de nordestinos que vivem em \u00e1reas urbanas est\u00e3o em ruas sem rampas, o que representa 70,5% da popula\u00e7\u00e3o urbana da regi\u00e3o. O dado, revelado pelo Censo&hellip;","_links":{"self":[{"href":"https:\/\/construcaocivil.siriusmarketingedesign.com.br\/index.php?rest_route=\/wp\/v2\/posts\/25660","targetHints":{"allow":["GET"]}}],"collection":[{"href":"https:\/\/construcaocivil.siriusmarketingedesign.com.br\/index.php?rest_route=\/wp\/v2\/posts"}],"about":[{"href":"https:\/\/construcaocivil.siriusmarketingedesign.com.br\/index.php?rest_route=\/wp\/v2\/types\/post"}],"author":[{"embeddable":true,"href":"https:\/\/construcaocivil.siriusmarketingedesign.com.br\/index.php?rest_route=\/wp\/v2\/users\/1"}],"replies":[{"embeddable":true,"href":"https:\/\/construcaocivil.siriusmarketingedesign.com.br\/index.php?rest_route=%2Fwp%2Fv2%2Fcomments&post=25660"}],"version-history":[{"count":0,"href":"https:\/\/construcaocivil.siriusmarketingedesign.com.br\/index.php?rest_route=\/wp\/v2\/posts\/25660\/revisions"}],"wp:featuredmedia":[{"embeddable":true,"href":"https:\/\/construcaocivil.siriusmarketingedesign.com.br\/index.php?rest_route=\/wp\/v2\/media\/25661"}],"wp:attachment":[{"href":"https:\/\/construcaocivil.siriusmarketingedesign.com.br\/index.php?rest_route=%2Fwp%2Fv2%2Fmedia&parent=25660"}],"wp:term":[{"taxonomy":"category","embeddable":true,"href":"https:\/\/construcaocivil.siriusmarketingedesign.com.br\/index.php?rest_route=%2Fwp%2Fv2%2Fcategories&post=25660"},{"taxonomy":"post_tag","embeddable":true,"href":"https:\/\/construcaocivil.siriusmarketingedesign.com.br\/index.php?rest_route=%2Fwp%2Fv2%2Ftags&post=25660"}],"curies":[{"name":"wp","href":"https:\/\/api.w.org\/{rel}","templated":true}]}}