{"id":25666,"date":"2025-06-06T11:49:14","date_gmt":"2025-06-06T14:49:14","guid":{"rendered":"https:\/\/www.jornaldaconstrucaocivil.com.br\/?p=25666"},"modified":"2025-06-06T11:49:14","modified_gmt":"2025-06-06T14:49:14","slug":"crea-aqui-vira-grande-conexao-da-engenharia-agronomia-e-geociencias-e-pode-entrar-para-calendario-do-rio","status":"publish","type":"post","link":"https:\/\/construcaocivil.siriusmarketingedesign.com.br\/?p=25666","title":{"rendered":"CREA AQUI vira grande conex\u00e3o da engenharia, agronomia e geoci\u00eancias e pode entrar para calend\u00e1rio do Rio"},"content":{"rendered":"<p style=\"text-align: justify;\">Junho, 2025 &#8211; O maior encontro estadual das engenharias, agronomia e geoci\u00eancias, o CREA AQUI se tornou uma enorme conex\u00e3o de profissionais, empres\u00e1rios e autoridades do estado e do munic\u00edpio, que compartilharam ideias e projetos com solu\u00e7\u00f5es para os principais problemas do Estado. O mega evento, que recebeu cerca de 4 mil pessoas para celebrar os 91 anos do Conselho Regional de Engenharia e Agronomia do Rio, funcionou como uma esp\u00e9cie de SOEA de um dia. SOEA \u00e9 a Semana Oficial de Engenharia e Agronomia, que acontece h\u00e1 80 anos, cada vez numa capital brasileira.<\/p>\n<p style=\"text-align: justify;\">\n<p style=\"text-align: justify;\">J\u00e1 na abertura do evento, inova\u00e7\u00e3o e tecnologia marcaram presen\u00e7a, com o presidente do CREA-RJ, Miguel Fern\u00e1ndez, apresentando as funcionalidades do novo aplicativo desenvolvido para engenheiros, agr\u00f4nomos e profissionais das ci\u00eancias geol\u00f3gicas. Ele tamb\u00e9m convidou todos os presentes a fazerem a visita virtual pela futura sede do conselho regional &#8211; com inaugura\u00e7\u00e3o prevista para o fim do ano. A futura sede ter\u00e1 espa\u00e7o de coworking para os profissionais, al\u00e9m de espa\u00e7os flexibilizados para palestras e workshops. A ideia \u00e9 transformar o CREA na Casa das Engenharias, da Agronomia e das Geoci\u00eancias.<\/p>\n<table class=\"v1table\" width=\"800\" align=\"center\">\n<tbody>\n<tr>\n<td>\n<table>\n<tbody>\n<tr>\n<td>\n<table class=\"v1image v1image_resized\" width=\"799\" align=\"center\">\n<tbody>\n<tr>\n<td><img decoding=\"async\" src=\"https:\/\/s2506.imxsnd88.com\/9yImO2MWNjhTN6InYu02bj5CbpZXaj9WYjVnc0NnbvNWYkxWYuJ3bqB0bhNWYkVmc6IDM5MTO2EjMxozZlBnauc3bsljYzQ2Y1MDNlBzYkBTZwQ2Y4M2MkJWOyUTYyEzY5kTZGJTJ5kTZGJTJ1YjM2gjRyUSM1IzMx8VL1ETLf9VLwITLfpTN\" width=\"800\" \/><\/p>\n<table class=\"v1figcap\" border=\"0\" width=\"800\" cellspacing=\"0\" cellpadding=\"0\" align=\"center\">\n<tbody>\n<tr class=\"v1tr001\">\n<td width=\"800\"><\/td>\n<\/tr>\n<\/tbody>\n<\/table>\n<\/td>\n<\/tr>\n<\/tbody>\n<\/table>\n<table class=\"v1table\" width=\"800\" align=\"center\">\n<tbody>\n<tr>\n<td>\n<table class=\"v1looset\">\n<tbody>\n<tr>\n<td><span style=\"color: #993300;\">O presidente do Crea-RJ, Miguel Fern\u00e1ndez, faz uma selfie com a plateia, testando e aprovando o novo App de servi\u00e7os \/ Foto divulga\u00e7\u00e3o<\/span><\/td>\n<\/tr>\n<\/tbody>\n<\/table>\n<\/td>\n<\/tr>\n<\/tbody>\n<\/table>\n<\/td>\n<\/tr>\n<\/tbody>\n<\/table>\n<\/td>\n<\/tr>\n<\/tbody>\n<\/table>\n<p style=\"text-align: justify;\">&#8220;Com o CREA AQUI e todas as inova\u00e7\u00f5es que trazemos, creio que conseguimos provar que o CREA n\u00e3o est\u00e1 presente s\u00f3 na mitiga\u00e7\u00e3o dos desastres, mas contribuindo para renovar a autoestima dos profissionais e juntos retomarmos o protagonismo das engenharias&#8221;, afirmou Miguel Fern\u00e1ndez.<\/p>\n<p style=\"text-align: justify;\">\n<p style=\"text-align: justify;\">Em sua apresenta\u00e7\u00e3o, o presidente do CREA-RJ testou no tel\u00e3o de led as funcionalidades do app de servi\u00e7os, que promete desburocratizar o atendimento e agilizar o acesso a documentos e certid\u00f5es. A cada uso bem-sucedido do app, a plateia aplaudia. Fern\u00e1ndez anunciou tamb\u00e9m que por meio da plataforma Livelo os profissionais cadastrados no CREA poder\u00e3o obter cashback que pode resultar em anuidade zero. Fern\u00e1ndez agradeceu a presen\u00e7a de todos, profissionais, empres\u00e1rios e apoiadores, al\u00e9m de seus colaboradores, como a jornalista e publicit\u00e1ria Luciana Soares, coordenadora de eventos do CREA-RJ.<\/p>\n<p style=\"text-align: justify;\">\n<p style=\"text-align: justify;\">O presidente do Conselho Federal de Engenharia, Vinicius Marchese, participou do evento, entregando pr\u00eamios aos laureados, ao lado de Miguel Fern\u00e1ndez. Marchese parabenizou o presidente do CREA-RJ pelo sucesso do CREA AQUI:<\/p>\n<p style=\"text-align: justify;\">\n<p style=\"text-align: justify;\">&#8220;O CREA Rio de Janeiro hoje reposiciona a institui\u00e7\u00e3o como uma institui\u00e7\u00e3o que est\u00e1 muito pr\u00f3xima do profissional, pr\u00f3xima da sociedade, pr\u00f3xima dos problemas da sociedade. Quero parabenizar o Miguel Fern\u00e1ndez por tudo que ele est\u00e1 fazendo pelo CREA como um todo, mas hoje especialmente pelo evento que tem como objetivo trazer o profissional para pr\u00f3ximo do sistema. \u00c9 assim que a gente vai trabalhar, mudando o sistema para o profissional.&#8221;<\/p>\n<p style=\"text-align: justify;\">\n<p style=\"text-align: justify;\">O primeiro painel de debates do dia teve in\u00edcio com o secret\u00e1rio estadual de Agricultura, Pecu\u00e1ria e Abastecimento do Rio, Fl\u00e1vio Ferreira, que destacou os avan\u00e7os da produ\u00e7\u00e3o agr\u00edcola do Estado, citando novos polos, como o caf\u00e9 do noroeste fluminense e a uva no munic\u00edpio de Areal, entre outros.<\/p>\n<p style=\"text-align: justify;\">\n<p style=\"text-align: justify;\">Tamb\u00e9m presente ao debate o presidente da Cedae, Aguinaldo Ballon, explanou sobre os desafios enfrentados ap\u00f3s a concess\u00e3o dos servi\u00e7os de distribui\u00e7\u00e3o de \u00e1gua e o cen\u00e1rio atual, que prev\u00ea 5 bilh\u00f5es de investimentos at\u00e9 2029, em fun\u00e7\u00e3o da universaliza\u00e7\u00e3o do saneamento em 2033.<\/p>\n<p style=\"text-align: justify;\">\n<p style=\"text-align: justify;\">O terceiro convidado do painel &#8211; mediado pelo comunicador Cl\u00f3vis Monteiro (R\u00e1dio Tupi) -, o engenheiro Uruan Cintra de Andrade, secret\u00e1rio estadual de Infraestrutura e Obras P\u00fablicas, enalteceu a import\u00e2ncia do CREA-RJ e de todos os profissionais da entidade representados na realiza\u00e7\u00e3o e conclus\u00e3o de cerca de 150 obras em andamento este ano na capital e no interior do Estado do Rio. Como a conclus\u00e3o do aguardado novo Museu da Imagem e do Som (MIS), em Copacabana, que, segundo o secret\u00e1rio, ocorrer\u00e1 at\u00e9 dezembro.<\/p>\n<p style=\"text-align: justify;\">\n<p style=\"text-align: justify;\">\u00c0 tarde, o painel tratou do tema &#8220;Cidades que pensam o futuro: a engenharia na transforma\u00e7\u00e3o urbana&#8221; e contou com a participa\u00e7\u00e3o do<\/p>\n<p style=\"text-align: justify;\">secret\u00e1rio Municipal de Infraestrutura do Rio de Janeiro, engenheiro Wanderson Santos; do<\/p>\n<p style=\"text-align: justify;\">presidente da Companhia Municipal de Limpeza Urbana (Comlurb) Jorge Luiz de Souza Arraes; do presidente do Instituto Pereira Passos, Elias Jabbour; e de um representante da Companhia Municipal de Energia e Ilumina\u00e7\u00e3o, a Rioluz.<\/p>\n<p style=\"text-align: justify;\">\n<p style=\"text-align: justify;\">O secret\u00e1rio de Infraestrutura do munic\u00edpio destacou a import\u00e2ncia da engenharia no poder p\u00fablico, informando que a prefeitura do Rio tem hoje R$ 1 bilh\u00e3o em obras contratadas:<\/p>\n<p style=\"text-align: justify;\">\n<p style=\"text-align: justify;\">&#8220;A Engenharia p\u00fablica \u00e9 fundamental para o desenvolvimento do pa\u00eds&#8221;, lembrando que &#8220;a engenharia passou por uma crise muito grande com reflexos at\u00e9 hoje. Precisamos virar essa p\u00e1gina. A gente precisa abandonar o nosso complexo de vira lata e entender que temos protagonismo. Eventos como esse s\u00e3o importantes para resgatar esse sentimento&#8221;, afirmou o engenheiro Wanderson.<\/p>\n<p style=\"text-align: justify;\">\n<p style=\"text-align: justify;\">Com filas em v\u00e1rios estandes, do selfie oficial \u00e0 do \u00f3culos para realidade virtual \u2013 que permitiu ver em 3D o projeto da futura sede do CREA-RJ\u2013, o CREA-RJ reuniu profissionais, empres\u00e1rios e estudantes, numa esp\u00e9cie de festival da engenharia. O podcast CREA AQUI, apresentado pelo jornalista Rodrigo Motta, fez entrevistas ao vivo num est\u00fadio montado no local. Houve palestras, lan\u00e7amentos de livros e 26 profissionais premiados em diversas categorias. A presen\u00e7a dos estudantes foi maci\u00e7a.O clima de euforia foi t\u00e3o grande que houve quem jurasse que a hist\u00f3ria do CREA-RJ ser\u00e1 dividida entre antes e depois do CREA AQUI, um evento que promete entrar para o calend\u00e1rio do Estado do Rio, atraindo profissionais de todo pa\u00eds.<\/p>\n<p style=\"text-align: justify;\">\n<p style=\"text-align: justify;\">O local do evento n\u00e3o poderia ser mais inspirador: a Marina da Gl\u00f3ria, um dos cart\u00f5es-postais do Rio, com uma vista deslumbrante da Ba\u00eda de Guanabara. O evento aconteceu em um pavilh\u00e3o indoor de quase 5 mil metros quadrados, com toda a infraestrutura para receber milhares de visitantes e expositores. Ao som da Barlavento, banda formada por tr\u00eas engenheiros, e da Blitz, ao final, o evento funcionou tamb\u00e9m como uma esp\u00e9cie de congra\u00e7amento dos profissionais do Sistema Confea\/CREA.<\/p>\n<p style=\"text-align: justify;\">\n<p style=\"text-align: justify;\">No estande do CREA-RJ, o projeto modelo da futura sede do CREA fez sucesso, visto com \u00f3culos de realidade virtual. A engenheira civil Juliana Peres, Perilo Engenharia, estava exultante com o projeto e todo o evento.<\/p>\n<p style=\"text-align: justify;\">&#8220;T\u00e1 bem bacana. Os estandes est\u00e3o bem informativos, proporcionando uma experi\u00eancia bem legal&#8221;, disse Juliana.<\/p>\n<p style=\"text-align: justify;\">\n<p style=\"text-align: justify;\">A engenheira de produ\u00e7\u00e3o e seguran\u00e7a do trabalho Priscila Pinheiro, moradora do bairro vizinho da Gl\u00f3ria, estava toda feliz na fila do selfie para comprovar que esteve no evento. &#8220;Esse tipo de evento vai dar uma reaquecida no mercado e certamente aumentar a oferta de trabalho para os profissionais&#8221;, afirmou Priscila, interessada na palestra de Intelig\u00eancia Artificial, dada por Miguel Lannes.<\/p>\n<p style=\"text-align: justify;\">\n<p style=\"text-align: justify;\">Fernanda Siqueira Barbosa, engenheira civil e seguran\u00e7a do trabalho, encarou quatro horas de estrada, de Campos at\u00e9 a Marina da Gl\u00f3ria. &#8220;Valeu a pena. Fiquei entusiasmada com o aplicativo de servi\u00e7os e com o encontro com v\u00e1rios profissionais das engenharias&#8221;, disse Fernanda, cujo marido \u00e9 o engenheiro Jos\u00e9 Victor, presidente da Associa\u00e7\u00e3o Norte Fluminense de Engenheiros e Arquitetos (Anfea).<\/p>\n<p style=\"text-align: justify;\">\n<p style=\"text-align: justify;\">O sucesso do CREA AQUI pode ser medido tamb\u00e9m pela atra\u00e7\u00e3o de profissionais de outros conselhos, como o Conselho Regional de Fisioterapia, o Cr\u00e9dito, da 2a. Regi\u00e3o.<\/p>\n<p style=\"text-align: justify;\">\n<p style=\"text-align: justify;\">&#8220;Esse evento \u00e9 bem ecl\u00e9tico e inspirador, at\u00e9 por conta do cen\u00e1rio que escolheram, com muita informa\u00e7\u00e3o, hist\u00f3ria e atualidades. O CREA est\u00e1 fazendo tamb\u00e9m um movimento de engajamento das mulheres para a equidade que precisamos tanto. A mulherada est\u00e1 com fome de trabalho e esbanjando conhecimento&#8221;, destacou a fisioterapeuta Adeliane Abr\u00e3o, que foi ao evento representando o presidente do Crefito, Wilem Hil Silva.<\/p>\n<p style=\"text-align: justify;\">\n<p style=\"text-align: justify;\">As geoci\u00eancias foram muito bem representadas pelo ge\u00f3logo Renato Rodriguez Cabral Ramos, professor da UFRJ e conselheiro do Clube de Engenharia, que defende a presen\u00e7a cada vez maior de estudantes nesse tipo de evento: &#8220;Eu acho importante essa visibiliza\u00e7\u00e3o do CREA, que, por incr\u00edvel que pare\u00e7a, ainda \u00e9 muito desconhecido. Eu sou professor da UFRJ. Voc\u00ea pergunta para os alunos o que \u00e9 o CREA, eles sabem que existe, mas n\u00e3o entendem o que \u00e9. Ent\u00e3o, eu acho que \u00e9 importante avan\u00e7ar nessa visibiliza\u00e7\u00e3o do CREA, das suas atribui\u00e7\u00f5es, da sua import\u00e2ncia, dos seus problemas, mas acho que especificamente para as universidades. Acho que esse tipo de evento \u00e9 um primeiro passo importante para visibilizar o CREA perante a sociedade&#8221;, afirmou Renato Ramos.<\/p>\n<p style=\"text-align: justify;\"><strong>VEJA A OPINI\u00c3O DE AUTORIDADES SOBRE O CREA AQUI<\/strong><\/p>\n<p style=\"text-align: justify;\">\n<p style=\"text-align: justify;\">Vinicius Marchese, presidente do Conselho Federal de Engenharia e Agronomia (Confea):<\/p>\n<p style=\"text-align: justify;\">\n<p style=\"text-align: justify;\">&#8220;O CREA Rio de Janeiro hoje reposiciona a institui\u00e7\u00e3o como uma institui\u00e7\u00e3o que est\u00e1 muito pr\u00f3xima do profissional, pr\u00f3xima da sociedade, pr\u00f3xima dos problemas da sociedade. Quero parabenizar o Miguel Fern\u00e1ndez pelo CREA AQUIi, por esse momento, por tudo que ele est\u00e1 fazendo pelo CREA como um todo, mas hoje especialmente pelo evento que tem como objetivo realmente trazer o profissional para pr\u00f3ximo do sistema. \u00c9 assim que a gente vai trabalhar, mudando o sistema para o profissional.&#8221;<\/p>\n<p style=\"text-align: justify;\">\n<p style=\"text-align: justify;\">Sydnei Menezes, presidente do Conselho de Arquitetura e Urbanismo do Rio:<\/p>\n<p style=\"text-align: justify;\">\n<p style=\"text-align: justify;\">&#8220;Noventa e um anos de Creia n\u00e3o \u00e9 pouca coisa, \u00e9 uma institui\u00e7\u00e3o que tem hist\u00f3ria. Evidentemente que n\u00f3s participamos, num determinado tempo, nessa hist\u00f3ria. Ajudamos o CREA a ser o que ele hoje representa enquanto conselho profissional. E por ter 91 anos, o CREA ainda \u00e9 uma refer\u00eancia para todos os conselhos. Inclusive para o CAU, que \u00e9 um conselho muito novo, muito recente, de 13 anos, e que participou, como eu j\u00e1 disse, na vida profissional institucional do CREA. O Miguel \u00e9 um jovem engenheiro de 42 anos de idade que est\u00e1 revolucionando o sistema Creia. Ent\u00e3o,.n\u00f3s estamos aqui hoje para parabenizar o Miguel, sua equipe, os nossos colegas, engenheiros, engenheiras, agr\u00f4nomos e demais profissionais, por entender que a melhoria do espa\u00e7o urbano, das cidades e da vida das pessoas \u00e9 uma a\u00e7\u00e3o multidisciplinar. Estamos juntos no objetivo de fortalecer a engenharia e a arquitetura nacional.&#8221;<\/p>\n<p style=\"text-align: justify;\">\n<p style=\"text-align: justify;\">Uruan Cintra de Andrade, engenheiro e secret\u00e1rio de Infraestrutura e de Obras P\u00fablicas do Estado do Rio:<\/p>\n<p style=\"text-align: justify;\">\n<p style=\"text-align: justify;\">&#8220;Eu quero dizer que \u00e9 muito importante que a gente divulgue o que est\u00e1 sendo feito, divulgue as tecnologias, e aonde que a gente tem que fazer isso? Aqui. Aqui \u00e9 realmente o local em que voc\u00ea vai trazer as novas tecnologias, o que voc\u00ea est\u00e1 fazendo, que eu acho muito importante mostrar, porque n\u00e3o \u00e9 s\u00f3 falar, a gente tem que mostrar. E aqui \u00e9 o local para isso, ent\u00e3o \u00e9 fant\u00e1stico. Parab\u00e9ns ao presidente do CREA-RJ e a todo mundo que trabalhou para este evento, para dar dignidade para nossos atos, dignidade para o nosso planejamento e para o nosso povo do Estado do Rio&#8221;<\/p>\n<p style=\"text-align: justify;\">\n<p style=\"text-align: justify;\">Fl\u00e1vio Ferreira, secret\u00e1rio de agricultura do Estado do Rio:<\/p>\n<p style=\"text-align: justify;\">\n<p style=\"text-align: justify;\">&#8220;O CREA AQUI \u00e9 um marco para as engenharias e agronomia. A nossa agropecu\u00e1ria tem hoje um rebanho no Estado do Rio de Janeiro de aproximadamente 2 milh\u00f5es e 700 mil animais. O Rio est\u00e1 crescendo muito com a gen\u00e9tica animal de ponta, de qualidade. A nossa Pesagro tem grandes doutores orientando produtores e pecuaristas de todo o Brasil. O Estado do Rio est\u00e1 exportando agora carga viva para o L\u00edbano. Os nossos produtores v\u00e3o ter uma renda de 20% a mais em arroba, ent\u00e3o o grande crescimento da nossa pecu\u00e1ria \u00e9 essa. Outra economia importante \u00e9 a do caf\u00e9. Temos um caf\u00e9 especial l\u00e1 da regi\u00e3o do Noroeste fluminense.&#8221;<\/p>\n<p style=\"text-align: justify;\">\n<p style=\"text-align: justify;\">Paulo Renato Marques, engenheiro naval e presidente da Pesagro (Empresa de Pesquisa Agropecu\u00e1ria do Estado do Rio):<\/p>\n<p style=\"text-align: justify;\">\n<p style=\"text-align: justify;\">&#8220;\u00c9 uma enorme satisfa\u00e7\u00e3o estar aqui como engenheiro. Quero parabenizar o CREA-RJ,.o seu presidente. A import\u00e2ncia desse evento.\u00e9 quase imposs\u00edve de mencionar. Por qu\u00ea? Porque a gente est\u00e1 falando de conhecimento, a gente est\u00e1 falando de tecnologia. A vida hoje depende fundamentalmente de tecnologia e de conhecimento. E a engenharia \u00e9 um pilar fundamental desse grande conhecimento. Ent\u00e3o para n\u00f3s n\u00e3o s\u00f3 com agronomia mas com todas as gamas de engenheiros, elas v\u00eam mostrar para a sociedade aqui no cora\u00e7\u00e3o do Rio de Janeiro que esse conhecimento \u00e9 absolutamente fundamental para o desenvolvimento da pr\u00f3xima era industrial.&#8221;<\/p>\n<p style=\"text-align: justify;\">\n<p style=\"text-align: justify;\">Felipe Brasil, engenheiro agr\u00f4nomo e subsecret\u00e1rio de Agricultura do Estado do Eio&#8217;<\/p>\n<p style=\"text-align: justify;\">\n<p style=\"text-align: justify;\">&#8220;Quero parabenizar o nosso presidente, Miguel Fern\u00e1ndez, por ter tido a coragem de reunir tantos profissionais do Estado do Rio de Janeiro e do Brasil. Esse evento tem um papel fundamental porque atrav\u00e9s dos debates, das discuss\u00f5es, das informa\u00e7\u00f5es que v\u00e3o ser trazidas nesse evento, n\u00f3s vamos poder unir aqui esfor\u00e7os de todas as categorias profissionais do nosso conselho, de todas as engenharias, da engenharia agron\u00f4mica, das geoci\u00eancias, e que com certeza v\u00e3o contribuir para o futuro do nosso pa\u00eds e do nosso Estado do Rio de Janeiro. Eu acredito que o CREA AQUI veio para ficar, pois \u00e9 evento que tem como principal fun\u00e7\u00e3o reunir ideias, fazer conex\u00f5es com essas ideias e gerar grandes projetos para o futuro. Eu queria deixar mais uma vez aqui o agradecimento por poder participar e principalmente por estar representando aqui a Secretaria de Agricultura do Estado, que n\u00f3s entendemos que \u00e9 uma secretaria estrat\u00e9gica para o desenvolvimento do Estado, n\u00e3o s\u00f3 para o setor produtivo, mas para as quest\u00f5es sociais e principalmente para as quest\u00f5es ambientais&#8221;<\/p>\n","protected":false},"excerpt":{"rendered":"<p>Junho, 2025 &#8211; O maior encontro estadual das engenharias, agronomia e geoci\u00eancias, o CREA AQUI se tornou uma enorme conex\u00e3o de profissionais, empres\u00e1rios e autoridades do estado e do munic\u00edpio, que compartilharam ideias e projetos com solu\u00e7\u00f5es para os principais problemas do Estado. O mega evento, que recebeu cerca de 4 mil pessoas para celebrar [&hellip;]<\/p>\n","protected":false},"author":1,"featured_media":25667,"comment_status":"open","ping_status":"open","sticky":false,"template":"","format":"standard","meta":{"_uag_custom_page_level_css":"","footnotes":""},"categories":[27],"tags":[18009,27555,3143,27569,8197,12463],"class_list":["post-25666","post","type-post","status-publish","format-standard","has-post-thumbnail","hentry","category-acontece","tag-campos-goytacazes-rj","tag-crea-aqui","tag-crea-rj","tag-engenharia-e-agronomia","tag-nova-friburgo","tag-volta-redonda"],"blocksy_meta":[],"spectra_blocks_featured_image_url":{"thumbnail":{"url":"https:\/\/construcaocivil.siriusmarketingedesign.com.br\/wp-content\/uploads\/2025\/06\/handler-4-150x150.jpg","width":150,"height":150},"medium":{"url":"https:\/\/construcaocivil.siriusmarketingedesign.com.br\/wp-content\/uploads\/2025\/06\/handler-4-300x200.jpg","width":300,"height":200},"medium_large":{"url":"https:\/\/construcaocivil.siriusmarketingedesign.com.br\/wp-content\/uploads\/2025\/06\/handler-4-768x512.jpg","width":768,"height":512},"large":{"url":"https:\/\/construcaocivil.siriusmarketingedesign.com.br\/wp-content\/uploads\/2025\/06\/handler-4.jpg","width":800,"height":533},"full":{"url":"https:\/\/construcaocivil.siriusmarketingedesign.com.br\/wp-content\/uploads\/2025\/06\/handler-4.jpg","width":800,"height":533}},"spectra_blocks_author_info":{"display_name":"Jornal da Constru\u00e7\u00e3o Civil","avatar_url":"https:\/\/secure.gravatar.com\/avatar\/973c9774fd44ddaceb026973c4962faa70fc512bc4c9da68e8ebb40fecee6540?s=96&d=mm&r=g","author_link":"https:\/\/construcaocivil.siriusmarketingedesign.com.br\/?author=1","description":"Desde de 2013, levando muitas informa\u00e7\u00f5es, lan\u00e7amentos e produtos de qualidade para toda cadeia produtiva da constru\u00e7\u00e3o. O Futuro da constru\u00e7\u00e3o passa por aqui,"},"uagb_featured_image_src":{"full":["https:\/\/construcaocivil.siriusmarketingedesign.com.br\/wp-content\/uploads\/2025\/06\/handler-4.jpg",800,533,false],"thumbnail":["https:\/\/construcaocivil.siriusmarketingedesign.com.br\/wp-content\/uploads\/2025\/06\/handler-4-150x150.jpg",150,150,true],"medium":["https:\/\/construcaocivil.siriusmarketingedesign.com.br\/wp-content\/uploads\/2025\/06\/handler-4-300x200.jpg",300,200,true],"medium_large":["https:\/\/construcaocivil.siriusmarketingedesign.com.br\/wp-content\/uploads\/2025\/06\/handler-4-768x512.jpg",768,512,true],"large":["https:\/\/construcaocivil.siriusmarketingedesign.com.br\/wp-content\/uploads\/2025\/06\/handler-4.jpg",800,533,false],"1536x1536":["https:\/\/construcaocivil.siriusmarketingedesign.com.br\/wp-content\/uploads\/2025\/06\/handler-4.jpg",800,533,false],"2048x2048":["https:\/\/construcaocivil.siriusmarketingedesign.com.br\/wp-content\/uploads\/2025\/06\/handler-4.jpg",800,533,false]},"uagb_author_info":{"display_name":"Jornal da Constru\u00e7\u00e3o Civil","author_link":"https:\/\/construcaocivil.siriusmarketingedesign.com.br\/?author=1"},"uagb_comment_info":0,"uagb_excerpt":"Junho, 2025 &#8211; O maior encontro estadual das engenharias, agronomia e geoci\u00eancias, o CREA AQUI se tornou uma enorme conex\u00e3o de profissionais, empres\u00e1rios e autoridades do estado e do munic\u00edpio, que compartilharam ideias e projetos com solu\u00e7\u00f5es para os principais problemas do Estado. O mega evento, que recebeu cerca de 4 mil pessoas para celebrar&hellip;","_links":{"self":[{"href":"https:\/\/construcaocivil.siriusmarketingedesign.com.br\/index.php?rest_route=\/wp\/v2\/posts\/25666","targetHints":{"allow":["GET"]}}],"collection":[{"href":"https:\/\/construcaocivil.siriusmarketingedesign.com.br\/index.php?rest_route=\/wp\/v2\/posts"}],"about":[{"href":"https:\/\/construcaocivil.siriusmarketingedesign.com.br\/index.php?rest_route=\/wp\/v2\/types\/post"}],"author":[{"embeddable":true,"href":"https:\/\/construcaocivil.siriusmarketingedesign.com.br\/index.php?rest_route=\/wp\/v2\/users\/1"}],"replies":[{"embeddable":true,"href":"https:\/\/construcaocivil.siriusmarketingedesign.com.br\/index.php?rest_route=%2Fwp%2Fv2%2Fcomments&post=25666"}],"version-history":[{"count":0,"href":"https:\/\/construcaocivil.siriusmarketingedesign.com.br\/index.php?rest_route=\/wp\/v2\/posts\/25666\/revisions"}],"wp:featuredmedia":[{"embeddable":true,"href":"https:\/\/construcaocivil.siriusmarketingedesign.com.br\/index.php?rest_route=\/wp\/v2\/media\/25667"}],"wp:attachment":[{"href":"https:\/\/construcaocivil.siriusmarketingedesign.com.br\/index.php?rest_route=%2Fwp%2Fv2%2Fmedia&parent=25666"}],"wp:term":[{"taxonomy":"category","embeddable":true,"href":"https:\/\/construcaocivil.siriusmarketingedesign.com.br\/index.php?rest_route=%2Fwp%2Fv2%2Fcategories&post=25666"},{"taxonomy":"post_tag","embeddable":true,"href":"https:\/\/construcaocivil.siriusmarketingedesign.com.br\/index.php?rest_route=%2Fwp%2Fv2%2Ftags&post=25666"}],"curies":[{"name":"wp","href":"https:\/\/api.w.org\/{rel}","templated":true}]}}