{"id":25669,"date":"2025-06-06T15:05:02","date_gmt":"2025-06-06T18:05:02","guid":{"rendered":"https:\/\/www.jornaldaconstrucaocivil.com.br\/?p=25669"},"modified":"2025-06-06T15:05:02","modified_gmt":"2025-06-06T18:05:02","slug":"cau-pe-apresenta-contribuicoes-ao-edital-de-restauro-do-teatro-santa-isabel-e-reforca-papel-dos-arquitetos-e-urbanistas","status":"publish","type":"post","link":"https:\/\/construcaocivil.siriusmarketingedesign.com.br\/?p=25669","title":{"rendered":"CAU\/PE apresenta contribui\u00e7\u00f5es ao edital de restauro do Teatro Santa Isabel e refor\u00e7a papel dos arquitetos e urbanistas"},"content":{"rendered":"<p style=\"text-align: justify;\">O Conselho de Arquitetura e Urbanismo de Pernambuco (CAU\/PE) participou, na \u00faltima quarta-feira (4), de uma reuni\u00e3o com a Funda\u00e7\u00e3o de Cultura da Cidade do Recife para apresentar sugest\u00f5es ao edital que trata da contrata\u00e7\u00e3o dos projetos de restauro do Teatro Santa Isabel, um dos principais patrim\u00f4nios hist\u00f3ricos e culturais do pa\u00eds.<\/p>\n<p style=\"text-align: justify;\">Durante a reuni\u00e3o, o CAU\/PE destacou a import\u00e2ncia de garantir que o edital esteja em conformidade com a legisla\u00e7\u00e3o que define a atua\u00e7\u00e3o dos arquitetos e urbanistas em projetos de restauro de bens tombados. O restauro de patrim\u00f4nios hist\u00f3ricos exige uma s\u00e9rie de conhecimentos t\u00e9cnicos e espec\u00edficos, e \u00e9 fundamental que essas atividades sejam desempenhadas por profissionais com a forma\u00e7\u00e3o e a especializa\u00e7\u00e3o necess\u00e1ria, como \u00e9 o caso dos arquitetos e urbanistas.<\/p>\n<p style=\"text-align: justify;\">As contribui\u00e7\u00f5es foram formalizadas em uma carta de recomenda\u00e7\u00e3o entregue \u00e0 Funda\u00e7\u00e3o. O CAU\/PE sugeriu ajustes no edital para garantir que profissionais e empresas registradas e ativas no CAU\/PE possam atuar no processo de restauro. O Conselho tamb\u00e9m ressaltou a necessidade de garantir que algumas atividades relevantes dentro do projeto de restauro, como a coordena\u00e7\u00e3o t\u00e9cnica e o planejamento de interven\u00e7\u00f5es, sejam conduzidas exclusivamente por arquitetos e urbanistas, pois essas fun\u00e7\u00f5es demandam a especializa\u00e7\u00e3o da profiss\u00e3o, conforme estabelecido pela legisla\u00e7\u00e3o.<\/p>\n<p style=\"text-align: justify;\">\u201cO CAU\/PE, como \u00f3rg\u00e3o respons\u00e1vel por fiscalizar a profiss\u00e3o de arquiteto e urbanista, tem um compromisso com a qualidade e a legalidade dos processos, especialmente quando se trata da preserva\u00e7\u00e3o do patrim\u00f4nio hist\u00f3rico. \u00c9 fundamental que o protagonismo da Arquitetura e Urbanismo seja reconhecido e respeitado, pois s\u00e3o os arquitetos e urbanistas que possuem a expertise necess\u00e1ria para garantir a integridade e a valoriza\u00e7\u00e3o desses monumentos&#8221;, afirmou Roberto Salom\u00e3o, presidente do CAU\/PE.<\/p>\n<p style=\"text-align: justify;\">\u201cO restauro do Teatro Santa Isabel exige um trabalho cuidadoso e especializado. O di\u00e1logo com o CAU\/PE \u00e9 essencial para assegurar que o processo respeite tanto a legisla\u00e7\u00e3o quanto a hist\u00f3ria desse importante equipamento cultural\u201d, refor\u00e7ou O presidente da Funda\u00e7\u00e3o de Cultura da Cidade do Recife, Marcelo Canuto.<\/p>\n<p style=\"text-align: justify;\">Participaram da reuni\u00e3o o presidente do CAU\/PE, Roberto Salom\u00e3o, a assessora jur\u00eddica Pollyanna Ver\u00edssimo, o presidente da Funda\u00e7\u00e3o de Cultura da Cidade do Recife, Marcelo Canuto, a arquiteta e urbanista Romena Luna, o engenheiro Ciro Marques e o assessor jur\u00eddico Severino Pessoa.<\/p>\n<p style=\"text-align: justify;\">O CAU\/PE e a Funda\u00e7\u00e3o de Cultura refor\u00e7aram o compromisso institucional de valorizar a profiss\u00e3o de arquiteto e urbanista e de unir esfor\u00e7os para novas iniciativas conjuntas voltadas \u00e0 preserva\u00e7\u00e3o do patrim\u00f4nio hist\u00f3rico da cidade.<\/p>\n","protected":false},"excerpt":{"rendered":"<p>O Conselho de Arquitetura e Urbanismo de Pernambuco (CAU\/PE) participou, na \u00faltima quarta-feira (4), de uma reuni\u00e3o com a Funda\u00e7\u00e3o de Cultura da Cidade do Recife para apresentar sugest\u00f5es ao edital que trata da contrata\u00e7\u00e3o dos projetos de restauro do Teatro Santa Isabel, um dos principais patrim\u00f4nios hist\u00f3ricos e culturais do pa\u00eds. Durante a reuni\u00e3o, [&hellip;]<\/p>\n","protected":false},"author":1,"featured_media":25670,"comment_status":"open","ping_status":"open","sticky":false,"template":"","format":"standard","meta":{"_uag_custom_page_level_css":"","footnotes":""},"categories":[28],"tags":[26367,27570,9945,27571],"class_list":["post-25669","post","type-post","status-publish","format-standard","has-post-thumbnail","hentry","category-arquitetura","tag-cau-pe","tag-fundacao-de-cultura-da-cidade-do-recife","tag-recife","tag-teatro-santa-isabel"],"blocksy_meta":[],"spectra_blocks_featured_image_url":{"thumbnail":{"url":"https:\/\/construcaocivil.siriusmarketingedesign.com.br\/wp-content\/uploads\/2025\/06\/Reuniao-CAU-150x150.jpg","width":150,"height":150},"medium":{"url":"https:\/\/construcaocivil.siriusmarketingedesign.com.br\/wp-content\/uploads\/2025\/06\/Reuniao-CAU-300x169.jpg","width":300,"height":169},"medium_large":{"url":"https:\/\/construcaocivil.siriusmarketingedesign.com.br\/wp-content\/uploads\/2025\/06\/Reuniao-CAU-768x432.jpg","width":768,"height":432},"large":{"url":"https:\/\/construcaocivil.siriusmarketingedesign.com.br\/wp-content\/uploads\/2025\/06\/Reuniao-CAU-1024x576.jpg","width":1024,"height":576},"full":{"url":"https:\/\/construcaocivil.siriusmarketingedesign.com.br\/wp-content\/uploads\/2025\/06\/Reuniao-CAU.jpg","width":1200,"height":675}},"spectra_blocks_author_info":{"display_name":"Jornal da Constru\u00e7\u00e3o Civil","avatar_url":"https:\/\/secure.gravatar.com\/avatar\/973c9774fd44ddaceb026973c4962faa70fc512bc4c9da68e8ebb40fecee6540?s=96&d=mm&r=g","author_link":"https:\/\/construcaocivil.siriusmarketingedesign.com.br\/?author=1","description":"Desde de 2013, levando muitas informa\u00e7\u00f5es, lan\u00e7amentos e produtos de qualidade para toda cadeia produtiva da constru\u00e7\u00e3o. O Futuro da constru\u00e7\u00e3o passa por aqui,"},"uagb_featured_image_src":{"full":["https:\/\/construcaocivil.siriusmarketingedesign.com.br\/wp-content\/uploads\/2025\/06\/Reuniao-CAU.jpg",1200,675,false],"thumbnail":["https:\/\/construcaocivil.siriusmarketingedesign.com.br\/wp-content\/uploads\/2025\/06\/Reuniao-CAU-150x150.jpg",150,150,true],"medium":["https:\/\/construcaocivil.siriusmarketingedesign.com.br\/wp-content\/uploads\/2025\/06\/Reuniao-CAU-300x169.jpg",300,169,true],"medium_large":["https:\/\/construcaocivil.siriusmarketingedesign.com.br\/wp-content\/uploads\/2025\/06\/Reuniao-CAU-768x432.jpg",768,432,true],"large":["https:\/\/construcaocivil.siriusmarketingedesign.com.br\/wp-content\/uploads\/2025\/06\/Reuniao-CAU-1024x576.jpg",1024,576,true],"1536x1536":["https:\/\/construcaocivil.siriusmarketingedesign.com.br\/wp-content\/uploads\/2025\/06\/Reuniao-CAU.jpg",1200,675,false],"2048x2048":["https:\/\/construcaocivil.siriusmarketingedesign.com.br\/wp-content\/uploads\/2025\/06\/Reuniao-CAU.jpg",1200,675,false]},"uagb_author_info":{"display_name":"Jornal da Constru\u00e7\u00e3o Civil","author_link":"https:\/\/construcaocivil.siriusmarketingedesign.com.br\/?author=1"},"uagb_comment_info":0,"uagb_excerpt":"O Conselho de Arquitetura e Urbanismo de Pernambuco (CAU\/PE) participou, na \u00faltima quarta-feira (4), de uma reuni\u00e3o com a Funda\u00e7\u00e3o de Cultura da Cidade do Recife para apresentar sugest\u00f5es ao edital que trata da contrata\u00e7\u00e3o dos projetos de restauro do Teatro Santa Isabel, um dos principais patrim\u00f4nios hist\u00f3ricos e culturais do pa\u00eds. Durante a reuni\u00e3o,&hellip;","_links":{"self":[{"href":"https:\/\/construcaocivil.siriusmarketingedesign.com.br\/index.php?rest_route=\/wp\/v2\/posts\/25669","targetHints":{"allow":["GET"]}}],"collection":[{"href":"https:\/\/construcaocivil.siriusmarketingedesign.com.br\/index.php?rest_route=\/wp\/v2\/posts"}],"about":[{"href":"https:\/\/construcaocivil.siriusmarketingedesign.com.br\/index.php?rest_route=\/wp\/v2\/types\/post"}],"author":[{"embeddable":true,"href":"https:\/\/construcaocivil.siriusmarketingedesign.com.br\/index.php?rest_route=\/wp\/v2\/users\/1"}],"replies":[{"embeddable":true,"href":"https:\/\/construcaocivil.siriusmarketingedesign.com.br\/index.php?rest_route=%2Fwp%2Fv2%2Fcomments&post=25669"}],"version-history":[{"count":0,"href":"https:\/\/construcaocivil.siriusmarketingedesign.com.br\/index.php?rest_route=\/wp\/v2\/posts\/25669\/revisions"}],"wp:featuredmedia":[{"embeddable":true,"href":"https:\/\/construcaocivil.siriusmarketingedesign.com.br\/index.php?rest_route=\/wp\/v2\/media\/25670"}],"wp:attachment":[{"href":"https:\/\/construcaocivil.siriusmarketingedesign.com.br\/index.php?rest_route=%2Fwp%2Fv2%2Fmedia&parent=25669"}],"wp:term":[{"taxonomy":"category","embeddable":true,"href":"https:\/\/construcaocivil.siriusmarketingedesign.com.br\/index.php?rest_route=%2Fwp%2Fv2%2Fcategories&post=25669"},{"taxonomy":"post_tag","embeddable":true,"href":"https:\/\/construcaocivil.siriusmarketingedesign.com.br\/index.php?rest_route=%2Fwp%2Fv2%2Ftags&post=25669"}],"curies":[{"name":"wp","href":"https:\/\/api.w.org\/{rel}","templated":true}]}}