{"id":2568,"date":"2016-07-12T22:04:56","date_gmt":"2016-07-12T22:04:56","guid":{"rendered":"http:\/\/www.jornaldaconstrucaocivil.com.br\/?p=2568"},"modified":"2016-07-12T22:04:56","modified_gmt":"2016-07-12T22:04:56","slug":"seminario-discute-mcmv-financiamento-e-pac-no-norte-e-nordeste","status":"publish","type":"post","link":"https:\/\/construcaocivil.siriusmarketingedesign.com.br\/?p=2568","title":{"rendered":"Semin\u00e1rio discute MCMV, financiamento e PAC no Norte e Nordeste"},"content":{"rendered":"<p><span style=\"color: #000000;\"><span style=\"color: #000080;\"><span style=\"color: #800080;\">Julho, 2016-<\/span><strong> \u201cQuest\u00f5es relevantes para o setor construtivo\u201d<\/strong><\/span> \u00e9 o tema do semin\u00e1rio que o Sinduscon-PE promover\u00e1 na pr\u00f3xima segunda-feira, 18, na sede da entidade, com a participa\u00e7\u00e3o de representantes da Caixa Econ\u00f4mica Federal e do Minist\u00e9rio das Cidades. T\u00f3picos como o programa habitacional Minha Casa, Minha Vida, recursos para financiamento imobili\u00e1rio e Programa de Acelera\u00e7\u00e3o do Crescimento \u2013 PAC estar\u00e3o entre as apresenta\u00e7\u00f5es e debates.<\/span><\/p>\n<figure id=\"attachment_2569\" aria-describedby=\"caption-attachment-2569\" style=\"width: 401px\" class=\"wp-caption alignleft\"><a href=\"http:\/\/www.jornaldaconstrucaocivil.com.br\/wp-content\/uploads\/2016\/07\/CBIC-MCMV.jpg\"><img loading=\"lazy\" decoding=\"async\" class=\"wp-image-2569\" src=\"http:\/\/www.jornaldaconstrucaocivil.com.br\/wp-content\/uploads\/2016\/07\/CBIC-MCMV-1024x704.jpg\" alt=\"CBIC MCMV\" width=\"401\" height=\"276\" \/><\/a><figcaption id=\"caption-attachment-2569\" class=\"wp-caption-text\"><span style=\"color: #993300;\">CBIC<\/span><\/figcaption><\/figure>\n<p><span style=\"color: #000000;\">O evento, cuja programa\u00e7\u00e3o se estender\u00e1 por todo o dia, ter\u00e1 sua abertura \u00e0s 10h, realizada pelo presidente da C\u00e2mara Brasileira da Ind\u00fastria da Constru\u00e7\u00e3o \u2013 CBIC, Jos\u00e9 Carlos Martins, pelo presidente do Sinduscon-PE, Gustavo de Miranda, e pela vice-presidente da CBIC, Betinha Nascimento.<\/span><\/p>\n<p><span style=\"color: #000000;\">\u00c0s 10h15, ser\u00e1 iniciado o painel<strong> \u201c Continuidade do Programa Minha Casa, Minha Vida \u2013 Transformando em Pol\u00edtica de Estado quantitativos nas regi\u00f5es Norte e Nordeste de hoje e do futuro pr\u00f3ximo\u201d<\/strong>.\u00a0 Entre os palestrantes estar\u00e3o o ministro das Cidades, Bruno Ara\u00fajo, a secret\u00e1ria nacional da Habita\u00e7\u00e3o, Henriqueta Arantes, e o secret\u00e1rio da Habita\u00e7\u00e3o do Governo do Estado de Pernambuco \u2013 Marcos Baptista.<\/span><\/p>\n<p><span style=\"color: #000000;\">Ap\u00f3s \u00e0s 14h, as discuss\u00f5es s\u00e3o retomadas com o tema \u201cAgiliza\u00e7\u00e3o e Desburocratiza\u00e7\u00e3o\u00a0 do programa Minha Casa, Minha Vida\u201d, com a participa\u00e7\u00e3o do vice-presidente de Habita\u00e7\u00e3o da Caixa Econ\u00f4mica Federal em Bras\u00edlia, N\u00e9lson Ant\u00f4nio de Souza, do superintendente Regional da Caixa Econ\u00f4mica Federal, Paulo Nery, e da superintendente da CEF em Caruaru ( regi\u00e3o Agreste de Pernambuco), Simone Nunes.<\/span><\/p>\n<p><span style=\"color: #000000;\">O encerramento do evento est\u00e1 previsto para \u00e0s 17h. Al\u00e9m dos representantes de institui\u00e7\u00f5es banc\u00e1rias e contratantes, est\u00e3o confirmada as presen\u00e7as dos representantes do setor produtivo da constru\u00e7\u00e3o civil de quase todos os estados do Norte e do Nordeste do pa\u00eds.<\/span><\/p>\n<p><span style=\"color: #993300;\">(com informa\u00e7\u00f5es do Sinduscon-PE)<\/span><\/p>\n<p><span style=\"color: #993300;\"><strong>Fonte: Boletim CBIC\u00a0<\/strong><\/span><\/p>\n","protected":false},"excerpt":{"rendered":"<p>Julho, 2016- \u201cQuest\u00f5es relevantes para o setor construtivo\u201d \u00e9 o tema do semin\u00e1rio que o Sinduscon-PE promover\u00e1 na pr\u00f3xima segunda-feira, 18, na sede da entidade, com a participa\u00e7\u00e3o de representantes da Caixa Econ\u00f4mica Federal e do Minist\u00e9rio das Cidades. T\u00f3picos como o programa habitacional Minha Casa, Minha Vida, recursos para financiamento imobili\u00e1rio e Programa de [&hellip;]<\/p>\n","protected":false},"author":1,"featured_media":2569,"comment_status":"open","ping_status":"open","sticky":false,"template":"","format":"standard","meta":{"_uag_custom_page_level_css":"","footnotes":""},"categories":[31],"tags":[1679,2029,2826,5729,7692,8144,8170,8828,11161],"class_list":["post-2568","post","type-post","status-publish","format-standard","has-post-thumbnail","hentry","category-infraestrutura","tag-caixa-economica-federal","tag-cbic","tag-construcao-civil","tag-habitacao","tag-minha-casa-minha-vida","tag-nordeste","tag-norte","tag-pernambuco","tag-sinduscon-pe"],"blocksy_meta":[],"spectra_blocks_featured_image_url":[],"spectra_blocks_author_info":{"display_name":"Jornal da Constru\u00e7\u00e3o Civil","avatar_url":"https:\/\/secure.gravatar.com\/avatar\/973c9774fd44ddaceb026973c4962faa70fc512bc4c9da68e8ebb40fecee6540?s=96&d=mm&r=g","author_link":"https:\/\/construcaocivil.siriusmarketingedesign.com.br\/?author=1","description":"Desde de 2013, levando muitas informa\u00e7\u00f5es, lan\u00e7amentos e produtos de qualidade para toda cadeia produtiva da constru\u00e7\u00e3o. O Futuro da constru\u00e7\u00e3o passa por aqui,"},"uagb_featured_image_src":{"full":false,"thumbnail":false,"medium":false,"medium_large":false,"large":false,"1536x1536":false,"2048x2048":false},"uagb_author_info":{"display_name":"Jornal da Constru\u00e7\u00e3o Civil","author_link":"https:\/\/construcaocivil.siriusmarketingedesign.com.br\/?author=1"},"uagb_comment_info":0,"uagb_excerpt":"Julho, 2016- \u201cQuest\u00f5es relevantes para o setor construtivo\u201d \u00e9 o tema do semin\u00e1rio que o Sinduscon-PE promover\u00e1 na pr\u00f3xima segunda-feira, 18, na sede da entidade, com a participa\u00e7\u00e3o de representantes da Caixa Econ\u00f4mica Federal e do Minist\u00e9rio das Cidades. T\u00f3picos como o programa habitacional Minha Casa, Minha Vida, recursos para financiamento imobili\u00e1rio e Programa de&hellip;","_links":{"self":[{"href":"https:\/\/construcaocivil.siriusmarketingedesign.com.br\/index.php?rest_route=\/wp\/v2\/posts\/2568","targetHints":{"allow":["GET"]}}],"collection":[{"href":"https:\/\/construcaocivil.siriusmarketingedesign.com.br\/index.php?rest_route=\/wp\/v2\/posts"}],"about":[{"href":"https:\/\/construcaocivil.siriusmarketingedesign.com.br\/index.php?rest_route=\/wp\/v2\/types\/post"}],"author":[{"embeddable":true,"href":"https:\/\/construcaocivil.siriusmarketingedesign.com.br\/index.php?rest_route=\/wp\/v2\/users\/1"}],"replies":[{"embeddable":true,"href":"https:\/\/construcaocivil.siriusmarketingedesign.com.br\/index.php?rest_route=%2Fwp%2Fv2%2Fcomments&post=2568"}],"version-history":[{"count":0,"href":"https:\/\/construcaocivil.siriusmarketingedesign.com.br\/index.php?rest_route=\/wp\/v2\/posts\/2568\/revisions"}],"wp:attachment":[{"href":"https:\/\/construcaocivil.siriusmarketingedesign.com.br\/index.php?rest_route=%2Fwp%2Fv2%2Fmedia&parent=2568"}],"wp:term":[{"taxonomy":"category","embeddable":true,"href":"https:\/\/construcaocivil.siriusmarketingedesign.com.br\/index.php?rest_route=%2Fwp%2Fv2%2Fcategories&post=2568"},{"taxonomy":"post_tag","embeddable":true,"href":"https:\/\/construcaocivil.siriusmarketingedesign.com.br\/index.php?rest_route=%2Fwp%2Fv2%2Ftags&post=2568"}],"curies":[{"name":"wp","href":"https:\/\/api.w.org\/{rel}","templated":true}]}}