{"id":25688,"date":"2025-06-10T09:17:14","date_gmt":"2025-06-10T12:17:14","guid":{"rendered":"https:\/\/www.jornaldaconstrucaocivil.com.br\/?p=25688"},"modified":"2025-06-10T09:17:14","modified_gmt":"2025-06-10T12:17:14","slug":"dw-rio-de-janeiro-celebra-design-brasileiro-com-lancamentos-talks-e-experiencias-que-aproximam-publico-do-universo-criativo","status":"publish","type":"post","link":"https:\/\/construcaocivil.siriusmarketingedesign.com.br\/?p=25688","title":{"rendered":"DW! Rio de Janeiro celebra design brasileiro com lan\u00e7amentos, talks e experi\u00eancias que aproximam p\u00fablico do universo criativo"},"content":{"rendered":"<p style=\"text-align: justify;\">Entre os mais de 40 eventos in\u00e9ditos na programa\u00e7\u00e3o da DW! Semana de Design no Rio de Janeiro, o festival come\u00e7a em 10 de junho e segue at\u00e9 o dia 15, com diversas experi\u00eancias para o p\u00fablico. As atra\u00e7\u00f5es s\u00e3o gratuitas, mas alguns deles possuem vagas limitadas.\n<\/p>\n<p style=\"text-align: justify;\"><strong>Confira alguns destaques da programa\u00e7\u00e3o:<\/strong><\/p>\n<p style=\"text-align: justify;\">\n<p style=\"text-align: justify;\">Celebrando o design, a inova\u00e7\u00e3o e o lifestyle contempor\u00e2neo, a partir do dia 10 de junho (ter\u00e7a-feira), a\u00a0<strong>Breton<\/strong>\u00a0promove uma s\u00e9rie de ativa\u00e7\u00f5es que refor\u00e7am sua conex\u00e3o com a criatividade e a curadoria de experi\u00eancias marcantes.<\/p>\n<p style=\"text-align: justify;\">J\u00e1 no primeiro dia, \u00e0s 11h, a marca promove o talk &#8220;Arquitetura em Movimento&#8221;, com Fernanda Marques, Larissa Perna e Karol Suguikawa, reunindo tr\u00eas profissionais que s\u00e3o refer\u00eancia no cen\u00e1rio criativo nacional, no CasaShopping.<\/p>\n<p style=\"text-align: justify;\">O bate-papo, mediado por Karol Suguikawa, ter\u00e3o arquiteta e designer convidadas compartilhando suas vis\u00f5es sobre carreira, processo criativo e a dualidade entre o olhar t\u00e9cnico da arquitetura e a sensibilidade do design \u2014 especialmente no desafio de pensar uma pe\u00e7a ao mesmo tempo funcional, est\u00e9tica e conectada \u00e0s demandas de um projeto real.<\/p>\n<figure id=\"attachment_25690\" aria-describedby=\"caption-attachment-25690\" style=\"width: 300px\" class=\"wp-caption alignleft\"><img loading=\"lazy\" decoding=\"async\" class=\"size-medium wp-image-25690\" src=\"https:\/\/www.jornaldaconstrucaocivil.com.br\/wp-content\/uploads\/2025\/06\/handler-7-300x200.jpg\" alt=\"\" width=\"300\" height=\"200\" srcset=\"https:\/\/construcaocivil.siriusmarketingedesign.com.br\/wp-content\/uploads\/2025\/06\/handler-7-300x200.jpg 300w, https:\/\/construcaocivil.siriusmarketingedesign.com.br\/wp-content\/uploads\/2025\/06\/handler-7-768x512.jpg 768w, https:\/\/construcaocivil.siriusmarketingedesign.com.br\/wp-content\/uploads\/2025\/06\/handler-7-200x133.jpg 200w, https:\/\/construcaocivil.siriusmarketingedesign.com.br\/wp-content\/uploads\/2025\/06\/handler-7.jpg 800w\" sizes=\"auto, (max-width: 300px) 100vw, 300px\" \/><figcaption id=\"caption-attachment-25690\" class=\"wp-caption-text\">Flavio Borsato e Mauricio Lamosa, do estudiobola<\/figcaption><\/figure>\n<p style=\"text-align: justify;\">Al\u00e9m do talk, tamb\u00e9m no CasaShopping, com showroom completamente reformulado para apresentar os lan\u00e7amentos mais recentes da marca, a Breton exibe novidades, como a cadeira Fal\u00e9sia, mesa de jantar Pen\u00ednsula, sof\u00e1 e poltrona Enseada, todas da cole\u00e7\u00e3o Oceano, assinadas por Fernanda Marques, al\u00e9m do sof\u00e1 Ribeirinho, desenhado por Larissa Perna e lan\u00e7ado no projeto da arquiteta durante a CASACOR S\u00e3o Paulo 2025.<\/p>\n<p style=\"text-align: justify;\">J\u00e1 no dia 12, os fundadores da marca\u00a0<strong>estudiobola<\/strong>, Fl\u00e1vio Borsato e Maur\u00edcio Lamosa, promovem talk especial, \u00e0s 15h, com media\u00e7\u00e3o da jornalista Joana Dale e a empres\u00e1ria Anny Meisler, no tamb\u00e9m no Casa Shopping.<\/p>\n<p style=\"text-align: justify;\">Refer\u00eancia em mobili\u00e1rios de alto padr\u00e3o com design autoral, a marca participa da 2\u00aa edi\u00e7\u00e3o do festival Design Weekend (DW!) na cidade, com o encontro que celebra os 25 anos de atua\u00e7\u00e3o da marca, reconhecida por sua trajet\u00f3ria s\u00f3lida no segmento de design nacional, com foco em excel\u00eancia construtiva, identidade pr\u00f3pria e processos criativos que valorizam a simplicidade formal.<\/p>\n<p style=\"text-align: justify;\"><strong>Lounge assinado no IED Talks<\/strong><\/p>\n<p style=\"text-align: justify;\">Durante toda a programa\u00e7\u00e3o da DW! Rio, a\u00a0<strong>Breton<\/strong>\u00a0tamb\u00e9m ambienta a plen\u00e1ria e palco do<strong>\u00a0IED Talks<\/strong>, espa\u00e7o de encontro e networking do Instituto Europeo di Design. O ambiente ser\u00e1 mobiliado com pe\u00e7as autorais da marca, criando uma atmosfera acolhedora, elegante para a s\u00e9rie de conversas que ocorrem durante o festival.<\/p>\n<p style=\"text-align: justify;\">Com essas a\u00e7\u00f5es, a Breton refor\u00e7a seu protagonismo no cen\u00e1rio do design nacional e sua miss\u00e3o de criar ambientes que unem est\u00e9tica, conforto e inova\u00e7\u00e3o.<\/p>\n<p style=\"text-align: justify;\"><strong>Informa\u00e7\u00f5es:<\/strong><\/p>\n<p style=\"text-align: justify;\"><strong>DW! Semana de Design no Rio de Janeiro<\/strong><\/p>\n<p style=\"text-align: justify;\"><a href=\"https:\/\/www.dwsemanadedesign.com.br\/\" target=\"_blank\" rel=\"noopener noreferrer\">www.dwsemanadedesign.com.br<\/a><\/p>\n","protected":false},"excerpt":{"rendered":"<p>Entre os mais de 40 eventos in\u00e9ditos na programa\u00e7\u00e3o da DW! Semana de Design no Rio de Janeiro, o festival come\u00e7a em 10 de junho e segue at\u00e9 o dia 15, com diversas experi\u00eancias para o p\u00fablico. As atra\u00e7\u00f5es s\u00e3o gratuitas, mas alguns deles possuem vagas limitadas. Confira alguns destaques da programa\u00e7\u00e3o: Celebrando o design, [&hellip;]<\/p>\n","protected":false},"author":1,"featured_media":25689,"comment_status":"open","ping_status":"open","sticky":false,"template":"","format":"standard","meta":{"_uag_custom_page_level_css":"","footnotes":""},"categories":[28],"tags":[27580,1591,1933,18700,27581,22176,27579],"class_list":["post-25688","post","type-post","status-publish","format-standard","has-post-thumbnail","hentry","category-arquitetura","tag-arquitetura-em-movimento","tag-breton","tag-casa-e-decoracao","tag-casashopping","tag-design-inovador","tag-dw","tag-ed-talks"],"blocksy_meta":[],"spectra_blocks_featured_image_url":{"thumbnail":{"url":"https:\/\/construcaocivil.siriusmarketingedesign.com.br\/wp-content\/uploads\/2025\/06\/handler-6-150x150.jpg","width":150,"height":150},"medium":{"url":"https:\/\/construcaocivil.siriusmarketingedesign.com.br\/wp-content\/uploads\/2025\/06\/handler-6-300x169.jpg","width":300,"height":169},"medium_large":{"url":"https:\/\/construcaocivil.siriusmarketingedesign.com.br\/wp-content\/uploads\/2025\/06\/handler-6-768x432.jpg","width":768,"height":432},"large":{"url":"https:\/\/construcaocivil.siriusmarketingedesign.com.br\/wp-content\/uploads\/2025\/06\/handler-6.jpg","width":800,"height":450},"full":{"url":"https:\/\/construcaocivil.siriusmarketingedesign.com.br\/wp-content\/uploads\/2025\/06\/handler-6.jpg","width":800,"height":450}},"spectra_blocks_author_info":{"display_name":"Jornal da Constru\u00e7\u00e3o Civil","avatar_url":"https:\/\/secure.gravatar.com\/avatar\/973c9774fd44ddaceb026973c4962faa70fc512bc4c9da68e8ebb40fecee6540?s=96&d=mm&r=g","author_link":"https:\/\/construcaocivil.siriusmarketingedesign.com.br\/?author=1","description":"Desde de 2013, levando muitas informa\u00e7\u00f5es, lan\u00e7amentos e produtos de qualidade para toda cadeia produtiva da constru\u00e7\u00e3o. O Futuro da constru\u00e7\u00e3o passa por aqui,"},"uagb_featured_image_src":{"full":["https:\/\/construcaocivil.siriusmarketingedesign.com.br\/wp-content\/uploads\/2025\/06\/handler-6.jpg",800,450,false],"thumbnail":["https:\/\/construcaocivil.siriusmarketingedesign.com.br\/wp-content\/uploads\/2025\/06\/handler-6-150x150.jpg",150,150,true],"medium":["https:\/\/construcaocivil.siriusmarketingedesign.com.br\/wp-content\/uploads\/2025\/06\/handler-6-300x169.jpg",300,169,true],"medium_large":["https:\/\/construcaocivil.siriusmarketingedesign.com.br\/wp-content\/uploads\/2025\/06\/handler-6-768x432.jpg",768,432,true],"large":["https:\/\/construcaocivil.siriusmarketingedesign.com.br\/wp-content\/uploads\/2025\/06\/handler-6.jpg",800,450,false],"1536x1536":["https:\/\/construcaocivil.siriusmarketingedesign.com.br\/wp-content\/uploads\/2025\/06\/handler-6.jpg",800,450,false],"2048x2048":["https:\/\/construcaocivil.siriusmarketingedesign.com.br\/wp-content\/uploads\/2025\/06\/handler-6.jpg",800,450,false]},"uagb_author_info":{"display_name":"Jornal da Constru\u00e7\u00e3o Civil","author_link":"https:\/\/construcaocivil.siriusmarketingedesign.com.br\/?author=1"},"uagb_comment_info":0,"uagb_excerpt":"Entre os mais de 40 eventos in\u00e9ditos na programa\u00e7\u00e3o da DW! Semana de Design no Rio de Janeiro, o festival come\u00e7a em 10 de junho e segue at\u00e9 o dia 15, com diversas experi\u00eancias para o p\u00fablico. As atra\u00e7\u00f5es s\u00e3o gratuitas, mas alguns deles possuem vagas limitadas. Confira alguns destaques da programa\u00e7\u00e3o: Celebrando o design,&hellip;","_links":{"self":[{"href":"https:\/\/construcaocivil.siriusmarketingedesign.com.br\/index.php?rest_route=\/wp\/v2\/posts\/25688","targetHints":{"allow":["GET"]}}],"collection":[{"href":"https:\/\/construcaocivil.siriusmarketingedesign.com.br\/index.php?rest_route=\/wp\/v2\/posts"}],"about":[{"href":"https:\/\/construcaocivil.siriusmarketingedesign.com.br\/index.php?rest_route=\/wp\/v2\/types\/post"}],"author":[{"embeddable":true,"href":"https:\/\/construcaocivil.siriusmarketingedesign.com.br\/index.php?rest_route=\/wp\/v2\/users\/1"}],"replies":[{"embeddable":true,"href":"https:\/\/construcaocivil.siriusmarketingedesign.com.br\/index.php?rest_route=%2Fwp%2Fv2%2Fcomments&post=25688"}],"version-history":[{"count":0,"href":"https:\/\/construcaocivil.siriusmarketingedesign.com.br\/index.php?rest_route=\/wp\/v2\/posts\/25688\/revisions"}],"wp:featuredmedia":[{"embeddable":true,"href":"https:\/\/construcaocivil.siriusmarketingedesign.com.br\/index.php?rest_route=\/wp\/v2\/media\/25689"}],"wp:attachment":[{"href":"https:\/\/construcaocivil.siriusmarketingedesign.com.br\/index.php?rest_route=%2Fwp%2Fv2%2Fmedia&parent=25688"}],"wp:term":[{"taxonomy":"category","embeddable":true,"href":"https:\/\/construcaocivil.siriusmarketingedesign.com.br\/index.php?rest_route=%2Fwp%2Fv2%2Fcategories&post=25688"},{"taxonomy":"post_tag","embeddable":true,"href":"https:\/\/construcaocivil.siriusmarketingedesign.com.br\/index.php?rest_route=%2Fwp%2Fv2%2Ftags&post=25688"}],"curies":[{"name":"wp","href":"https:\/\/api.w.org\/{rel}","templated":true}]}}