{"id":25692,"date":"2025-06-11T14:09:07","date_gmt":"2025-06-11T17:09:07","guid":{"rendered":"https:\/\/www.jornaldaconstrucaocivil.com.br\/?p=25692"},"modified":"2025-06-11T14:09:07","modified_gmt":"2025-06-11T17:09:07","slug":"hydrogen-expo-south-america-e-carbon-capture-expo-comecam-nesta-quarta-11-no-rio-de-janeiro","status":"publish","type":"post","link":"https:\/\/construcaocivil.siriusmarketingedesign.com.br\/?p=25692","title":{"rendered":"Hydrogen Expo South America e Carbon Capture Expo come\u00e7am nesta quarta (11) no Rio de Janeiro"},"content":{"rendered":"<p style=\"text-align: justify;\">Entrada gratuita mediante inscri\u00e7\u00e3o online; evento deve reunir tr\u00eas mil participantes para debater hidrog\u00eanio de baixa emiss\u00e3o, captura de carbono e transi\u00e7\u00e3o energ\u00e9tica<\/p>\n<p>Junho, 2025 &#8211; O Rio de Janeiro recebe, nesta quarta-feira (11), a Hydrogen Expo South America e a Carbon Capture Expo South America, os principais eventos da Am\u00e9rica do Sul dedicados \u00e0s tecnologias de hidrog\u00eanio de baixa emiss\u00e3o e captura e armazenamento de carbono (CCS). Realizados na Expo Mag, os encontros re\u00fanem representantes da ind\u00fastria, do setor p\u00fablico e da academia para discutir estrat\u00e9gias que viabilizem a transi\u00e7\u00e3o energ\u00e9tica e a descarboniza\u00e7\u00e3o da economia.<\/p>\n<p>Durante dois dias de programa\u00e7\u00e3o, os visitantes ter\u00e3o acesso a uma exposi\u00e7\u00e3o tecnol\u00f3gica e a semin\u00e1rios t\u00e9cnicos que abordam desde marcos regulat\u00f3rios at\u00e9 solu\u00e7\u00f5es de infraestrutura, financiamento e certifica\u00e7\u00e3o para projetos sustent\u00e1veis. A participa\u00e7\u00e3o \u00e9 gratuita, mediante credenciamento online, e a expectativa \u00e9 receber cerca de tr\u00eas mil pessoas.<\/p>\n<p>&#8220;A proposta \u00e9 gerar conex\u00f5es qualificadas e consolidar o evento como principal ponto de encontro da agenda de descarboniza\u00e7\u00e3o no Brasil e na Am\u00e9rica Latina&#8221;, afirma Ansgar Pinkowski, curador t\u00e9cnico da Hydrogen Expo.<\/p>\n<p>Esta edi\u00e7\u00e3o tamb\u00e9m marca um ponto de virada no setor: a partir de 2026, o Rio de Janeiro ser\u00e1 sede do Hyvolution Brazil, vers\u00e3o nacional do evento global promovido pela GL events Exhibitions anualmente. A novidade incorporar\u00e1 os atuais formatos da Hydrogen Expo South America e da Carbon Capture Expo South America, ampliando o alcance e a representatividade do encontro no cen\u00e1rio internacional.<\/p>\n<p>A expectativa \u00e9 de que a primeira edi\u00e7\u00e3o brasileira do Hyvolution &#8211; marcada para os dias 26 e 27 de agosto de 2026, receba cerca de 6 mil visitantes qualificados, mais de 800 congressistas e pelo menos 100 marcas expositoras. Ser\u00e3o 60 horas de conte\u00fado no Riocentro, na Barra Ol\u00edmpica, reunindo representantes de 14 pa\u00edses, o que reflete o compromisso da GL com a promo\u00e7\u00e3o dos destinos onde atua e no fortalecimento de eventos qualificados e com impacto real para os respectivos setores.<\/p>\n<p><b>Presen\u00e7as estrat\u00e9gicas e agenda internacional<br \/>\n<\/b><br \/>\nA programa\u00e7\u00e3o contar\u00e1 com nomes estrat\u00e9gicos, como o deputado federal Arnaldo Jardim, presidente da Comiss\u00e3o Especial de Transi\u00e7\u00e3o Energ\u00e9tica, al\u00e9m de representantes da Dinamarca, Chile, Fran\u00e7a e Noruega. Entre os destaques internacionais est\u00e1 Timo Bollerhey, CEO da empresa alem\u00e3 Hintco, que abordar\u00e1 os desafios e oportunidades do com\u00e9rcio global de hidrog\u00eanio verde.<\/p>\n<p>A abertura oficial ser\u00e1 conduzida por Pietro Mendes, secret\u00e1rio nacional do Minist\u00e9rio de Minas e Energia e presidente do Conselho de Administra\u00e7\u00e3o da Petrobras, que refor\u00e7ar\u00e1 o compromisso do governo brasileiro com o avan\u00e7o da economia do hidrog\u00eanio.<\/p>\n<p>No painel internacional, participam tamb\u00e9m Juliette Petit, gerente comercial da Business France, com foco em coopera\u00e7\u00e3o bilateral na transi\u00e7\u00e3o energ\u00e9tica, e o chileno Hans Kulenkampff, CEO da Hinicio, que trar\u00e1 reflex\u00f5es sobre modelos de neg\u00f3cios e o papel da Am\u00e9rica Latina na integra\u00e7\u00e3o global do hidrog\u00eanio.<\/p>\n<p>Na \u00e1rea de infraestrutura e log\u00edstica, Carlos Cavalcanti, diretor do Porto de Suape, localizado no litoral sul de Pernambuco, apresentar\u00e1 o posicionamento do complexo como hub de produ\u00e7\u00e3o e exporta\u00e7\u00e3o de metanol verde para o setor mar\u00edtimo.<\/p>\n<p><b>Mobilidade<\/b><\/p>\n<p>Entre as atra\u00e7\u00f5es da edi\u00e7\u00e3o deste ano, a mais recente novidade est\u00e1 na exibi\u00e7\u00e3o do modelo Honda CR-V e:FCEV, o primeiro SUV h\u00edbrido movido a eletricidade e c\u00e9lula de hidrog\u00eanio da marca japonesa. O ve\u00edculo, que ser\u00e1 apresentado pela primeira vez no Brasil, promete chamar a aten\u00e7\u00e3o dos visitantes no espa\u00e7o de exposi\u00e7\u00e3o.<\/p>\n<p>O modelo \u00e9 equipado com motor el\u00e9trico dianteiro de 176 cv e 31,7 kgfm, alimentado por duas fontes: um m\u00f3dulo de c\u00e9lula a combust\u00edvel, que transforma o hidrog\u00eanio armazenado em energia el\u00e9trica, e uma bateria recarreg\u00e1vel. O cilindro comporta at\u00e9 4,3 kg de hidrog\u00eanio. Por enquanto, o modelo est\u00e1 dispon\u00edvel apenas para aluguel nos Estados Unidos.<\/p>\n<p><b>CCS Tech Summit e os desafios regulat\u00f3rios<\/b><\/p>\n<p>Com curadoria da CCS Brasil \u2013 Associa\u00e7\u00e3o Brasileira para Captura e Armazenamento de Carbono, o CCS Tech Summit ser\u00e1 um dos destaques da programa\u00e7\u00e3o. O f\u00f3rum trar\u00e1 debates sobre regula\u00e7\u00e3o, certifica\u00e7\u00e3o, hubs de baixo carbono e coopera\u00e7\u00e3o internacional para impulsionar projetos de CCS em larga escala.<\/p>\n<p>A pauta regulat\u00f3ria tamb\u00e9m estar\u00e1 no centro de outros pain\u00e9is, com foco no Marco Legal do Hidrog\u00eanio, sancionado recentemente, al\u00e9m dos desafios da certifica\u00e7\u00e3o de origem, e alternativas de financiamento para tecnologias limpas.<\/p>\n<p>Est\u00e3o confirmadas as participa\u00e7\u00f5es de representantes da Ag\u00eancia Nacional do Petr\u00f3leo, G\u00e1s Natural e Biocombust\u00edveis (ANP), Global CCS Institute, Kawasaki, NEA (New Energy and Industrial Technology Development Organization), GIZ (Ag\u00eancia Alem\u00e3 de Coopera\u00e7\u00e3o Internacional) e da AHK-RJ (C\u00e2mara Brasil-Alemanha do Rio de Janeiro).<\/p>\n<p><b>Apoio institucional e parcerias<\/b><\/p>\n<p>A iniciativa conta com o apoio institucional da Associa\u00e7\u00e3o Brasileira da Ind\u00fastria do Hidrog\u00eanio Verde (ABIHV) e da Associa\u00e7\u00e3o Brasileira de Energia E\u00f3lica e Novas Tecnologias (ABEE\u00f3lica).<br \/>\nTamb\u00e9m s\u00e3o parceiros do evento a Associa\u00e7\u00e3o Brasileira da Ind\u00fastria de M\u00e1quinas e Equipamentos (Abimaq), a Associa\u00e7\u00e3o Brasileira do Biog\u00e1s (Abiog\u00e1s), a Associa\u00e7\u00e3o Brasileira de Energia Solar Fotovoltaica (Absolar), a Watt Capital, a H2Helium, a Associa\u00e7\u00e3o Brasileira dos Comercializadores de Energia (Abraceel), a Associa\u00e7\u00e3o Brasileira das Empresas Distribuidoras de Energia El\u00e9trica (Abrate), a Associa\u00e7\u00e3o Comercial do Rio de Janeiro (ACRJ), a Associa\u00e7\u00e3o Brasileira dos Profissionais pelo Desenvolvimento Sustent\u00e1vel (ABRAPS), a Associa\u00e7\u00e3o Brasileira de Metalurgia, Materiais e Minera\u00e7\u00e3o (ABM), a Associa\u00e7\u00e3o Brasileira das Ind\u00fastrias de Vidro (ABIVIDRO), a Associa\u00e7\u00e3o da Ind\u00fastria de Cogera\u00e7\u00e3o de Energia (COGEN), a Federa\u00e7\u00e3o das Ind\u00fastrias do Estado do Rio de Janeiro (FIRJAN), a iniciativa GREAT Britain, do governo brit\u00e2nico, e a publica\u00e7\u00e3o Petro &amp; Qu\u00edmica.<\/p>\n<div style=\"text-align: justify;\"><b>Momento estrat\u00e9gico para o Brasil<\/b><\/p>\n<p>Os eventos acontecem em um momento estrat\u00e9gico para o Brasil, que se consolida como ator-chave na transi\u00e7\u00e3o energ\u00e9tica global. A combina\u00e7\u00e3o de uma matriz el\u00e9trica majoritariamente renov\u00e1vel, abund\u00e2ncia de recursos naturais e avan\u00e7os recentes na agenda regulat\u00f3ria \u2014 como a aprova\u00e7\u00e3o do Marco Legal do Hidrog\u00eanio \u2014 cria condi\u00e7\u00f5es favor\u00e1veis para atrair investimentos internacionais e estabelecer novas parcerias tecnol\u00f3gicas.<br \/>\n<b><br \/>\nServi\u00e7o<\/b><br \/>\nLocal: Expo Mag \u2013 Rio de Janeiro<br \/>\nData: 11 e 12 de junho de 2025<br \/>\nEntrada: Gratuita mediante credenciamento online<br \/>\nPrograma\u00e7\u00e3o completa:\u00a0<a href=\"http:\/\/hydrogenexpo.com.br\/programacao\" target=\"_blank\" rel=\"noopener noreferrer\">hydrogenexpo.com.br\/programacao<\/a><\/div>\n<div style=\"text-align: justify;\"><\/div>\n","protected":false},"excerpt":{"rendered":"<p>Entrada gratuita mediante inscri\u00e7\u00e3o online; evento deve reunir tr\u00eas mil participantes para debater hidrog\u00eanio de baixa emiss\u00e3o, captura de carbono e transi\u00e7\u00e3o energ\u00e9tica Junho, 2025 &#8211; O Rio de Janeiro recebe, nesta quarta-feira (11), a Hydrogen Expo South America e a Carbon Capture Expo South America, os principais eventos da Am\u00e9rica do Sul dedicados \u00e0s [&hellip;]<\/p>\n","protected":false},"author":1,"featured_media":25693,"comment_status":"open","ping_status":"open","sticky":false,"template":"","format":"standard","meta":{"_uag_custom_page_level_css":"","footnotes":""},"categories":[29],"tags":[27583,2821,26769,4288,27582,7680],"class_list":["post-25692","post","type-post","status-publish","format-standard","has-post-thumbnail","hentry","category-energia","tag-carbon-capture-expo","tag-construcao","tag-descarbonizacao","tag-energia","tag-hydrogen-expo","tag-mineracao"],"blocksy_meta":[],"spectra_blocks_featured_image_url":{"thumbnail":{"url":"https:\/\/construcaocivil.siriusmarketingedesign.com.br\/wp-content\/uploads\/2025\/06\/DSC06518-150x150.jpg","width":150,"height":150},"medium":{"url":"https:\/\/construcaocivil.siriusmarketingedesign.com.br\/wp-content\/uploads\/2025\/06\/DSC06518-300x200.jpg","width":300,"height":200},"medium_large":{"url":"https:\/\/construcaocivil.siriusmarketingedesign.com.br\/wp-content\/uploads\/2025\/06\/DSC06518-768x512.jpg","width":768,"height":512},"large":{"url":"https:\/\/construcaocivil.siriusmarketingedesign.com.br\/wp-content\/uploads\/2025\/06\/DSC06518-1024x683.jpg","width":1024,"height":683},"full":{"url":"https:\/\/construcaocivil.siriusmarketingedesign.com.br\/wp-content\/uploads\/2025\/06\/DSC06518-scaled.jpg","width":2560,"height":1707}},"spectra_blocks_author_info":{"display_name":"Jornal da Constru\u00e7\u00e3o Civil","avatar_url":"https:\/\/secure.gravatar.com\/avatar\/973c9774fd44ddaceb026973c4962faa70fc512bc4c9da68e8ebb40fecee6540?s=96&d=mm&r=g","author_link":"https:\/\/construcaocivil.siriusmarketingedesign.com.br\/?author=1","description":"Desde de 2013, levando muitas informa\u00e7\u00f5es, lan\u00e7amentos e produtos de qualidade para toda cadeia produtiva da constru\u00e7\u00e3o. O Futuro da constru\u00e7\u00e3o passa por aqui,"},"uagb_featured_image_src":{"full":["https:\/\/construcaocivil.siriusmarketingedesign.com.br\/wp-content\/uploads\/2025\/06\/DSC06518-scaled.jpg",2560,1707,false],"thumbnail":["https:\/\/construcaocivil.siriusmarketingedesign.com.br\/wp-content\/uploads\/2025\/06\/DSC06518-150x150.jpg",150,150,true],"medium":["https:\/\/construcaocivil.siriusmarketingedesign.com.br\/wp-content\/uploads\/2025\/06\/DSC06518-300x200.jpg",300,200,true],"medium_large":["https:\/\/construcaocivil.siriusmarketingedesign.com.br\/wp-content\/uploads\/2025\/06\/DSC06518-768x512.jpg",768,512,true],"large":["https:\/\/construcaocivil.siriusmarketingedesign.com.br\/wp-content\/uploads\/2025\/06\/DSC06518-1024x683.jpg",1024,683,true],"1536x1536":["https:\/\/construcaocivil.siriusmarketingedesign.com.br\/wp-content\/uploads\/2025\/06\/DSC06518-1536x1024.jpg",1536,1024,true],"2048x2048":["https:\/\/construcaocivil.siriusmarketingedesign.com.br\/wp-content\/uploads\/2025\/06\/DSC06518-2048x1365.jpg",2048,1365,true]},"uagb_author_info":{"display_name":"Jornal da Constru\u00e7\u00e3o Civil","author_link":"https:\/\/construcaocivil.siriusmarketingedesign.com.br\/?author=1"},"uagb_comment_info":0,"uagb_excerpt":"Entrada gratuita mediante inscri\u00e7\u00e3o online; evento deve reunir tr\u00eas mil participantes para debater hidrog\u00eanio de baixa emiss\u00e3o, captura de carbono e transi\u00e7\u00e3o energ\u00e9tica Junho, 2025 &#8211; O Rio de Janeiro recebe, nesta quarta-feira (11), a Hydrogen Expo South America e a Carbon Capture Expo South America, os principais eventos da Am\u00e9rica do Sul dedicados \u00e0s&hellip;","_links":{"self":[{"href":"https:\/\/construcaocivil.siriusmarketingedesign.com.br\/index.php?rest_route=\/wp\/v2\/posts\/25692","targetHints":{"allow":["GET"]}}],"collection":[{"href":"https:\/\/construcaocivil.siriusmarketingedesign.com.br\/index.php?rest_route=\/wp\/v2\/posts"}],"about":[{"href":"https:\/\/construcaocivil.siriusmarketingedesign.com.br\/index.php?rest_route=\/wp\/v2\/types\/post"}],"author":[{"embeddable":true,"href":"https:\/\/construcaocivil.siriusmarketingedesign.com.br\/index.php?rest_route=\/wp\/v2\/users\/1"}],"replies":[{"embeddable":true,"href":"https:\/\/construcaocivil.siriusmarketingedesign.com.br\/index.php?rest_route=%2Fwp%2Fv2%2Fcomments&post=25692"}],"version-history":[{"count":0,"href":"https:\/\/construcaocivil.siriusmarketingedesign.com.br\/index.php?rest_route=\/wp\/v2\/posts\/25692\/revisions"}],"wp:featuredmedia":[{"embeddable":true,"href":"https:\/\/construcaocivil.siriusmarketingedesign.com.br\/index.php?rest_route=\/wp\/v2\/media\/25693"}],"wp:attachment":[{"href":"https:\/\/construcaocivil.siriusmarketingedesign.com.br\/index.php?rest_route=%2Fwp%2Fv2%2Fmedia&parent=25692"}],"wp:term":[{"taxonomy":"category","embeddable":true,"href":"https:\/\/construcaocivil.siriusmarketingedesign.com.br\/index.php?rest_route=%2Fwp%2Fv2%2Fcategories&post=25692"},{"taxonomy":"post_tag","embeddable":true,"href":"https:\/\/construcaocivil.siriusmarketingedesign.com.br\/index.php?rest_route=%2Fwp%2Fv2%2Ftags&post=25692"}],"curies":[{"name":"wp","href":"https:\/\/api.w.org\/{rel}","templated":true}]}}