{"id":25698,"date":"2025-06-13T00:13:49","date_gmt":"2025-06-13T03:13:49","guid":{"rendered":"https:\/\/www.jornaldaconstrucaocivil.com.br\/?p=25698"},"modified":"2025-06-13T00:13:49","modified_gmt":"2025-06-13T03:13:49","slug":"radar-do-emprego-vamos-anuncia-mais-de-100-vagas-em-todo-o-brasil","status":"publish","type":"post","link":"https:\/\/construcaocivil.siriusmarketingedesign.com.br\/?p=25698","title":{"rendered":"Radar do emprego: VAMOS anuncia mais de 100 vagas em todo o Brasil"},"content":{"rendered":"<p style=\"text-align: justify;\"><strong><i>Oportunidades abrangem diferentes \u00e1reas e n\u00edveis de experi\u00eancia, com desenvolvimento e promo\u00e7\u00e3o cont\u00ednua na carreira dos profissionais; \u2022 Inscri\u00e7\u00f5es t\u00eam prazos variados conforme a posi\u00e7\u00e3o.<\/i><\/strong><\/p>\n<div>\n<p style=\"text-align: justify;\"><strong>S\u00e3o Paulo, junho de 2025<\/strong>\u00a0\u2013 A VAMOS, l\u00edder nacional em loca\u00e7\u00e3o e revenda de caminh\u00f5es, m\u00e1quinas e equipamentos seminovos, est\u00e1 com mais de 100 vagas abertas em diversas regi\u00f5es do Pa\u00eds. As oportunidades abrangem diferentes \u00e1reas e n\u00edveis de experi\u00eancia, com posi\u00e7\u00f5es como Vendedor de Seminovos, Consultor de Televendas, Mec\u00e2nico, Controlador de Frotas, Motorista Manobrista e Supervisor de Vendas de Seminovos Pesados.<\/p>\n<p style=\"text-align: justify;\">A empresa acredita que o sucesso do neg\u00f3cio est\u00e1 diretamente ligado ao crescimento de seus profissionais. Por isso, investe continuamente em programas de capacita\u00e7\u00e3o, planos de carreira estruturados e iniciativas voltadas ao bem-estar f\u00edsico e emocional dos colaboradores. O ambiente de trabalho \u00e9 pensado para estimular o aprendizado, a colabora\u00e7\u00e3o e a valoriza\u00e7\u00e3o de cada pessoa, criando oportunidades reais de desenvolvimento e evolu\u00e7\u00e3o na carreira.<\/p>\n<p style=\"text-align: justify;\">Com mais de 20 unidades distribu\u00eddas pelo Brasil, a <span style=\"color: #0000ff;\"><strong><a style=\"color: #0000ff;\" href=\"https:\/\/vamos.gupy.io\/\">VAMOS<\/a> <\/strong><\/span>se destaca por oferecer solu\u00e7\u00f5es completas e eficientes em mobilidade e infraestrutura, com foco em loca\u00e7\u00e3o de caminh\u00f5es, m\u00e1quinas e equipamentos agr\u00edcolas. Seu modelo de neg\u00f3cios proporciona acesso a frotas modernas e customizadas, reduzindo custos operacionais e liberando capital para as atividades principais das empresas e clientes.<\/p>\n<p style=\"text-align: justify;\">A companhia tamb\u00e9m comercializa caminh\u00f5es, implementos e m\u00e1quinas seminovos multimarcas com pronta entrega. A frota tem idade m\u00e9dia de apenas cinco anos \u2014 um importante diferencial frente \u00e0 m\u00e9dia nacional de 21 anos \u2014, refor\u00e7ando os pilares da VAMOS em efici\u00eancia, inova\u00e7\u00e3o e sustentabilidade.<\/p>\n<p style=\"text-align: justify;\">\u201cNa VAMOS, acreditamos que o nosso maior diferencial est\u00e1 na nossa gente. \u00a0\u00c9 ela quem faz a diferen\u00e7a no dia a dia, garantindo o crescimento da empresa e a satisfa\u00e7\u00e3o dos nossos clientes. Por isso, investir no desenvolvimento profissional e no bem-estar dos nossos colaboradores \u00e9 uma prioridade constante. Queremos que cada colaborador tenha a oportunidade de crescer e ser reconhecido.\u201d, afirma Luciana Coelho, Diretora de Gente e Sustentabilidade da companhia.<\/p>\n<p style=\"text-align: justify;\">O desenvolvimento profissional \u00e9 incentivado fortemente na empresa. A companhia tamb\u00e9m oferece acesso ao Totalpass, promovendo sa\u00fade f\u00edsica e mental, e mant\u00e9m parceria com o Sest Senat para servi\u00e7os como fisioterapia, psicologia e oficinas. Por \u00faltimo, os mec\u00e2nicos possuem uma trilha de carreira exclusiva e individual.<\/p>\n<p style=\"text-align: justify;\">O pacote de benef\u00edcios tamb\u00e9m inclui acesso a uma plataforma com descontos em \u00e1reas como gastronomia, entretenimento, educa\u00e7\u00e3o, lazer e esportes. Tamb\u00e9m contempla o programa de apoio \u201cLigado em Voc\u00ea\u201d, que oferece suporte psicol\u00f3gico, jur\u00eddico, social e financeiro 24 horas por dia. Al\u00e9m disso, h\u00e1 licen\u00e7as maternidade e paternidade estendidas, e um aux\u00edlio voltado \u00e0 educa\u00e7\u00e3o dos filhos dos colaboradores, com apoio na compra de material escolar.<\/p>\n<p style=\"text-align: justify;\">As inscri\u00e7\u00f5es possuem diversos prazos e devem ser feitas exclusivamente pelo site: <strong><span style=\"color: #0000ff;\"><a style=\"color: #0000ff;\" href=\"https:\/\/vamos.gupy.io\/\">https:\/\/vamos.gupy.io\/<\/a><\/span><\/strong>.<\/p>\n<\/div>\n","protected":false},"excerpt":{"rendered":"<p>Oportunidades abrangem diferentes \u00e1reas e n\u00edveis de experi\u00eancia, com desenvolvimento e promo\u00e7\u00e3o cont\u00ednua na carreira dos profissionais; \u2022 Inscri\u00e7\u00f5es t\u00eam prazos variados conforme a posi\u00e7\u00e3o. S\u00e3o Paulo, junho de 2025\u00a0\u2013 A VAMOS, l\u00edder nacional em loca\u00e7\u00e3o e revenda de caminh\u00f5es, m\u00e1quinas e equipamentos seminovos, est\u00e1 com mais de 100 vagas abertas em diversas regi\u00f5es do [&hellip;]<\/p>\n","protected":false},"author":1,"featured_media":25699,"comment_status":"open","ping_status":"open","sticky":false,"template":"","format":"standard","meta":{"_uag_custom_page_level_css":"","footnotes":""},"categories":[27],"tags":[4153,7226,18667,27586],"class_list":["post-25698","post","type-post","status-publish","format-standard","has-post-thumbnail","hentry","category-acontece","tag-empregos","tag-maquinas-para-construcao","tag-sest-senat","tag-vamos-locacao"],"blocksy_meta":[],"spectra_blocks_featured_image_url":{"thumbnail":{"url":"https:\/\/construcaocivil.siriusmarketingedesign.com.br\/wp-content\/uploads\/2025\/06\/Empregos-150x150.png","width":150,"height":150},"medium":{"url":"https:\/\/construcaocivil.siriusmarketingedesign.com.br\/wp-content\/uploads\/2025\/06\/Empregos-300x175.png","width":300,"height":175},"medium_large":{"url":"https:\/\/construcaocivil.siriusmarketingedesign.com.br\/wp-content\/uploads\/2025\/06\/Empregos-768x447.png","width":768,"height":447},"large":{"url":"https:\/\/construcaocivil.siriusmarketingedesign.com.br\/wp-content\/uploads\/2025\/06\/Empregos.png","width":825,"height":480},"full":{"url":"https:\/\/construcaocivil.siriusmarketingedesign.com.br\/wp-content\/uploads\/2025\/06\/Empregos.png","width":825,"height":480}},"spectra_blocks_author_info":{"display_name":"Jornal da Constru\u00e7\u00e3o Civil","avatar_url":"https:\/\/secure.gravatar.com\/avatar\/973c9774fd44ddaceb026973c4962faa70fc512bc4c9da68e8ebb40fecee6540?s=96&d=mm&r=g","author_link":"https:\/\/construcaocivil.siriusmarketingedesign.com.br\/?author=1","description":"Desde de 2013, levando muitas informa\u00e7\u00f5es, lan\u00e7amentos e produtos de qualidade para toda cadeia produtiva da constru\u00e7\u00e3o. O Futuro da constru\u00e7\u00e3o passa por aqui,"},"uagb_featured_image_src":{"full":["https:\/\/construcaocivil.siriusmarketingedesign.com.br\/wp-content\/uploads\/2025\/06\/Empregos.png",825,480,false],"thumbnail":["https:\/\/construcaocivil.siriusmarketingedesign.com.br\/wp-content\/uploads\/2025\/06\/Empregos-150x150.png",150,150,true],"medium":["https:\/\/construcaocivil.siriusmarketingedesign.com.br\/wp-content\/uploads\/2025\/06\/Empregos-300x175.png",300,175,true],"medium_large":["https:\/\/construcaocivil.siriusmarketingedesign.com.br\/wp-content\/uploads\/2025\/06\/Empregos-768x447.png",768,447,true],"large":["https:\/\/construcaocivil.siriusmarketingedesign.com.br\/wp-content\/uploads\/2025\/06\/Empregos.png",825,480,false],"1536x1536":["https:\/\/construcaocivil.siriusmarketingedesign.com.br\/wp-content\/uploads\/2025\/06\/Empregos.png",825,480,false],"2048x2048":["https:\/\/construcaocivil.siriusmarketingedesign.com.br\/wp-content\/uploads\/2025\/06\/Empregos.png",825,480,false]},"uagb_author_info":{"display_name":"Jornal da Constru\u00e7\u00e3o Civil","author_link":"https:\/\/construcaocivil.siriusmarketingedesign.com.br\/?author=1"},"uagb_comment_info":0,"uagb_excerpt":"Oportunidades abrangem diferentes \u00e1reas e n\u00edveis de experi\u00eancia, com desenvolvimento e promo\u00e7\u00e3o cont\u00ednua na carreira dos profissionais; \u2022 Inscri\u00e7\u00f5es t\u00eam prazos variados conforme a posi\u00e7\u00e3o. S\u00e3o Paulo, junho de 2025\u00a0\u2013 A VAMOS, l\u00edder nacional em loca\u00e7\u00e3o e revenda de caminh\u00f5es, m\u00e1quinas e equipamentos seminovos, est\u00e1 com mais de 100 vagas abertas em diversas regi\u00f5es do&hellip;","_links":{"self":[{"href":"https:\/\/construcaocivil.siriusmarketingedesign.com.br\/index.php?rest_route=\/wp\/v2\/posts\/25698","targetHints":{"allow":["GET"]}}],"collection":[{"href":"https:\/\/construcaocivil.siriusmarketingedesign.com.br\/index.php?rest_route=\/wp\/v2\/posts"}],"about":[{"href":"https:\/\/construcaocivil.siriusmarketingedesign.com.br\/index.php?rest_route=\/wp\/v2\/types\/post"}],"author":[{"embeddable":true,"href":"https:\/\/construcaocivil.siriusmarketingedesign.com.br\/index.php?rest_route=\/wp\/v2\/users\/1"}],"replies":[{"embeddable":true,"href":"https:\/\/construcaocivil.siriusmarketingedesign.com.br\/index.php?rest_route=%2Fwp%2Fv2%2Fcomments&post=25698"}],"version-history":[{"count":0,"href":"https:\/\/construcaocivil.siriusmarketingedesign.com.br\/index.php?rest_route=\/wp\/v2\/posts\/25698\/revisions"}],"wp:featuredmedia":[{"embeddable":true,"href":"https:\/\/construcaocivil.siriusmarketingedesign.com.br\/index.php?rest_route=\/wp\/v2\/media\/25699"}],"wp:attachment":[{"href":"https:\/\/construcaocivil.siriusmarketingedesign.com.br\/index.php?rest_route=%2Fwp%2Fv2%2Fmedia&parent=25698"}],"wp:term":[{"taxonomy":"category","embeddable":true,"href":"https:\/\/construcaocivil.siriusmarketingedesign.com.br\/index.php?rest_route=%2Fwp%2Fv2%2Fcategories&post=25698"},{"taxonomy":"post_tag","embeddable":true,"href":"https:\/\/construcaocivil.siriusmarketingedesign.com.br\/index.php?rest_route=%2Fwp%2Fv2%2Ftags&post=25698"}],"curies":[{"name":"wp","href":"https:\/\/api.w.org\/{rel}","templated":true}]}}