{"id":25701,"date":"2025-06-13T00:11:49","date_gmt":"2025-06-13T03:11:49","guid":{"rendered":"https:\/\/www.jornaldaconstrucaocivil.com.br\/?p=25701"},"modified":"2025-06-13T00:11:49","modified_gmt":"2025-06-13T03:11:49","slug":"3a-analoc-rental-show-supera-expectativas","status":"publish","type":"post","link":"https:\/\/construcaocivil.siriusmarketingedesign.com.br\/?p=25701","title":{"rendered":"3\u00aa ANALOC Rental Show supera expectativas"},"content":{"rendered":"<p class=\"v1MsoNormal\" style=\"text-align: justify;\" align=\"center\"><i>Realizada no Expominas, em Belo Horizonte (MG), feira atinge a maior participa\u00e7\u00e3o de p\u00fablico desde a primeira edi\u00e7\u00e3o e refor\u00e7a protagonismo dos locadores de equipamentos<\/i><\/p>\n<p class=\"v1MsoNormal\" style=\"text-align: justify;\">\n<p class=\"v1MsoNormal\" style=\"text-align: justify;\">Junho, 2025 &#8211; Durante tr\u00eas dias, a capital mineira se destacou pela representatividade dos locadores de m\u00e1quinas. De 4 a 6 de junho, a cidade foi palco da 3\u00aa edi\u00e7\u00e3o da <b>ANALOC Rental Show<\/b>, que transformou o Expominas num ponto de converg\u00eancia do setor, reunindo 5.500 visitantes provenientes de v\u00e1rios estados, com fluxo em torno de 2.500 pessoas por dia. E n\u00e3o faltam motivos para comemorar: a feira teve grande ades\u00e3o por parte dos expositores e fomentou neg\u00f3cios.<\/p>\n<p class=\"v1MsoNormal\" style=\"text-align: justify;\">\n<p class=\"v1MsoNormal\" style=\"text-align: justify;\">Com uma proposta focada nas micro, pequenas e m\u00e9dias locadoras, o evento consolidou seu papel como a principal mostra de m\u00e1quinas voltada exclusivamente para esse segmento. Os corredores cheios, estandes pulsando com novidades e a energia otimista de quem quer crescer marcaram esses tr\u00eas dias. A feira \u00e9 fruto de uma parceria entre a\u00a0<b>Associa\u00e7\u00e3o Brasileira dos Sindicatos e Associa\u00e7\u00f5es Representantes dos Locadores de Equipamentos, M\u00e1quinas e Ferramentas (ANALOC)\u00a0<\/b>e o\u00a0<b>Ecossistema LocadoresBR<\/b>.<\/p>\n<p class=\"v1MsoNormal\" style=\"text-align: justify;\">\n<p class=\"v1MsoNormal\" style=\"text-align: justify;\">&#8220;Quase 100 marcas expositoras apresentaram solu\u00e7\u00f5es pr\u00e1ticas, acess\u00edveis e tecnol\u00f3gicas para impulsionar os resultados dos pequenos locadores. O foco esteve em m\u00e1quinas compactas, plataformas de trabalho a\u00e9reo, compressores, ferramentas el\u00e9tricas, andaimes, escoramentos, softwares de gest\u00e3o, pe\u00e7as e servi\u00e7os, tudo pensado para otimizar a opera\u00e7\u00e3o e melhorar a rentabilidade das locadoras&#8221;, destaca Reynaldo Fraiha, diretor da feira.<\/p>\n<p class=\"v1MsoNormal\" style=\"text-align: justify;\">\n<p class=\"v1MsoNormal\" style=\"text-align: justify;\">Al\u00e9m da exposi\u00e7\u00e3o, a programa\u00e7\u00e3o t\u00e9cnica ofereceu palestras e pain\u00e9is sobre economia, gest\u00e3o eficiente, quest\u00f5es tribut\u00e1rias, manuten\u00e7\u00e3o preventiva, precifica\u00e7\u00e3o e tend\u00eancias para o mercado da loca\u00e7\u00e3o. As promo\u00e7\u00f5es e a\u00e7\u00f5es de relacionamento completaram o ambiente din\u00e2mico, colaborativo e altamente produtivo da feira.<\/p>\n<p class=\"v1MsoNormal\" style=\"text-align: justify;\">\n<p class=\"v1MsoNormal\" style=\"text-align: justify;\">&#8220;A\u00a0<b>ANALOC Rental Show<\/b>\u00a0mostrou que, mesmo em um mercado cada vez mais competitivo, h\u00e1 espa\u00e7o para crescimento com intelig\u00eancia, parcerias e foco em profissionaliza\u00e7\u00e3o. Estamos muito orgulhosos do resultado&#8221;, afirma Le\u00f4nidas Ferreira, conhecido como Leo Sisloc, diretor executivo da\u00a0<b>Sisloc Softwares de Gest\u00e3o<\/b>\u00a0e presidente do\u00a0<b>Ecossistema LocadoresBR.<\/b><\/p>\n<p class=\"v1MsoNormal\" style=\"text-align: justify;\"><b>\u00a0<\/b><\/p>\n<p class=\"v1MsoNormal\" style=\"text-align: justify;\">Com mais essa edi\u00e7\u00e3o de sucesso, a\u00a0<b>ANALOC Rental Show<\/b>\u00a0se consolida como o grande hub de conex\u00e3o para empresas locadoras de pequeno e m\u00e9dio porte \u2013 um espa\u00e7o onde quem aluga, vende, cria, desenvolve e transforma se encontra para fazer o setor ir ainda mais longe.<\/p>\n<p class=\"v1MsoNormal\" style=\"text-align: justify;\">\n<p class=\"v1MsoNormal\" style=\"text-align: justify;\"><b>De Minas para S\u00e3o Paulo<\/b><\/p>\n<p class=\"v1MsoNormal\" style=\"text-align: justify;\">\n<p class=\"v1MsoNormal\" style=\"text-align: justify;\">A pr\u00f3xima edi\u00e7\u00e3o da\u00a0<b>ANALOC Rental Show<\/b>\u00a0j\u00e1 tem data e local agendados: ser\u00e1 de\u00a0<b>11 a 13 de mar\u00e7o de 2026<\/b>, no\u00a0<b>Expo Center Norte,<\/b>\u00a0em S\u00e3o Paulo (SP). Esta ser\u00e1 a primeira vez que a feira acontece na capital paulista, considerada um dos principais polos econ\u00f4micos do pa\u00eds.<\/p>\n","protected":false},"excerpt":{"rendered":"<p>Realizada no Expominas, em Belo Horizonte (MG), feira atinge a maior participa\u00e7\u00e3o de p\u00fablico desde a primeira edi\u00e7\u00e3o e refor\u00e7a protagonismo dos locadores de equipamentos Junho, 2025 &#8211; Durante tr\u00eas dias, a capital mineira se destacou pela representatividade dos locadores de m\u00e1quinas. De 4 a 6 de junho, a cidade foi palco da 3\u00aa edi\u00e7\u00e3o [&hellip;]<\/p>\n","protected":false},"author":1,"featured_media":25702,"comment_status":"open","ping_status":"open","sticky":false,"template":"","format":"standard","meta":{"_uag_custom_page_level_css":"","footnotes":""},"categories":[32],"tags":[26345,1338,27587],"class_list":["post-25701","post","type-post","status-publish","format-standard","has-post-thumbnail","hentry","category-maquinas-e-equipamentos","tag-analoc-rental-show","tag-belo-horizonte","tag-rental-maquinas-e-equipamentos"],"blocksy_meta":[],"spectra_blocks_featured_image_url":{"thumbnail":{"url":"https:\/\/construcaocivil.siriusmarketingedesign.com.br\/wp-content\/uploads\/2025\/06\/Balanco_Analoc-Rental-Show-BH_1-150x150.jpeg","width":150,"height":150},"medium":{"url":"https:\/\/construcaocivil.siriusmarketingedesign.com.br\/wp-content\/uploads\/2025\/06\/Balanco_Analoc-Rental-Show-BH_1-300x200.jpeg","width":300,"height":200},"medium_large":{"url":"https:\/\/construcaocivil.siriusmarketingedesign.com.br\/wp-content\/uploads\/2025\/06\/Balanco_Analoc-Rental-Show-BH_1-768x512.jpeg","width":768,"height":512},"large":{"url":"https:\/\/construcaocivil.siriusmarketingedesign.com.br\/wp-content\/uploads\/2025\/06\/Balanco_Analoc-Rental-Show-BH_1-1024x682.jpeg","width":1024,"height":682},"full":{"url":"https:\/\/construcaocivil.siriusmarketingedesign.com.br\/wp-content\/uploads\/2025\/06\/Balanco_Analoc-Rental-Show-BH_1.jpeg","width":1600,"height":1066}},"spectra_blocks_author_info":{"display_name":"Jornal da Constru\u00e7\u00e3o Civil","avatar_url":"https:\/\/secure.gravatar.com\/avatar\/973c9774fd44ddaceb026973c4962faa70fc512bc4c9da68e8ebb40fecee6540?s=96&d=mm&r=g","author_link":"https:\/\/construcaocivil.siriusmarketingedesign.com.br\/?author=1","description":"Desde de 2013, levando muitas informa\u00e7\u00f5es, lan\u00e7amentos e produtos de qualidade para toda cadeia produtiva da constru\u00e7\u00e3o. O Futuro da constru\u00e7\u00e3o passa por aqui,"},"uagb_featured_image_src":{"full":["https:\/\/construcaocivil.siriusmarketingedesign.com.br\/wp-content\/uploads\/2025\/06\/Balanco_Analoc-Rental-Show-BH_1.jpeg",1600,1066,false],"thumbnail":["https:\/\/construcaocivil.siriusmarketingedesign.com.br\/wp-content\/uploads\/2025\/06\/Balanco_Analoc-Rental-Show-BH_1-150x150.jpeg",150,150,true],"medium":["https:\/\/construcaocivil.siriusmarketingedesign.com.br\/wp-content\/uploads\/2025\/06\/Balanco_Analoc-Rental-Show-BH_1-300x200.jpeg",300,200,true],"medium_large":["https:\/\/construcaocivil.siriusmarketingedesign.com.br\/wp-content\/uploads\/2025\/06\/Balanco_Analoc-Rental-Show-BH_1-768x512.jpeg",768,512,true],"large":["https:\/\/construcaocivil.siriusmarketingedesign.com.br\/wp-content\/uploads\/2025\/06\/Balanco_Analoc-Rental-Show-BH_1-1024x682.jpeg",1024,682,true],"1536x1536":["https:\/\/construcaocivil.siriusmarketingedesign.com.br\/wp-content\/uploads\/2025\/06\/Balanco_Analoc-Rental-Show-BH_1-1536x1023.jpeg",1536,1023,true],"2048x2048":["https:\/\/construcaocivil.siriusmarketingedesign.com.br\/wp-content\/uploads\/2025\/06\/Balanco_Analoc-Rental-Show-BH_1.jpeg",1600,1066,false]},"uagb_author_info":{"display_name":"Jornal da Constru\u00e7\u00e3o Civil","author_link":"https:\/\/construcaocivil.siriusmarketingedesign.com.br\/?author=1"},"uagb_comment_info":0,"uagb_excerpt":"Realizada no Expominas, em Belo Horizonte (MG), feira atinge a maior participa\u00e7\u00e3o de p\u00fablico desde a primeira edi\u00e7\u00e3o e refor\u00e7a protagonismo dos locadores de equipamentos Junho, 2025 &#8211; Durante tr\u00eas dias, a capital mineira se destacou pela representatividade dos locadores de m\u00e1quinas. De 4 a 6 de junho, a cidade foi palco da 3\u00aa edi\u00e7\u00e3o&hellip;","_links":{"self":[{"href":"https:\/\/construcaocivil.siriusmarketingedesign.com.br\/index.php?rest_route=\/wp\/v2\/posts\/25701","targetHints":{"allow":["GET"]}}],"collection":[{"href":"https:\/\/construcaocivil.siriusmarketingedesign.com.br\/index.php?rest_route=\/wp\/v2\/posts"}],"about":[{"href":"https:\/\/construcaocivil.siriusmarketingedesign.com.br\/index.php?rest_route=\/wp\/v2\/types\/post"}],"author":[{"embeddable":true,"href":"https:\/\/construcaocivil.siriusmarketingedesign.com.br\/index.php?rest_route=\/wp\/v2\/users\/1"}],"replies":[{"embeddable":true,"href":"https:\/\/construcaocivil.siriusmarketingedesign.com.br\/index.php?rest_route=%2Fwp%2Fv2%2Fcomments&post=25701"}],"version-history":[{"count":0,"href":"https:\/\/construcaocivil.siriusmarketingedesign.com.br\/index.php?rest_route=\/wp\/v2\/posts\/25701\/revisions"}],"wp:featuredmedia":[{"embeddable":true,"href":"https:\/\/construcaocivil.siriusmarketingedesign.com.br\/index.php?rest_route=\/wp\/v2\/media\/25702"}],"wp:attachment":[{"href":"https:\/\/construcaocivil.siriusmarketingedesign.com.br\/index.php?rest_route=%2Fwp%2Fv2%2Fmedia&parent=25701"}],"wp:term":[{"taxonomy":"category","embeddable":true,"href":"https:\/\/construcaocivil.siriusmarketingedesign.com.br\/index.php?rest_route=%2Fwp%2Fv2%2Fcategories&post=25701"},{"taxonomy":"post_tag","embeddable":true,"href":"https:\/\/construcaocivil.siriusmarketingedesign.com.br\/index.php?rest_route=%2Fwp%2Fv2%2Ftags&post=25701"}],"curies":[{"name":"wp","href":"https:\/\/api.w.org\/{rel}","templated":true}]}}