{"id":25715,"date":"2025-06-17T00:18:54","date_gmt":"2025-06-17T03:18:54","guid":{"rendered":"https:\/\/www.jornaldaconstrucaocivil.com.br\/?p=25715"},"modified":"2025-06-17T00:18:54","modified_gmt":"2025-06-17T03:18:54","slug":"gerdau-oferece-mais-de-60-vagas-em-todo-o-brasil","status":"publish","type":"post","link":"https:\/\/construcaocivil.siriusmarketingedesign.com.br\/?p=25715","title":{"rendered":"Gerdau oferece mais de 60 vagas em todo o Brasil"},"content":{"rendered":"<p dir=\"ltr\"><span style=\"font-family: arial, sans-serif;\">Oportunidades s\u00e3o para operadores nas unidades de corte e dobra espalhadas por todo pa\u00eds; inscri\u00e7\u00f5es s\u00e3o v\u00e1lidas at\u00e9 27 de junho\u00a0<\/span><\/p>\n<p><span style=\"font-family: arial, sans-serif;\">\u00a0<\/span><\/p>\n<p dir=\"ltr\"><span style=\"font-family: arial, sans-serif;\">A\u00a0Gerdau, maior empresa brasileira produtora de a\u00e7o, est\u00e1 com 60 vagas para atua\u00e7\u00e3o como operadores nas unidades de corte e dobra em diferentes regi\u00f5es do pa\u00eds. As oportunidades est\u00e3o dispon\u00edveis nas cidades de\u00a0Macei\u00f3 (AL), Sim\u00f5es Filho (BA), Maracana\u00fa (CE), Bras\u00edlia (DF), Vit\u00f3ria (ES), Aparecida de Goi\u00e2nia (GO), Uberl\u00e2ndia (MG), Cuiab\u00e1 (MT), Suape (PE), Arauc\u00e1ria (PR), Maring\u00e1 (PR), Rio de Janeiro (RJ), Porto Alegre (RS), Chapec\u00f3 (SC), Tijucas (SC), Ribeir\u00e3o Preto (SP),\u00a0 S\u00e3o Jos\u00e9 dos Campos (SP) e S\u00e3o Paulo (SP).\u00a0As vagas s\u00e3o destinadas a candidatos e candidatas com ensino m\u00e9dio completo, com mais de 18 anos e que tenham experi\u00eancia na \u00e1rea de industrial e produ\u00e7\u00e3o. As inscri\u00e7\u00f5es v\u00e3o at\u00e9 o dia 27 de junho e devem ser feitas pelo\u00a0<a href=\"https:\/\/jobs.gerdau.com\/search\/?searchby=location&amp;createNewAlert=false&amp;q=&amp;locationsearch=SAO+JOSE+DOS+CAMPOS&amp;geolocation=&amp;optionsFacetsDD_country=&amp;optionsFacetsDD_location=&amp;optionsFacetsDD_title=&amp;optionsFacetsDD_state=&amp;optionsFacetsDD_city=SAO+JOSE+DOS+CAMPOS&amp;optionsFacetsDD_department=&amp;optionsFacetsDD_customfield5=\" target=\"_blank\" rel=\"noopener noreferrer\">site da Gerdau<\/a>.<\/span><\/p>\n<p dir=\"ltr\"><span style=\"font-family: arial, sans-serif;\">De acordo com Silvana Cavalcante, L\u00edder de Pessoas do Corte e Dobra da Gerdau, as vagas representam uma oportunidade de desenvolvimento profissional e de ingresso na empresa &#8220;A Gerdau tem o prop\u00f3sito de empoderar pessoas que queiram contribuir para a constru\u00e7\u00e3o de um futuro melhor. Essas oportunidades reafirmam nosso compromisso com o desenvolvimento econ\u00f4mico e social das regi\u00f5es em que atuamos&#8221;, afirma.<\/span><\/p>\n<p dir=\"ltr\"><span style=\"font-family: arial, sans-serif;\">As vagas oferecem sal\u00e1rio compat\u00edvel com mercado e um pacote de benef\u00edcios completo e flex\u00edvel, que inclui participa\u00e7\u00e3o nos lucros e resultados, previd\u00eancia complementar, vale-refei\u00e7\u00e3o (nas unidades sem refeit\u00f3rio), vale-alimenta\u00e7\u00e3o, transporte fretado ou aux\u00edlio-transporte (dependendo da regi\u00e3o), programa para gestantes e aux\u00edlio-creche. Tamb\u00e9m s\u00e3o oferecidos plano de sa\u00fade, plano odontol\u00f3gico, aux\u00edlio-medicamento e ortop\u00e9dico, seguro de vida, Einstein Conecta, aux\u00edlio-farm\u00e1cia e o Programa +Cuidado, que disponibiliza profissionais especializados para apoiar os colaboradores e seus dependentes em quest\u00f5es psicol\u00f3gicas e financeiras.<\/span><\/p>\n<p dir=\"ltr\"><span style=\"font-family: arial, sans-serif;\">A Gerdau est\u00e1 presente em 7 pa\u00edses nas Am\u00e9ricas e conta com mais de 30 mil colaboradores e colaboradoras em suas opera\u00e7\u00f5es. A empresa \u00e9 a maior recicladora da Am\u00e9rica Latina e tem na sucata uma importante mat\u00e9ria-prima: cerca de 70% do a\u00e7o que produz \u00e9 feito a partir desse material. Todo ano, 10 milh\u00f5es de toneladas de sucata s\u00e3o transformadas em diversos produtos de a\u00e7o.<\/span><\/p>\n<p dir=\"ltr\"><span style=\"font-family: arial, sans-serif;\">Para conhecer estas e outras vagas, acesse o\u00a0<a href=\"https:\/\/jobs.gerdau.com\/search\/?searchby=location&amp;createNewAlert=false&amp;q=&amp;locationsearch=SAO+JOSE+DOS+CAMPOS&amp;geolocation=&amp;optionsFacetsDD_country=&amp;optionsFacetsDD_location=&amp;optionsFacetsDD_title=&amp;optionsFacetsDD_state=&amp;optionsFacetsDD_city=SAO+JOSE+DOS+CAMPOS&amp;optionsFacetsDD_department=&amp;optionsFacetsDD_customfield5=\" target=\"_blank\" rel=\"noopener noreferrer\">site da Gerdau<\/a>.<\/span><\/p>\n<p dir=\"ltr\"><span style=\"font-family: arial, sans-serif;\">\u00a0\u00a0\u00a0\u00a0\u00a0\u00a0\u00a0\u00a0\u00a0\u00a0\u00a0\u00a0\u00a0\u00a0\u00a0<\/span><\/p>\n<p dir=\"ltr\"><span style=\"font-family: arial, sans-serif;\">Servi\u00e7o:\u00a0<\/span><\/p>\n<p dir=\"ltr\"><span style=\"font-family: arial, sans-serif;\">Vaga\u00a0Operador(a) Corte e Dobra\u00a0| Rio de Janeiro (RJ)<\/span><\/p>\n<p dir=\"ltr\"><span style=\"font-family: arial, sans-serif;\">Inscri\u00e7\u00e3o:\u00a0at\u00e9 27 de junho<\/span><\/p>\n<p dir=\"ltr\"><span style=\"font-family: arial, sans-serif;\">Link para inscri\u00e7\u00e3o online:\u00a0<a href=\"https:\/\/jobs.gerdau.com\/job-invite\/57666\/\" target=\"_blank\" rel=\"noopener noreferrer\">https:\/\/jobs.gerdau.com\/job-invite\/57666\/<\/a>\u00a0<\/span><\/p>\n<p dir=\"ltr\"><span style=\"font-family: arial, sans-serif;\">Investimento:\u00a0gratuito<\/span><\/p>\n<p><span style=\"font-family: arial, sans-serif;\">\u00a0<\/span><\/p>\n<p dir=\"ltr\"><span style=\"font-family: arial, sans-serif;\">Vaga\u00a0Operador(a) Corte e Dobra\u00a0| Pirituba (SP)<\/span><\/p>\n<p dir=\"ltr\"><span style=\"font-family: arial, sans-serif;\">Inscri\u00e7\u00e3o:\u00a0at\u00e9 27 de junho<\/span><\/p>\n<p dir=\"ltr\"><span style=\"font-family: arial, sans-serif;\">Link para inscri\u00e7\u00e3o online:\u00a0<a href=\"https:\/\/jobs.gerdau.com\/job-invite\/56828\/\" target=\"_blank\" rel=\"noopener noreferrer\">https:\/\/jobs.gerdau.com\/job-invite\/56828\/<\/a><\/span><\/p>\n<p dir=\"ltr\"><span style=\"font-family: arial, sans-serif;\">Investimento:\u00a0gratuito<\/span><\/p>\n<p><span style=\"font-family: arial, sans-serif;\">\u00a0<\/span><\/p>\n<p dir=\"ltr\"><span style=\"font-family: arial, sans-serif;\">Vaga\u00a0Operador(a) Corte e Dobra\u00a0| Porto Alegre (RS)<\/span><\/p>\n<p dir=\"ltr\"><span style=\"font-family: arial, sans-serif;\">Inscri\u00e7\u00e3o:\u00a0at\u00e9 27 de junho<\/span><\/p>\n<p dir=\"ltr\"><span style=\"font-family: arial, sans-serif;\">Link para inscri\u00e7\u00e3o online:\u00a0<a href=\"https:\/\/jobs.gerdau.com\/job-invite\/57730\/\" target=\"_blank\" rel=\"noopener noreferrer\">https:\/\/jobs.gerdau.com\/job-invite\/57730\/<\/a><\/span><\/p>\n<p dir=\"ltr\"><span style=\"font-family: arial, sans-serif;\">Investimento:\u00a0gratuito<\/span><\/p>\n<p><span style=\"font-family: arial, sans-serif;\">\u00a0<\/span><\/p>\n<p dir=\"ltr\"><span style=\"font-family: arial, sans-serif;\">Vaga\u00a0Operador(a) Corte e Dobra\u00a0| Bras\u00edlia (DF)<\/span><\/p>\n<p dir=\"ltr\"><span style=\"font-family: arial, sans-serif;\">Inscri\u00e7\u00e3o:\u00a0at\u00e9 27 de junho<\/span><\/p>\n<p dir=\"ltr\"><span style=\"font-family: arial, sans-serif;\">Link para inscri\u00e7\u00e3o online:\u00a0<a href=\"https:\/\/jobs.gerdau.com\/job-invite\/58237\/\" target=\"_blank\" rel=\"noopener noreferrer\">https:\/\/jobs.gerdau.com\/job-invite\/58237\/<\/a><\/span><\/p>\n<p dir=\"ltr\"><span style=\"font-family: arial, sans-serif;\">Investimento:\u00a0gratuito<\/span><\/p>\n<p><span style=\"font-family: arial, sans-serif;\">\u00a0<\/span><\/p>\n<p dir=\"ltr\"><span style=\"font-family: arial, sans-serif;\">Vaga\u00a0Operador(a) Corte e Dobra\u00a0| Tijucas (SC)<\/span><\/p>\n<p dir=\"ltr\"><span style=\"font-family: arial, sans-serif;\">Inscri\u00e7\u00e3o:\u00a0at\u00e9 27 de junho<\/span><\/p>\n<p dir=\"ltr\"><span style=\"font-family: arial, sans-serif;\">Link para inscri\u00e7\u00e3o online:\u00a0<a href=\"https:\/\/jobs.gerdau.com\/job-invite\/57756\/\" target=\"_blank\" rel=\"noopener noreferrer\">https:\/\/jobs.gerdau.com\/job-invite\/57756\/<\/a><\/span><\/p>\n<p dir=\"ltr\"><span style=\"font-family: arial, sans-serif;\">Investimento:\u00a0gratuito<\/span><\/p>\n<p><span style=\"font-family: arial, sans-serif;\">\u00a0<\/span><\/p>\n<p dir=\"ltr\"><span style=\"font-family: arial, sans-serif;\">Vaga\u00a0Operador(a) Corte e Dobra\u00a0| Aparecida de Goi\u00e2nia (GO)<\/span><\/p>\n<p dir=\"ltr\"><span style=\"font-family: arial, sans-serif;\">Inscri\u00e7\u00e3o:\u00a0at\u00e9 27 de junho<\/span><\/p>\n<p dir=\"ltr\"><span style=\"font-family: arial, sans-serif;\">Link para inscri\u00e7\u00e3o online:\u00a0<a href=\"https:\/\/jobs.gerdau.com\/job-invite\/57864\/\" target=\"_blank\" rel=\"noopener noreferrer\">https:\/\/jobs.gerdau.com\/job-invite\/57864\/<\/a><\/span><\/p>\n<p dir=\"ltr\"><span style=\"font-family: arial, sans-serif;\">Investimento:\u00a0gratuito<\/span><\/p>\n<p><span style=\"font-family: arial, sans-serif;\">\u00a0<\/span><\/p>\n<p dir=\"ltr\"><span style=\"font-family: arial, sans-serif;\">Vaga\u00a0Operador(a) Corte e Dobra\u00a0| Uberl\u00e2ndia (MG)<\/span><\/p>\n<p dir=\"ltr\"><span style=\"font-family: arial, sans-serif;\">Inscri\u00e7\u00e3o:\u00a0at\u00e9 27 de junho<\/span><\/p>\n<p dir=\"ltr\"><span style=\"font-family: arial, sans-serif;\">Link para inscri\u00e7\u00e3o online:\u00a0<a href=\"https:\/\/jobs.gerdau.com\/job-invite\/58623\/\" target=\"_blank\" rel=\"noopener noreferrer\">https:\/\/jobs.gerdau.com\/job-invite\/58623\/<\/a><\/span><\/p>\n<p dir=\"ltr\"><span style=\"font-family: arial, sans-serif;\">Investimento:\u00a0gratuito<\/span><\/p>\n<p><span style=\"font-family: arial, sans-serif;\">\u00a0<\/span><\/p>\n<p dir=\"ltr\"><span style=\"font-family: arial, sans-serif;\">Vaga\u00a0Operador(a) Corte e Dobra\u00a0| Suape (PE)<\/span><\/p>\n<p dir=\"ltr\"><span style=\"font-family: arial, sans-serif;\">Inscri\u00e7\u00e3o:\u00a0at\u00e9 27 de junho<\/span><\/p>\n<p dir=\"ltr\"><span style=\"font-family: arial, sans-serif;\">Link para inscri\u00e7\u00e3o online:\u00a0<a href=\"https:\/\/jobs.gerdau.com\/job-invite\/58469\/\" target=\"_blank\" rel=\"noopener noreferrer\">https:\/\/jobs.gerdau.com\/job-invite\/58469\/<\/a><\/span><\/p>\n<p dir=\"ltr\"><span style=\"font-family: arial, sans-serif;\">Investimento:\u00a0gratuito<\/span><\/p>\n<p><span style=\"font-family: arial, sans-serif;\">\u00a0<\/span><\/p>\n<p dir=\"ltr\"><span style=\"font-family: arial, sans-serif;\">Vaga\u00a0Operador(a) Corte e Dobra\u00a0| Maracana\u00fa (CE)<\/span><\/p>\n<p dir=\"ltr\"><span style=\"font-family: arial, sans-serif;\">Inscri\u00e7\u00e3o:\u00a0at\u00e9 27 de junho<\/span><\/p>\n<p dir=\"ltr\"><span style=\"font-family: arial, sans-serif;\">Link para inscri\u00e7\u00e3o online:\u00a0<a href=\"https:\/\/jobs.gerdau.com\/job-invite\/56842\/\" target=\"_blank\" rel=\"noopener noreferrer\">https:\/\/jobs.gerdau.com\/job-invite\/56842\/<\/a>\u00a0<\/span><\/p>\n<p dir=\"ltr\"><span style=\"font-family: arial, sans-serif;\">Investimento:\u00a0gratuito<\/span><\/p>\n<p><span style=\"font-family: arial, sans-serif;\">\u00a0<\/span><\/p>\n<p dir=\"ltr\"><span style=\"font-family: arial, sans-serif;\">Vaga\u00a0Operador(a) Corte e Dobra\u00a0| Chapec\u00f3 (SC)<\/span><\/p>\n<p dir=\"ltr\"><span style=\"font-family: arial, sans-serif;\">Inscri\u00e7\u00e3o:\u00a0at\u00e9 27 de junho<\/span><\/p>\n<p dir=\"ltr\"><span style=\"font-family: arial, sans-serif;\">Link para inscri\u00e7\u00e3o online:\u00a0<a href=\"https:\/\/jobs.gerdau.com\/job-invite\/58374\" target=\"_blank\" rel=\"noopener noreferrer\">https:\/\/jobs.gerdau.com\/job-invite\/58374<\/a><\/span><\/p>\n<p dir=\"ltr\"><span style=\"font-family: arial, sans-serif;\">Investimento:\u00a0gratuito<\/span><\/p>\n<p><span style=\"font-family: arial, sans-serif;\">\u00a0<\/span><\/p>\n<p dir=\"ltr\"><span style=\"font-family: arial, sans-serif;\">Vaga\u00a0Operador(a) Corte e Dobra\u00a0| Vit\u00f3ria (ES)<\/span><\/p>\n<p dir=\"ltr\"><span style=\"font-family: arial, sans-serif;\">Inscri\u00e7\u00e3o:\u00a0at\u00e9 27 de junho<\/span><\/p>\n<p dir=\"ltr\"><span style=\"font-family: arial, sans-serif;\">Link para inscri\u00e7\u00e3o online:\u00a0<a href=\"https:\/\/jobs.gerdau.com\/job-invite\/58621\/\" target=\"_blank\" rel=\"noopener noreferrer\">https:\/\/jobs.gerdau.com\/job-invite\/58621\/<\/a><\/span><\/p>\n<p dir=\"ltr\"><span style=\"font-family: arial, sans-serif;\">Investimento:\u00a0gratuito<\/span><\/p>\n<p><span style=\"font-family: arial, sans-serif;\">\u00a0<\/span><\/p>\n<p dir=\"ltr\"><span style=\"font-family: arial, sans-serif;\">Vaga\u00a0Operador(a) Corte e Dobra\u00a0| Cuiab\u00e1 (MT)<\/span><\/p>\n<p dir=\"ltr\"><span style=\"font-family: arial, sans-serif;\">Inscri\u00e7\u00e3o:\u00a0at\u00e9 27 de junho<\/span><\/p>\n<p dir=\"ltr\"><span style=\"font-family: arial, sans-serif;\">Link para inscri\u00e7\u00e3o online:\u00a0<a href=\"https:\/\/jobs.gerdau.com\/job-invite\/57815\/\" target=\"_blank\" rel=\"noopener noreferrer\">https:\/\/jobs.gerdau.com\/job-invite\/57815\/<\/a><\/span><\/p>\n<p dir=\"ltr\"><span style=\"font-family: arial, sans-serif;\">Investimento:\u00a0gratuito<\/span><\/p>\n<p><span style=\"font-family: arial, sans-serif;\">\u00a0<\/span><\/p>\n<p dir=\"ltr\"><span style=\"font-family: arial, sans-serif;\">Vaga\u00a0Operador(a) Corte e Dobra\u00a0| Ribeir\u00e3o Preto (SP)<\/span><\/p>\n<p dir=\"ltr\"><span style=\"font-family: arial, sans-serif;\">Inscri\u00e7\u00e3o:\u00a0at\u00e9 27 de junho<\/span><\/p>\n<p dir=\"ltr\"><span style=\"font-family: arial, sans-serif;\">Link para inscri\u00e7\u00e3o online:\u00a0<a href=\"https:\/\/jobs.gerdau.com\/job-invite\/57972\/\" target=\"_blank\" rel=\"noopener noreferrer\">https:\/\/jobs.gerdau.com\/job-invite\/57972\/<\/a><\/span><\/p>\n<p dir=\"ltr\"><span style=\"font-family: arial, sans-serif;\">Investimento:\u00a0gratuito<\/span><\/p>\n<p><span style=\"font-family: arial, sans-serif;\">\u00a0<\/span><\/p>\n<p dir=\"ltr\"><span style=\"font-family: arial, sans-serif;\">Vaga\u00a0Operador(a) Corte e Dobra\u00a0| S\u00e3o Jos\u00e9 dos Campos (SP)<\/span><\/p>\n<p dir=\"ltr\"><span style=\"font-family: arial, sans-serif;\">Inscri\u00e7\u00e3o:\u00a0at\u00e9 27 de junho<\/span><\/p>\n<p dir=\"ltr\"><span style=\"font-family: arial, sans-serif;\">Link para inscri\u00e7\u00e3o online:\u00a0<a href=\"https:\/\/jobs.gerdau.com\/job-invite\/58372\/\" target=\"_blank\" rel=\"noopener noreferrer\">https:\/\/jobs.gerdau.com\/job-invite\/58372\/<\/a><\/span><\/p>\n<p dir=\"ltr\"><span style=\"font-family: arial, sans-serif;\">Investimento:\u00a0gratuito<\/span><\/p>\n<p><span style=\"font-family: arial, sans-serif;\">\u00a0<\/span><\/p>\n<p dir=\"ltr\"><span style=\"font-family: arial, sans-serif;\">Vaga\u00a0Operador(a) Corte e Dobra\u00a0| Maring\u00e1 (PR)<\/span><\/p>\n<p dir=\"ltr\"><span style=\"font-family: arial, sans-serif;\">Inscri\u00e7\u00e3o:\u00a0at\u00e9 27 de junho<\/span><\/p>\n<p dir=\"ltr\"><span style=\"font-family: arial, sans-serif;\">Link para inscri\u00e7\u00e3o online:\u00a0<a href=\"https:\/\/jobs.gerdau.com\/job-invite\/56106\/\" target=\"_blank\" rel=\"noopener noreferrer\">https:\/\/jobs.gerdau.com\/job-invite\/56106\/<\/a><\/span><\/p>\n<p dir=\"ltr\"><span style=\"font-family: arial, sans-serif;\">Investimento:\u00a0gratui<\/span><\/p>\n","protected":false},"excerpt":{"rendered":"<p>Oportunidades s\u00e3o para operadores nas unidades de corte e dobra espalhadas por todo pa\u00eds; inscri\u00e7\u00f5es s\u00e3o v\u00e1lidas at\u00e9 27 de junho\u00a0 \u00a0 A\u00a0Gerdau, maior empresa brasileira produtora de a\u00e7o, est\u00e1 com 60 vagas para atua\u00e7\u00e3o como operadores nas unidades de corte e dobra em diferentes regi\u00f5es do pa\u00eds. As oportunidades est\u00e3o dispon\u00edveis nas cidades de\u00a0Macei\u00f3 [&hellip;]<\/p>\n","protected":false},"author":1,"featured_media":25716,"comment_status":"open","ping_status":"open","sticky":false,"template":"","format":"standard","meta":{"_uag_custom_page_level_css":"","footnotes":""},"categories":[27],"tags":[27592,17081,5418,27593],"class_list":["post-25715","post","type-post","status-publish","format-standard","has-post-thumbnail","hentry","category-acontece","tag-aco-construcao","tag-empregos-e-oportunidades","tag-gerdau","tag-vergalhoes-edificacoes"],"blocksy_meta":[],"spectra_blocks_featured_image_url":{"thumbnail":{"url":"https:\/\/construcaocivil.siriusmarketingedesign.com.br\/wp-content\/uploads\/2025\/06\/Gerdau-esta-com-60-vagas-abertas-para-as-unidades-de-Corte-e-Dobra-150x150.jpg","width":150,"height":150},"medium":{"url":"https:\/\/construcaocivil.siriusmarketingedesign.com.br\/wp-content\/uploads\/2025\/06\/Gerdau-esta-com-60-vagas-abertas-para-as-unidades-de-Corte-e-Dobra-300x200.jpg","width":300,"height":200},"medium_large":{"url":"https:\/\/construcaocivil.siriusmarketingedesign.com.br\/wp-content\/uploads\/2025\/06\/Gerdau-esta-com-60-vagas-abertas-para-as-unidades-de-Corte-e-Dobra-768x513.jpg","width":768,"height":513},"large":{"url":"https:\/\/construcaocivil.siriusmarketingedesign.com.br\/wp-content\/uploads\/2025\/06\/Gerdau-esta-com-60-vagas-abertas-para-as-unidades-de-Corte-e-Dobra-1024x684.jpg","width":1024,"height":684},"full":{"url":"https:\/\/construcaocivil.siriusmarketingedesign.com.br\/wp-content\/uploads\/2025\/06\/Gerdau-esta-com-60-vagas-abertas-para-as-unidades-de-Corte-e-Dobra-scaled.jpg","width":2560,"height":1709}},"spectra_blocks_author_info":{"display_name":"Jornal da Constru\u00e7\u00e3o Civil","avatar_url":"https:\/\/secure.gravatar.com\/avatar\/973c9774fd44ddaceb026973c4962faa70fc512bc4c9da68e8ebb40fecee6540?s=96&d=mm&r=g","author_link":"https:\/\/construcaocivil.siriusmarketingedesign.com.br\/?author=1","description":"Desde de 2013, levando muitas informa\u00e7\u00f5es, lan\u00e7amentos e produtos de qualidade para toda cadeia produtiva da constru\u00e7\u00e3o. O Futuro da constru\u00e7\u00e3o passa por aqui,"},"uagb_featured_image_src":{"full":["https:\/\/construcaocivil.siriusmarketingedesign.com.br\/wp-content\/uploads\/2025\/06\/Gerdau-esta-com-60-vagas-abertas-para-as-unidades-de-Corte-e-Dobra-scaled.jpg",2560,1709,false],"thumbnail":["https:\/\/construcaocivil.siriusmarketingedesign.com.br\/wp-content\/uploads\/2025\/06\/Gerdau-esta-com-60-vagas-abertas-para-as-unidades-de-Corte-e-Dobra-150x150.jpg",150,150,true],"medium":["https:\/\/construcaocivil.siriusmarketingedesign.com.br\/wp-content\/uploads\/2025\/06\/Gerdau-esta-com-60-vagas-abertas-para-as-unidades-de-Corte-e-Dobra-300x200.jpg",300,200,true],"medium_large":["https:\/\/construcaocivil.siriusmarketingedesign.com.br\/wp-content\/uploads\/2025\/06\/Gerdau-esta-com-60-vagas-abertas-para-as-unidades-de-Corte-e-Dobra-768x513.jpg",768,513,true],"large":["https:\/\/construcaocivil.siriusmarketingedesign.com.br\/wp-content\/uploads\/2025\/06\/Gerdau-esta-com-60-vagas-abertas-para-as-unidades-de-Corte-e-Dobra-1024x684.jpg",1024,684,true],"1536x1536":["https:\/\/construcaocivil.siriusmarketingedesign.com.br\/wp-content\/uploads\/2025\/06\/Gerdau-esta-com-60-vagas-abertas-para-as-unidades-de-Corte-e-Dobra-1536x1025.jpg",1536,1025,true],"2048x2048":["https:\/\/construcaocivil.siriusmarketingedesign.com.br\/wp-content\/uploads\/2025\/06\/Gerdau-esta-com-60-vagas-abertas-para-as-unidades-de-Corte-e-Dobra-2048x1367.jpg",2048,1367,true]},"uagb_author_info":{"display_name":"Jornal da Constru\u00e7\u00e3o Civil","author_link":"https:\/\/construcaocivil.siriusmarketingedesign.com.br\/?author=1"},"uagb_comment_info":0,"uagb_excerpt":"Oportunidades s\u00e3o para operadores nas unidades de corte e dobra espalhadas por todo pa\u00eds; inscri\u00e7\u00f5es s\u00e3o v\u00e1lidas at\u00e9 27 de junho\u00a0 \u00a0 A\u00a0Gerdau, maior empresa brasileira produtora de a\u00e7o, est\u00e1 com 60 vagas para atua\u00e7\u00e3o como operadores nas unidades de corte e dobra em diferentes regi\u00f5es do pa\u00eds. As oportunidades est\u00e3o dispon\u00edveis nas cidades de\u00a0Macei\u00f3&hellip;","_links":{"self":[{"href":"https:\/\/construcaocivil.siriusmarketingedesign.com.br\/index.php?rest_route=\/wp\/v2\/posts\/25715","targetHints":{"allow":["GET"]}}],"collection":[{"href":"https:\/\/construcaocivil.siriusmarketingedesign.com.br\/index.php?rest_route=\/wp\/v2\/posts"}],"about":[{"href":"https:\/\/construcaocivil.siriusmarketingedesign.com.br\/index.php?rest_route=\/wp\/v2\/types\/post"}],"author":[{"embeddable":true,"href":"https:\/\/construcaocivil.siriusmarketingedesign.com.br\/index.php?rest_route=\/wp\/v2\/users\/1"}],"replies":[{"embeddable":true,"href":"https:\/\/construcaocivil.siriusmarketingedesign.com.br\/index.php?rest_route=%2Fwp%2Fv2%2Fcomments&post=25715"}],"version-history":[{"count":0,"href":"https:\/\/construcaocivil.siriusmarketingedesign.com.br\/index.php?rest_route=\/wp\/v2\/posts\/25715\/revisions"}],"wp:featuredmedia":[{"embeddable":true,"href":"https:\/\/construcaocivil.siriusmarketingedesign.com.br\/index.php?rest_route=\/wp\/v2\/media\/25716"}],"wp:attachment":[{"href":"https:\/\/construcaocivil.siriusmarketingedesign.com.br\/index.php?rest_route=%2Fwp%2Fv2%2Fmedia&parent=25715"}],"wp:term":[{"taxonomy":"category","embeddable":true,"href":"https:\/\/construcaocivil.siriusmarketingedesign.com.br\/index.php?rest_route=%2Fwp%2Fv2%2Fcategories&post=25715"},{"taxonomy":"post_tag","embeddable":true,"href":"https:\/\/construcaocivil.siriusmarketingedesign.com.br\/index.php?rest_route=%2Fwp%2Fv2%2Ftags&post=25715"}],"curies":[{"name":"wp","href":"https:\/\/api.w.org\/{rel}","templated":true}]}}