{"id":25728,"date":"2025-06-19T15:48:42","date_gmt":"2025-06-19T18:48:42","guid":{"rendered":"https:\/\/www.jornaldaconstrucaocivil.com.br\/?p=25728"},"modified":"2025-06-19T19:35:36","modified_gmt":"2025-06-19T22:35:36","slug":"quem-inventou-este-cara-banqueiro-gabriel-galipolo-atual-presidente-do-banco-central-sufoca-o-pais-com-aumento-da-taxa-selic-para-15","status":"publish","type":"post","link":"https:\/\/construcaocivil.siriusmarketingedesign.com.br\/?p=25728","title":{"rendered":"Quem inventou este cara? Banqueiro Gabriel Galipolo, atual presidente do Banco Central sufoca o pa\u00eds com aumento da taxa SELIC para 15%."},"content":{"rendered":"<p>Junho, 2025 &#8211; Indicado pelo Presidente #LULA e pelo Ministro da Fazenda, Fernando Haddad, como sendo\u00a0 o anti Campos Neto, ex-presidente do Banco Central do Brasil, que botou os Juros acima de 13,25%, &#8220;o menino malvado&#8221; das finan\u00e7as, Gabriel Galipolo, atual presidente do BANCO CENTRAL INDEPENDENTE (S\u00f3 escuta os Bancos e a Faria Lima)\u00a0 segue na velha linha do fazer o mais do mesmo ou seja: segue a cartilha da pol\u00edtica de juros ALTOS que ferra com a economia brasileira.<\/p>\n<figure id=\"attachment_25729\" aria-describedby=\"caption-attachment-25729\" style=\"width: 300px\" class=\"wp-caption alignleft\"><img loading=\"lazy\" decoding=\"async\" class=\"size-medium wp-image-25729\" src=\"https:\/\/www.jornaldaconstrucaocivil.com.br\/wp-content\/uploads\/2025\/06\/JUROS-X-TRABALHADORES-300x176.jpg\" alt=\"\" width=\"300\" height=\"176\" srcset=\"https:\/\/construcaocivil.siriusmarketingedesign.com.br\/wp-content\/uploads\/2025\/06\/JUROS-X-TRABALHADORES-300x176.jpg 300w, https:\/\/construcaocivil.siriusmarketingedesign.com.br\/wp-content\/uploads\/2025\/06\/JUROS-X-TRABALHADORES-200x118.jpg 200w, https:\/\/construcaocivil.siriusmarketingedesign.com.br\/wp-content\/uploads\/2025\/06\/JUROS-X-TRABALHADORES.jpg 531w\" sizes=\"auto, (max-width: 300px) 100vw, 300px\" \/><figcaption id=\"caption-attachment-25729\" class=\"wp-caption-text\">Gabriel Galipolo, presidente do Banco Central segue firme para provocar desemprego e crise no Brasil. @jcc<\/figcaption><\/figure>\n<p><strong>Pergunta:\u00a0 \u00a0Se Campo Neto era BOLSONARISTA, ent\u00e3o, podemos chamar Gabriel Galipolo de LULISTA ?<\/strong><\/p>\n<p><em>Segue Texto do BC que justifica os juros altos (frear consumo e segurar o emprego).\u00a0<\/em><\/p>\n<p><span style=\"color: #993300;\"><em>\u200bO ambiente externo mant\u00e9m-se adverso e particularmente incerto em fun\u00e7\u00e3o da conjuntura e da pol\u00edtica econ\u00f4mica nos Estados Unidos, principalmente acerca de suas pol\u00edticas comercial e fiscal e de seus respectivos efeitos. Al\u00e9m disso, o comportamento e a volatilidade de diferentes classes de ativos tamb\u00e9m t\u00eam sido afetados, com reflexos nas condi\u00e7\u00f5es financeiras globais. Tal cen\u00e1rio segue exigindo cautela por parte de pa\u00edses emergentes em ambiente de acirramento da tens\u00e3o geopol\u00edtica.<\/em><\/span><\/p>\n<p><span style=\"color: #993300;\"><em>Em rela\u00e7\u00e3o ao cen\u00e1rio dom\u00e9stico, o conjunto dos indicadores de atividade econ\u00f4mica e do mercado de trabalho ainda tem apresentado algum dinamismo, mas observa-se certa modera\u00e7\u00e3o no crescimento. Nas divulga\u00e7\u00f5es mais recentes, a infla\u00e7\u00e3o cheia e as medidas subjacentes mantiveram-se acima da meta para a infla\u00e7\u00e3o.<\/em><\/span><\/p>\n<p><span style=\"color: #993300;\"><em>As expectativas de infla\u00e7\u00e3o para 2025 e 2026 apuradas pela pesquisa Focus permanecem em valores acima da meta, situando-se em 5,2% e 4,5%, respectivamente. A proje\u00e7\u00e3o de infla\u00e7\u00e3o do Copom para o ano de 2026, atual horizonte relevante de pol\u00edtica monet\u00e1ria, situa-se em 3,6% no cen\u00e1rio de refer\u00eancia (Tabela 1).<\/em><\/span><\/p>\n<p><span style=\"color: #993300;\"><em>Os riscos para a infla\u00e7\u00e3o, tanto de alta quanto de baixa, seguem mais elevados do que o usual. Entre os riscos de alta para o cen\u00e1rio inflacion\u00e1rio e as expectativas de infla\u00e7\u00e3o, destacam-se (i) uma desancoragem das expectativas de infla\u00e7\u00e3o por per\u00edodo mais prolongado; (ii) uma maior resili\u00eancia na infla\u00e7\u00e3o de servi\u00e7os do que a projetada em fun\u00e7\u00e3o de um hiato do produto mais positivo; e (iii) uma conjun\u00e7\u00e3o de pol\u00edticas econ\u00f4micas externa e interna que tenham impacto inflacion\u00e1rio maior que o esperado, por exemplo, por meio de uma taxa de c\u00e2mbio persistentemente mais depreciada. Entre os riscos de baixa, ressaltam-se (i) uma eventual desacelera\u00e7\u00e3o da atividade econ\u00f4mica dom\u00e9stica mais acentuada do que a projetada, tendo impactos sobre o cen\u00e1rio de infla\u00e7\u00e3o; (ii) uma desacelera\u00e7\u00e3o global mais pronunciada decorrente do choque de com\u00e9rcio e de um cen\u00e1rio de maior incerteza; e (iii) uma redu\u00e7\u00e3o nos pre\u00e7os das\u00a0commodities\u00a0com efeitos desinflacion\u00e1rios.<\/em><\/span><\/p>\n<p><span style=\"color: #993300;\"><em>O Comit\u00ea segue acompanhando com aten\u00e7\u00e3o como os desenvolvimentos da pol\u00edtica fiscal impactam a pol\u00edtica monet\u00e1ria e os ativos financeiros. O cen\u00e1rio segue sendo marcado por expectativas desancoradas, proje\u00e7\u00f5es de infla\u00e7\u00e3o elevadas, resili\u00eancia na atividade econ\u00f4mica e press\u00f5es no mercado de trabalho. Para assegurar a converg\u00eancia da infla\u00e7\u00e3o \u00e0 meta em ambiente de expectativas desancoradas, exige-se uma pol\u00edtica monet\u00e1ria em patamar significativamente contracionista por per\u00edodo bastante prolongado.<\/em><\/span><\/p>\n<p><span style=\"color: #993300;\"><em>O Copom decidiu elevar a taxa b\u00e1sica de juros em 0,25 ponto percentual, para 15,00% a.a., e entende que essa decis\u00e3o \u00e9 compat\u00edvel com a estrat\u00e9gia de converg\u00eancia da infla\u00e7\u00e3o para o redor da meta ao longo do horizonte relevante. Sem preju\u00edzo de seu objetivo fundamental de assegurar a estabilidade de pre\u00e7os, essa decis\u00e3o tamb\u00e9m implica suaviza\u00e7\u00e3o das flutua\u00e7\u00f5es do n\u00edvel de atividade econ\u00f4mica e fomento do pleno emprego.<\/em><\/span><\/p>\n<p><span style=\"color: #993300;\"><em>Em se confirmando o cen\u00e1rio esperado, o Comit\u00ea antecipa uma interrup\u00e7\u00e3o no ciclo de alta de juros para examinar os impactos acumulados do ajuste j\u00e1 realizado, ainda por serem observados, e ent\u00e3o avaliar se o n\u00edvel corrente da taxa de juros, considerando a sua manuten\u00e7\u00e3o por per\u00edodo bastante prolongado, \u00e9 suficiente para assegurar a converg\u00eancia da infla\u00e7\u00e3o \u00e0 meta. O Comit\u00ea enfatiza que seguir\u00e1 vigilante, que os passos futuros da pol\u00edtica monet\u00e1ria poder\u00e3o ser ajustados e que n\u00e3o hesitar\u00e1 em prosseguir no ciclo de ajuste caso julgue apropriado.<\/em><\/span><\/p>\n<p><span style=\"color: #993300;\"><em>Votaram por essa decis\u00e3o os seguintes membros do Comit\u00ea: Gabriel Muricca Gal\u00edpolo (presidente), Ailton de Aquino Santos, Diogo Abry Guillen, Gilneu Francisco Astolfi Vivan, Izabela Moreira Correa, Nilton Jos\u00e9 Schneider David, Paulo Picchetti, Renato Dias de Brito Gomes e Rodrigo Alves Teixeira.<\/em><\/span><\/p>\n","protected":false},"excerpt":{"rendered":"<p>Junho, 2025 &#8211; Indicado pelo Presidente #LULA e pelo Ministro da Fazenda, Fernando Haddad, como sendo\u00a0 o anti Campos Neto, ex-presidente do Banco Central do Brasil, que botou os Juros acima de 13,25%, &#8220;o menino malvado&#8221; das finan\u00e7as, Gabriel Galipolo, atual presidente do BANCO CENTRAL INDEPENDENTE (S\u00f3 escuta os Bancos e a Faria Lima)\u00a0 segue [&hellip;]<\/p>\n","protected":false},"author":1,"featured_media":25732,"comment_status":"open","ping_status":"open","sticky":false,"template":"","format":"standard","meta":{"_uag_custom_page_level_css":"","footnotes":""},"categories":[33],"tags":[27601,27600,24729,27602],"class_list":["post-25728","post","type-post","status-publish","format-standard","has-post-thumbnail","hentry","category-mercado","tag-lula-gabriel-galipolo","tag-banco-central-frear-consumo-e-emprego","tag-ministerio-da-fazenda","tag-selic-15"],"blocksy_meta":[],"spectra_blocks_featured_image_url":{"thumbnail":{"url":"https:\/\/construcaocivil.siriusmarketingedesign.com.br\/wp-content\/uploads\/2025\/06\/25a54b4a-69e1-4d58-a942-5071795665b7-150x150.jpeg","width":150,"height":150},"medium":{"url":"https:\/\/construcaocivil.siriusmarketingedesign.com.br\/wp-content\/uploads\/2025\/06\/25a54b4a-69e1-4d58-a942-5071795665b7-300x200.jpeg","width":300,"height":200},"medium_large":{"url":"https:\/\/construcaocivil.siriusmarketingedesign.com.br\/wp-content\/uploads\/2025\/06\/25a54b4a-69e1-4d58-a942-5071795665b7.jpeg","width":768,"height":512},"large":{"url":"https:\/\/construcaocivil.siriusmarketingedesign.com.br\/wp-content\/uploads\/2025\/06\/25a54b4a-69e1-4d58-a942-5071795665b7.jpeg","width":768,"height":512},"full":{"url":"https:\/\/construcaocivil.siriusmarketingedesign.com.br\/wp-content\/uploads\/2025\/06\/25a54b4a-69e1-4d58-a942-5071795665b7.jpeg","width":768,"height":512}},"spectra_blocks_author_info":{"display_name":"Jornal da Constru\u00e7\u00e3o Civil","avatar_url":"https:\/\/secure.gravatar.com\/avatar\/973c9774fd44ddaceb026973c4962faa70fc512bc4c9da68e8ebb40fecee6540?s=96&d=mm&r=g","author_link":"https:\/\/construcaocivil.siriusmarketingedesign.com.br\/?author=1","description":"Desde de 2013, levando muitas informa\u00e7\u00f5es, lan\u00e7amentos e produtos de qualidade para toda cadeia produtiva da constru\u00e7\u00e3o. O Futuro da constru\u00e7\u00e3o passa por aqui,"},"uagb_featured_image_src":{"full":["https:\/\/construcaocivil.siriusmarketingedesign.com.br\/wp-content\/uploads\/2025\/06\/25a54b4a-69e1-4d58-a942-5071795665b7.jpeg",768,512,false],"thumbnail":["https:\/\/construcaocivil.siriusmarketingedesign.com.br\/wp-content\/uploads\/2025\/06\/25a54b4a-69e1-4d58-a942-5071795665b7-150x150.jpeg",150,150,true],"medium":["https:\/\/construcaocivil.siriusmarketingedesign.com.br\/wp-content\/uploads\/2025\/06\/25a54b4a-69e1-4d58-a942-5071795665b7-300x200.jpeg",300,200,true],"medium_large":["https:\/\/construcaocivil.siriusmarketingedesign.com.br\/wp-content\/uploads\/2025\/06\/25a54b4a-69e1-4d58-a942-5071795665b7.jpeg",768,512,false],"large":["https:\/\/construcaocivil.siriusmarketingedesign.com.br\/wp-content\/uploads\/2025\/06\/25a54b4a-69e1-4d58-a942-5071795665b7.jpeg",768,512,false],"1536x1536":["https:\/\/construcaocivil.siriusmarketingedesign.com.br\/wp-content\/uploads\/2025\/06\/25a54b4a-69e1-4d58-a942-5071795665b7.jpeg",768,512,false],"2048x2048":["https:\/\/construcaocivil.siriusmarketingedesign.com.br\/wp-content\/uploads\/2025\/06\/25a54b4a-69e1-4d58-a942-5071795665b7.jpeg",768,512,false]},"uagb_author_info":{"display_name":"Jornal da Constru\u00e7\u00e3o Civil","author_link":"https:\/\/construcaocivil.siriusmarketingedesign.com.br\/?author=1"},"uagb_comment_info":0,"uagb_excerpt":"Junho, 2025 &#8211; Indicado pelo Presidente #LULA e pelo Ministro da Fazenda, Fernando Haddad, como sendo\u00a0 o anti Campos Neto, ex-presidente do Banco Central do Brasil, que botou os Juros acima de 13,25%, &#8220;o menino malvado&#8221; das finan\u00e7as, Gabriel Galipolo, atual presidente do BANCO CENTRAL INDEPENDENTE (S\u00f3 escuta os Bancos e a Faria Lima)\u00a0 segue&hellip;","_links":{"self":[{"href":"https:\/\/construcaocivil.siriusmarketingedesign.com.br\/index.php?rest_route=\/wp\/v2\/posts\/25728","targetHints":{"allow":["GET"]}}],"collection":[{"href":"https:\/\/construcaocivil.siriusmarketingedesign.com.br\/index.php?rest_route=\/wp\/v2\/posts"}],"about":[{"href":"https:\/\/construcaocivil.siriusmarketingedesign.com.br\/index.php?rest_route=\/wp\/v2\/types\/post"}],"author":[{"embeddable":true,"href":"https:\/\/construcaocivil.siriusmarketingedesign.com.br\/index.php?rest_route=\/wp\/v2\/users\/1"}],"replies":[{"embeddable":true,"href":"https:\/\/construcaocivil.siriusmarketingedesign.com.br\/index.php?rest_route=%2Fwp%2Fv2%2Fcomments&post=25728"}],"version-history":[{"count":0,"href":"https:\/\/construcaocivil.siriusmarketingedesign.com.br\/index.php?rest_route=\/wp\/v2\/posts\/25728\/revisions"}],"wp:featuredmedia":[{"embeddable":true,"href":"https:\/\/construcaocivil.siriusmarketingedesign.com.br\/index.php?rest_route=\/wp\/v2\/media\/25732"}],"wp:attachment":[{"href":"https:\/\/construcaocivil.siriusmarketingedesign.com.br\/index.php?rest_route=%2Fwp%2Fv2%2Fmedia&parent=25728"}],"wp:term":[{"taxonomy":"category","embeddable":true,"href":"https:\/\/construcaocivil.siriusmarketingedesign.com.br\/index.php?rest_route=%2Fwp%2Fv2%2Fcategories&post=25728"},{"taxonomy":"post_tag","embeddable":true,"href":"https:\/\/construcaocivil.siriusmarketingedesign.com.br\/index.php?rest_route=%2Fwp%2Fv2%2Ftags&post=25728"}],"curies":[{"name":"wp","href":"https:\/\/api.w.org\/{rel}","templated":true}]}}