{"id":25741,"date":"2025-06-24T10:07:28","date_gmt":"2025-06-24T13:07:28","guid":{"rendered":"https:\/\/www.jornaldaconstrucaocivil.com.br\/?p=25741"},"modified":"2025-06-24T10:07:28","modified_gmt":"2025-06-24T13:07:28","slug":"5-obstaculos-enfrentados-por-pequenos-empreendedores","status":"publish","type":"post","link":"https:\/\/construcaocivil.siriusmarketingedesign.com.br\/?p=25741","title":{"rendered":"5 obst\u00e1culos enfrentados por pequenos empreendedores"},"content":{"rendered":"<p style=\"font-weight: 400; text-align: justify;\"><em>Especialista d\u00e1 dicas para que empres\u00e1rios superem as dificuldades do mercado<\/em><\/p>\n<p style=\"font-weight: 400; text-align: justify;\">\n<p style=\"font-weight: 400; text-align: justify;\"><strong>CURITIBA, 24\/06\/2025<\/strong>\u00a0\u2013 Voc\u00ea tem ou j\u00e1 pensou em ter um empreendimento pr\u00f3prio? De acordo com uma pesquisa divulgada recentemente pelo Instituto Datafolha,\u00a059% dos brasileiros afirmaram trabalhar ou sonhar em trabalhar por conta pr\u00f3pria. Mas voc\u00ea\u00a0sabia que a maioria esmagadora das empesas brasileiras n\u00e3o sobrevivem aos cinco primeiros anos? Em meio a tantas atividades, planilhas, planejamentos e negocia\u00e7\u00f5es, falta tempo para pensar em melhorias ou investimentos e sobram medos e incertezas.<\/p>\n<p style=\"font-weight: 400; text-align: justify;\">\n<p style=\"font-weight: 400; text-align: justify;\">Para ajudar os \u201cempreendedores de primeira viagem\u201d, o especialista em empreendedorismo Ricardo Pydd, professor da startup Kultivi (<a href=\"http:\/\/www.kultivi.com.br\/\" data-saferedirecturl=\"https:\/\/www.google.com\/url?q=http:\/\/www.kultivi.com.br&amp;source=gmail&amp;ust=1750855959395000&amp;usg=AOvVaw2GU14fDc8Pp0dnkkdWlNFM\">www.kultivi.com.br<\/a>), plataforma online de ensino gratuito, preparou uma lista com cinco dificuldades bem comuns encontradas pelos brasileiros na hora de planejar e desenvolver um neg\u00f3cio.<\/p>\n<p style=\"font-weight: 400; text-align: justify;\">\n<p style=\"font-weight: 400; text-align: justify;\"><strong>Gest\u00e3o de pessoas:\u00a0<\/strong>\u00c9 inevit\u00e1vel que \u00e0 medida em que a empresa cresce, o problema com a gest\u00e3o de funcion\u00e1rios tamb\u00e9m cres\u00e7a. \u00c9 preciso ter um bom time, com grandes habilidades, para alcan\u00e7ar bons resultados. Al\u00e9m, claro, de ajustar remunera\u00e7\u00e3o, benef\u00edcios e incentivos. \u201cEm empresas maiores, tamb\u00e9m \u00e9 importante pensar no desenvolvimento de lideran\u00e7as, capacita\u00e7\u00e3o de equipes, reten\u00e7\u00e3o de funcion\u00e1rios e a motiva\u00e7\u00e3o dos colaboradores\u201d, comenta o especialista.<\/p>\n<p style=\"font-weight: 400; text-align: justify;\">\n<p style=\"font-weight: 400; text-align: justify;\"><strong>Gest\u00e3o financeira:\u00a0<\/strong>Esse problema provavelmente \u00e9 o mais \u00f3bvio e recorrente de todos, principalmente quando se trata de microempreendedores, ou novatos no ramo, que n\u00e3o tem muito conhecimento sobre os processos. Assuntos como capital de giro, fluxo de caixa, e planejamento or\u00e7ament\u00e1rio fazem parte do dia a dia de um empreendedor. \u201cTodo empreendedor ter\u00e1 que lidar com o financeiro, tributos e impostos. Ent\u00e3o, al\u00e9m de ser fundamental ter conhecimento de como isso funciona, \u00e9 necess\u00e1rio buscar ajuda de um profissional ou empresa capacitada\u201d, explica Ricardo Pydd.<\/p>\n<p style=\"font-weight: 400; text-align: justify;\">\n<p style=\"font-weight: 400; text-align: justify;\"><strong>Burocracia:\u00a0<\/strong>Assim como a gest\u00e3o financeira, \u00e9 imposs\u00edvel fugir de processos burocr\u00e1ticos, seja ao abrir uma empresa, contratar funcion\u00e1rios, negociar com fornecedores, entre outras atividades. \u201cRegulamenta\u00e7\u00f5es trabalhistas, tributos, processos e contratos s\u00e3o frequentemente alterados por conta de altera\u00e7\u00f5es na legisla\u00e7\u00e3o, e o empres\u00e1rio pode n\u00e3o conseguir acompanhar. Portanto, \u00e9 interessante aprender ou contratar algu\u00e9m de confian\u00e7a para fazer o trabalho\u201d, comenta.<\/p>\n<p style=\"font-weight: 400; text-align: justify;\">\n<p style=\"font-weight: 400; text-align: justify;\"><strong>Inova\u00e7\u00e3o:\u00a0<\/strong>Para acompanhar os h\u00e1bitos de consumo dos clientes, \u00e9 importante atualizar e aprimorar a comunica\u00e7\u00e3o propostas por ferramentas que surgem com grande frequ\u00eancia no mercado. \u201c\u00c9 importante estar atento \u00e0s novidades, desde que adequadas para o seu p\u00fablico e modelo de neg\u00f3cio\u201d, destaca Pydd.<\/p>\n<p style=\"font-weight: 400; text-align: justify;\">\n<p style=\"font-weight: 400; text-align: justify;\"><strong>Obten\u00e7\u00e3o de Cr\u00e9dito:\u00a0<\/strong>\u201cO crescimento de uma empresa depende de investimentos de recursos externos, e muitas vezes \u00e9 dif\u00edcil, principalmente, para o microempreendedor, conseguir cr\u00e9dito em institui\u00e7\u00f5es banc\u00e1rias\u201d, afirma Ricardo Pydd. \u201cFaltam op\u00e7\u00f5es espec\u00edficas para essa modalidade, al\u00e9m da burocracia e linhas de cr\u00e9dito com taxas e prazos que sobrecarregam o capital da empresa\u201d, completa o especialista.<\/p>\n","protected":false},"excerpt":{"rendered":"<p>Especialista d\u00e1 dicas para que empres\u00e1rios superem as dificuldades do mercado CURITIBA, 24\/06\/2025\u00a0\u2013 Voc\u00ea tem ou j\u00e1 pensou em ter um empreendimento pr\u00f3prio? De acordo com uma pesquisa divulgada recentemente pelo Instituto Datafolha,\u00a059% dos brasileiros afirmaram trabalhar ou sonhar em trabalhar por conta pr\u00f3pria. Mas voc\u00ea\u00a0sabia que a maioria esmagadora das empesas brasileiras n\u00e3o sobrevivem [&hellip;]<\/p>\n","protected":false},"author":1,"featured_media":25742,"comment_status":"open","ping_status":"open","sticky":false,"template":"","format":"standard","meta":{"_uag_custom_page_level_css":"","footnotes":""},"categories":[33],"tags":[3269,22803,27607],"class_list":["post-25741","post","type-post","status-publish","format-standard","has-post-thumbnail","hentry","category-mercado","tag-curitiba-pr","tag-juros-altos","tag-pequenos-negocios"],"blocksy_meta":[],"spectra_blocks_featured_image_url":{"thumbnail":{"url":"https:\/\/construcaocivil.siriusmarketingedesign.com.br\/wp-content\/uploads\/2025\/06\/Empreendedorismo_Foto_Tania_Rego-150x150.jpeg","width":150,"height":150},"medium":{"url":"https:\/\/construcaocivil.siriusmarketingedesign.com.br\/wp-content\/uploads\/2025\/06\/Empreendedorismo_Foto_Tania_Rego-300x179.jpeg","width":300,"height":179},"medium_large":{"url":"https:\/\/construcaocivil.siriusmarketingedesign.com.br\/wp-content\/uploads\/2025\/06\/Empreendedorismo_Foto_Tania_Rego-768x459.jpeg","width":768,"height":459},"large":{"url":"https:\/\/construcaocivil.siriusmarketingedesign.com.br\/wp-content\/uploads\/2025\/06\/Empreendedorismo_Foto_Tania_Rego-1024x613.jpeg","width":1024,"height":613},"full":{"url":"https:\/\/construcaocivil.siriusmarketingedesign.com.br\/wp-content\/uploads\/2025\/06\/Empreendedorismo_Foto_Tania_Rego.jpeg","width":1170,"height":700}},"spectra_blocks_author_info":{"display_name":"Jornal da Constru\u00e7\u00e3o Civil","avatar_url":"https:\/\/secure.gravatar.com\/avatar\/973c9774fd44ddaceb026973c4962faa70fc512bc4c9da68e8ebb40fecee6540?s=96&d=mm&r=g","author_link":"https:\/\/construcaocivil.siriusmarketingedesign.com.br\/?author=1","description":"Desde de 2013, levando muitas informa\u00e7\u00f5es, lan\u00e7amentos e produtos de qualidade para toda cadeia produtiva da constru\u00e7\u00e3o. O Futuro da constru\u00e7\u00e3o passa por aqui,"},"uagb_featured_image_src":{"full":["https:\/\/construcaocivil.siriusmarketingedesign.com.br\/wp-content\/uploads\/2025\/06\/Empreendedorismo_Foto_Tania_Rego.jpeg",1170,700,false],"thumbnail":["https:\/\/construcaocivil.siriusmarketingedesign.com.br\/wp-content\/uploads\/2025\/06\/Empreendedorismo_Foto_Tania_Rego-150x150.jpeg",150,150,true],"medium":["https:\/\/construcaocivil.siriusmarketingedesign.com.br\/wp-content\/uploads\/2025\/06\/Empreendedorismo_Foto_Tania_Rego-300x179.jpeg",300,179,true],"medium_large":["https:\/\/construcaocivil.siriusmarketingedesign.com.br\/wp-content\/uploads\/2025\/06\/Empreendedorismo_Foto_Tania_Rego-768x459.jpeg",768,459,true],"large":["https:\/\/construcaocivil.siriusmarketingedesign.com.br\/wp-content\/uploads\/2025\/06\/Empreendedorismo_Foto_Tania_Rego-1024x613.jpeg",1024,613,true],"1536x1536":["https:\/\/construcaocivil.siriusmarketingedesign.com.br\/wp-content\/uploads\/2025\/06\/Empreendedorismo_Foto_Tania_Rego.jpeg",1170,700,false],"2048x2048":["https:\/\/construcaocivil.siriusmarketingedesign.com.br\/wp-content\/uploads\/2025\/06\/Empreendedorismo_Foto_Tania_Rego.jpeg",1170,700,false]},"uagb_author_info":{"display_name":"Jornal da Constru\u00e7\u00e3o Civil","author_link":"https:\/\/construcaocivil.siriusmarketingedesign.com.br\/?author=1"},"uagb_comment_info":0,"uagb_excerpt":"Especialista d\u00e1 dicas para que empres\u00e1rios superem as dificuldades do mercado CURITIBA, 24\/06\/2025\u00a0\u2013 Voc\u00ea tem ou j\u00e1 pensou em ter um empreendimento pr\u00f3prio? De acordo com uma pesquisa divulgada recentemente pelo Instituto Datafolha,\u00a059% dos brasileiros afirmaram trabalhar ou sonhar em trabalhar por conta pr\u00f3pria. Mas voc\u00ea\u00a0sabia que a maioria esmagadora das empesas brasileiras n\u00e3o sobrevivem&hellip;","_links":{"self":[{"href":"https:\/\/construcaocivil.siriusmarketingedesign.com.br\/index.php?rest_route=\/wp\/v2\/posts\/25741","targetHints":{"allow":["GET"]}}],"collection":[{"href":"https:\/\/construcaocivil.siriusmarketingedesign.com.br\/index.php?rest_route=\/wp\/v2\/posts"}],"about":[{"href":"https:\/\/construcaocivil.siriusmarketingedesign.com.br\/index.php?rest_route=\/wp\/v2\/types\/post"}],"author":[{"embeddable":true,"href":"https:\/\/construcaocivil.siriusmarketingedesign.com.br\/index.php?rest_route=\/wp\/v2\/users\/1"}],"replies":[{"embeddable":true,"href":"https:\/\/construcaocivil.siriusmarketingedesign.com.br\/index.php?rest_route=%2Fwp%2Fv2%2Fcomments&post=25741"}],"version-history":[{"count":0,"href":"https:\/\/construcaocivil.siriusmarketingedesign.com.br\/index.php?rest_route=\/wp\/v2\/posts\/25741\/revisions"}],"wp:featuredmedia":[{"embeddable":true,"href":"https:\/\/construcaocivil.siriusmarketingedesign.com.br\/index.php?rest_route=\/wp\/v2\/media\/25742"}],"wp:attachment":[{"href":"https:\/\/construcaocivil.siriusmarketingedesign.com.br\/index.php?rest_route=%2Fwp%2Fv2%2Fmedia&parent=25741"}],"wp:term":[{"taxonomy":"category","embeddable":true,"href":"https:\/\/construcaocivil.siriusmarketingedesign.com.br\/index.php?rest_route=%2Fwp%2Fv2%2Fcategories&post=25741"},{"taxonomy":"post_tag","embeddable":true,"href":"https:\/\/construcaocivil.siriusmarketingedesign.com.br\/index.php?rest_route=%2Fwp%2Fv2%2Ftags&post=25741"}],"curies":[{"name":"wp","href":"https:\/\/api.w.org\/{rel}","templated":true}]}}