{"id":25744,"date":"2025-06-24T10:19:16","date_gmt":"2025-06-24T13:19:16","guid":{"rendered":"https:\/\/www.jornaldaconstrucaocivil.com.br\/?p=25744"},"modified":"2025-06-24T10:19:16","modified_gmt":"2025-06-24T13:19:16","slug":"alta-dos-juros-preocupa-incorporadoras-alerta-abrainc","status":"publish","type":"post","link":"https:\/\/construcaocivil.siriusmarketingedesign.com.br\/?p=25744","title":{"rendered":"Alta dos juros preocupa incorporadoras, alerta ABRAINC"},"content":{"rendered":"<p style=\"text-align: justify;\">Junho, 2025 &#8211; A eleva\u00e7\u00e3o da taxa Selic para 15% ao ano, anunciada pelo Copom na \u00faltima semana, reacendeu o alerta no setor imobili\u00e1rio. O novo patamar representa a maior taxa desde julho de 2006 e marca a s\u00e9tima alta consecutiva, aprofundando os desafios econ\u00f4micos enfrentados pelo pa\u00eds.<\/p>\n<p style=\"text-align: justify;\">Em nota oficial, a ABRAINC lamentou a decis\u00e3o e refor\u00e7ou que o aumento dos juros atua como um inibidor da atividade empresarial, al\u00e9m de representar um entrave ao acesso \u00e0 moradia \u2014 especialmente nas faixas de renda atendidas pelo segmento de interesse social.<\/p>\n<p style=\"text-align: justify;\">\u201cO atual n\u00edvel da Selic intensifica os desafios enfrentados pela economia brasileira\u201d, destacou a entidade, ao alertar para os efeitos da pol\u00edtica monet\u00e1ria sobre o cr\u00e9dito, os investimentos e o custo das d\u00edvidas de fam\u00edlias e empresas. A nota tamb\u00e9m chama aten\u00e7\u00e3o para os reflexos nos \u00edndices de recupera\u00e7\u00e3o judicial: somente no primeiro trimestre de 2025, quase 4.900 empresas solicitaram prote\u00e7\u00e3o judicial, n\u00famero que, segundo a associa\u00e7\u00e3o, reflete diretamente o impacto do endividamento elevado provocado pelos juros altos.<\/p>\n<p style=\"text-align: justify;\">O posicionamento da ABRAINC foi repercutido em ve\u00edculos como Veja e Times Brasil.<\/p>\n<p>&nbsp;<\/p>\n<p>Fonte: Blog ABRAINC<\/p>\n","protected":false},"excerpt":{"rendered":"<p>Junho, 2025 &#8211; A eleva\u00e7\u00e3o da taxa Selic para 15% ao ano, anunciada pelo Copom na \u00faltima semana, reacendeu o alerta no setor imobili\u00e1rio. O novo patamar representa a maior taxa desde julho de 2006 e marca a s\u00e9tima alta consecutiva, aprofundando os desafios econ\u00f4micos enfrentados pelo pa\u00eds. Em nota oficial, a ABRAINC lamentou a [&hellip;]<\/p>\n","protected":false},"author":1,"featured_media":25745,"comment_status":"open","ping_status":"open","sticky":false,"template":"","format":"standard","meta":{"_uag_custom_page_level_css":"","footnotes":""},"categories":[33],"tags":[19531,24580],"class_list":["post-25744","post","type-post","status-publish","format-standard","has-post-thumbnail","hentry","category-mercado","tag-abrainc","tag-taxa-selic-15"],"blocksy_meta":[],"spectra_blocks_featured_image_url":{"thumbnail":{"url":"https:\/\/construcaocivil.siriusmarketingedesign.com.br\/wp-content\/uploads\/2025\/06\/selic-1-150x150.jpg","width":150,"height":150},"medium":{"url":"https:\/\/construcaocivil.siriusmarketingedesign.com.br\/wp-content\/uploads\/2025\/06\/selic-1-300x159.jpg","width":300,"height":159},"medium_large":{"url":"https:\/\/construcaocivil.siriusmarketingedesign.com.br\/wp-content\/uploads\/2025\/06\/selic-1-768x408.jpg","width":768,"height":408},"large":{"url":"https:\/\/construcaocivil.siriusmarketingedesign.com.br\/wp-content\/uploads\/2025\/06\/selic-1-1024x544.jpg","width":1024,"height":544},"full":{"url":"https:\/\/construcaocivil.siriusmarketingedesign.com.br\/wp-content\/uploads\/2025\/06\/selic-1.jpg","width":1280,"height":680}},"spectra_blocks_author_info":{"display_name":"Jornal da Constru\u00e7\u00e3o Civil","avatar_url":"https:\/\/secure.gravatar.com\/avatar\/973c9774fd44ddaceb026973c4962faa70fc512bc4c9da68e8ebb40fecee6540?s=96&d=mm&r=g","author_link":"https:\/\/construcaocivil.siriusmarketingedesign.com.br\/?author=1","description":"Desde de 2013, levando muitas informa\u00e7\u00f5es, lan\u00e7amentos e produtos de qualidade para toda cadeia produtiva da constru\u00e7\u00e3o. O Futuro da constru\u00e7\u00e3o passa por aqui,"},"uagb_featured_image_src":{"full":["https:\/\/construcaocivil.siriusmarketingedesign.com.br\/wp-content\/uploads\/2025\/06\/selic-1.jpg",1280,680,false],"thumbnail":["https:\/\/construcaocivil.siriusmarketingedesign.com.br\/wp-content\/uploads\/2025\/06\/selic-1-150x150.jpg",150,150,true],"medium":["https:\/\/construcaocivil.siriusmarketingedesign.com.br\/wp-content\/uploads\/2025\/06\/selic-1-300x159.jpg",300,159,true],"medium_large":["https:\/\/construcaocivil.siriusmarketingedesign.com.br\/wp-content\/uploads\/2025\/06\/selic-1-768x408.jpg",768,408,true],"large":["https:\/\/construcaocivil.siriusmarketingedesign.com.br\/wp-content\/uploads\/2025\/06\/selic-1-1024x544.jpg",1024,544,true],"1536x1536":["https:\/\/construcaocivil.siriusmarketingedesign.com.br\/wp-content\/uploads\/2025\/06\/selic-1.jpg",1280,680,false],"2048x2048":["https:\/\/construcaocivil.siriusmarketingedesign.com.br\/wp-content\/uploads\/2025\/06\/selic-1.jpg",1280,680,false]},"uagb_author_info":{"display_name":"Jornal da Constru\u00e7\u00e3o Civil","author_link":"https:\/\/construcaocivil.siriusmarketingedesign.com.br\/?author=1"},"uagb_comment_info":0,"uagb_excerpt":"Junho, 2025 &#8211; A eleva\u00e7\u00e3o da taxa Selic para 15% ao ano, anunciada pelo Copom na \u00faltima semana, reacendeu o alerta no setor imobili\u00e1rio. O novo patamar representa a maior taxa desde julho de 2006 e marca a s\u00e9tima alta consecutiva, aprofundando os desafios econ\u00f4micos enfrentados pelo pa\u00eds. Em nota oficial, a ABRAINC lamentou a&hellip;","_links":{"self":[{"href":"https:\/\/construcaocivil.siriusmarketingedesign.com.br\/index.php?rest_route=\/wp\/v2\/posts\/25744","targetHints":{"allow":["GET"]}}],"collection":[{"href":"https:\/\/construcaocivil.siriusmarketingedesign.com.br\/index.php?rest_route=\/wp\/v2\/posts"}],"about":[{"href":"https:\/\/construcaocivil.siriusmarketingedesign.com.br\/index.php?rest_route=\/wp\/v2\/types\/post"}],"author":[{"embeddable":true,"href":"https:\/\/construcaocivil.siriusmarketingedesign.com.br\/index.php?rest_route=\/wp\/v2\/users\/1"}],"replies":[{"embeddable":true,"href":"https:\/\/construcaocivil.siriusmarketingedesign.com.br\/index.php?rest_route=%2Fwp%2Fv2%2Fcomments&post=25744"}],"version-history":[{"count":0,"href":"https:\/\/construcaocivil.siriusmarketingedesign.com.br\/index.php?rest_route=\/wp\/v2\/posts\/25744\/revisions"}],"wp:featuredmedia":[{"embeddable":true,"href":"https:\/\/construcaocivil.siriusmarketingedesign.com.br\/index.php?rest_route=\/wp\/v2\/media\/25745"}],"wp:attachment":[{"href":"https:\/\/construcaocivil.siriusmarketingedesign.com.br\/index.php?rest_route=%2Fwp%2Fv2%2Fmedia&parent=25744"}],"wp:term":[{"taxonomy":"category","embeddable":true,"href":"https:\/\/construcaocivil.siriusmarketingedesign.com.br\/index.php?rest_route=%2Fwp%2Fv2%2Fcategories&post=25744"},{"taxonomy":"post_tag","embeddable":true,"href":"https:\/\/construcaocivil.siriusmarketingedesign.com.br\/index.php?rest_route=%2Fwp%2Fv2%2Ftags&post=25744"}],"curies":[{"name":"wp","href":"https:\/\/api.w.org\/{rel}","templated":true}]}}