{"id":25754,"date":"2025-06-30T00:09:37","date_gmt":"2025-06-30T03:09:37","guid":{"rendered":"https:\/\/www.jornaldaconstrucaocivil.com.br\/?p=25754"},"modified":"2025-06-30T00:09:37","modified_gmt":"2025-06-30T03:09:37","slug":"concurso-bndes-pequena-africa-premia-projetos-urbanisticos-que-valorizam-cultura-afro-brasileira-no-rio","status":"publish","type":"post","link":"https:\/\/construcaocivil.siriusmarketingedesign.com.br\/?p=25754","title":{"rendered":"Concurso BNDES Pequena \u00c1frica premia projetos urban\u00edsticos que valorizam cultura afro-brasileira no Rio"},"content":{"rendered":"<p style=\"text-align: justify;\"><em><strong>Edital selecionou projetos liderados por arquitetos e urbanistas negros com foco em patrim\u00f4nio, cultura e mobilidade urbana<\/strong><\/em><\/p>\n<p style=\"text-align: justify;\"><em>Propostas vencedoras ser\u00e3o analisadas para integrar a estrutura\u00e7\u00e3o do Distrito Cultural Pequena \u00c1frica<\/em><\/p>\n<p style=\"text-align: justify;\">\n<p style=\"text-align: justify;\">Junho, 2025 &#8211; O Banco Nacional de Desenvolvimento Econ\u00f4mico e Social (BNDES) anunciou, na \u00faltima quarta-feira, 25, os tr\u00eas projetos vencedores do <a href=\"https:\/\/concursobndespequenaafrica.com.br\/\">Concurso BNDES Pequena \u00c1frica<\/a>. A iniciativa busca promover a valoriza\u00e7\u00e3o cultural e a requalifica\u00e7\u00e3o urbana da \u00e1rea conhecida como Pequena \u00c1frica, localizada na zona portu\u00e1ria do Rio de Janeiro, por meio da implanta\u00e7\u00e3o de novos equipamentos e da cria\u00e7\u00e3o de uma identidade urbana \u00fanica na cidade.<\/p>\n<p style=\"text-align: justify;\">Lan\u00e7ado em mar\u00e7o, o edital foi direcionado a equipes lideradas por arquitetos e urbanistas negros e recebeu propostas que contemplavam desde solu\u00e7\u00f5es arquitet\u00f4nicas e estrat\u00e9gias de mobilidade at\u00e9 a\u00e7\u00f5es culturais, educativas e de inova\u00e7\u00e3o tecnol\u00f3gica. Os projetos deveriam contribuir para a preserva\u00e7\u00e3o do patrim\u00f4nio, o fortalecimento da economia criativa e a amplia\u00e7\u00e3o do acesso \u00e0 cultura na regi\u00e3o.<\/p>\n<p style=\"text-align: justify;\">O primeiro lugar foi conquistado pelo projeto \u201cPequena \u00c1frica: Mem\u00f3ria Continental\u201d, liderado pela arquiteta americana Sara Zewde, cofundadora do Studio Zewde e professora na Harvard Graduate School of Design. A proposta foi reconhecida pelo j\u00fari por reconectar simbolicamente os la\u00e7os da di\u00e1spora africana com elementos urban\u00edsticos, religiosos e ambientais da regi\u00e3o. A equipe receber\u00e1 um pr\u00eamio de R$ 78 mil.<\/p>\n<p style=\"text-align: justify;\">O segundo colocado, \u201cPequena \u00c1frica: Territ\u00f3rio Akpal\u00f4\u201d, dos arquitetos brasilienses Carlos Henrique Magalh\u00e3es de Lima e J\u00falia Huff Theodoro, prop\u00f5e interven\u00e7\u00f5es dispersas e integradas ao tecido urbano, com base em refer\u00eancias hist\u00f3ricas e culturais locais. O projeto foi premiado com R$ 39 mil.<\/p>\n<p style=\"text-align: justify;\">O terceiro lugar ficou com o projeto \u201cSankofa e a Trama da Pequena \u00c1frica\u201d, desenvolvido pelo arquiteto Clovis Nascimento Junior e o escrit\u00f3rio Patr\u00edcia Akinaga Arquitetura Paisag\u00edstica, Desenho Urbano e Planejamento. O trabalho foca na integra\u00e7\u00e3o dos percursos culturais da regi\u00e3o, especialmente o entorno do Cais do Valongo, e foi premiado com R$ 13 mil.<\/p>\n<p style=\"text-align: justify;\">Al\u00e9m dos pr\u00eamios em dinheiro, que totalizam R$ 130 mil, foram concedidos certificados de reconhecimento e duas men\u00e7\u00f5es honrosas \u00e0s propostas dos arquitetos Bianca Naylor Rezende e Matheus Ribeiro Cunha.<\/p>\n<p style=\"text-align: justify;\">\u201cEste concurso, guiado pela perspectiva de arquitetos e urbanistas negros, prop\u00f5e repensar o territ\u00f3rio valorizando a identidade local e construindo um futuro mais inclusivo. O fortalecimento da Pequena \u00c1frica faz parte de uma estrat\u00e9gia de desenvolvimento urbano e cultural que reconhece a import\u00e2ncia hist\u00f3rica e simb\u00f3lica dessa regi\u00e3o na forma\u00e7\u00e3o do Rio de Janeiro e do Brasil\u201d, afirmou o presidente do BNDES, Aloizio Mercadante.<\/p>\n<p style=\"text-align: justify;\">Uma das vencedoras do concurso, a arquiteta Sara Zewde, destacou o potencial arquitet\u00f4nico do local como s\u00edmbolo da Di\u00e1spora Africana e da hist\u00f3ria da Pequena \u00c1frica que, segundo ela, transcende o Rio de Janeiro e o Brasil. \u201cA arquitetura tem o papel de valorizar e amplificar essa riqueza cultural presente nos arredores do Cais do Valongo e a nossa proposta \u00e9 usar \u00e1gua para reconectar o cais ao mar, criar um padr\u00e3o em formato de tran\u00e7a usando o pavimento e com vegeta\u00e7\u00e3o que vem do continente africano&#8221;, explicou, sobre o seu projeto.<\/p>\n<p style=\"text-align: justify;\"><strong>Valoriza\u00e7\u00e3o do territ\u00f3rio \u2013\u00a0<\/strong>O Concurso BNDES Pequena \u00c1frica integra um esfor\u00e7o mais amplo de estrutura\u00e7\u00e3o do Distrito Cultural Pequena \u00c1frica, voltado \u00e0 recupera\u00e7\u00e3o de espa\u00e7os simb\u00f3licos, est\u00edmulo \u00e0 economia criativa e promo\u00e7\u00e3o do acesso \u00e0 cultura. A iniciativa \u00e9 coordenada pelo Cons\u00f3rcio Valongo Patrim\u00f4nio Vivo, liderado pelo escrit\u00f3rio Jaime Lerner Arquitetos Associados e formado por especialistas das \u00e1reas de urbanismo, finan\u00e7as, direito, museologia, arqueologia e comunica\u00e7\u00e3o.<\/p>\n<p style=\"text-align: justify;\">Localizada na zona portu\u00e1ria do Rio, a regi\u00e3o da Pequena \u00c1frica abrange pontos hist\u00f3ricos como a Pedra do Sal, o Cais do Valongo (Patrim\u00f4nio Mundial pela Unesco), o Jardim Suspenso do Valongo, o Largo da Prainha, o Museu da Hist\u00f3ria e Cultura Afro-Brasileira, o Cemit\u00e9rio dos Pretos Novos e a Casa da Tia Ciata. O projeto visa potencializar esse legado por meio de interven\u00e7\u00f5es urban\u00edsticas, novos equipamentos culturais e a\u00e7\u00f5es de inclus\u00e3o social.<\/p>\n<p style=\"text-align: justify;\">Segundo Valeria Bechara, representante do cons\u00f3rcio respons\u00e1vel pela coordena\u00e7\u00e3o t\u00e9cnica do distrito, o concurso vai al\u00e9m de uma simples oportunidade de apresentar projetos urbanos. \u201c\u00c9 um passo essencial para fortalecer a Pequena \u00c1frica como um espa\u00e7o que une passado, presente e futuro da cultura afro-brasileira. Cada proposta tem o potencial de transformar a regi\u00e3o em um \u2018museu de territ\u00f3rio\u2019, onde a mem\u00f3ria hist\u00f3rica se integra \u00e0 vitalidade do espa\u00e7o urbano\u201d, afirmou.<\/p>\n<p style=\"text-align: justify;\">\u201cOs projetos premiados apresentam densidade no conhecimento do territ\u00f3rio e nas propostas de estrutura\u00e7\u00e3o da \u00e1rea como um todo, com solu\u00e7\u00f5es que podem ser replicadas por toda extens\u00e3o do distrito cultural da Pequena \u00c1frica\u201d, afirmou o assessor da presid\u00eancia e coordenador da Iniciativa Valongo do BNDES, Marcos Motta.<\/p>\n<p style=\"text-align: justify;\"><strong>Sele\u00e7\u00e3o \u2013<\/strong>\u00a0A comiss\u00e3o avaliadora foi composta por cinco especialistas indicados por institui\u00e7\u00f5es parceiras: Humberto Kzure (IAB-RJ), Jos\u00e9 Antonio Mendes (CAU-RJ), Sinara R\u00fabia (Comit\u00ea Gestor do Cais do Valongo), Let\u00edcia von Kr\u00fcger (IPHAN-RJ) e Jaqueline Matta (Prefeitura do Rio de Janeiro). Foram analisadas 13 propostas que atenderam aos crit\u00e9rios do edital. Os tr\u00eas projetos vencedores agora ser\u00e3o examinados pelo cons\u00f3rcio coordenador e, os com maior ader\u00eancia, poder\u00e3o ser incorporadas ao projeto de estrutura\u00e7\u00e3o do Distrito Cultural.<\/p>\n<p>&nbsp;<\/p>\n<p>Fonte: BNDES<\/p>\n<figure class=\"post-image post-image-featured\" style=\"text-align: justify;\">\n<div class=\"image-container\"><\/div>\n<\/figure>\n<figure class=\"post-image post-image-featured\" style=\"text-align: justify;\">\n<div class=\"image-container\"><\/div>\n<\/figure>\n<figure class=\"post-image post-image-featured\" style=\"text-align: justify;\">\n<div class=\"image-container\"><\/div>\n<\/figure>\n<figure class=\"post-image post-image-featured\">\n<div class=\"image-container\" style=\"text-align: justify;\"><\/div>\n<\/figure>\n","protected":false},"excerpt":{"rendered":"<p>Edital selecionou projetos liderados por arquitetos e urbanistas negros com foco em patrim\u00f4nio, cultura e mobilidade urbana Propostas vencedoras ser\u00e3o analisadas para integrar a estrutura\u00e7\u00e3o do Distrito Cultural Pequena \u00c1frica Junho, 2025 &#8211; O Banco Nacional de Desenvolvimento Econ\u00f4mico e Social (BNDES) anunciou, na \u00faltima quarta-feira, 25, os tr\u00eas projetos vencedores do Concurso BNDES Pequena [&hellip;]<\/p>\n","protected":false},"author":1,"featured_media":25755,"comment_status":"open","ping_status":"open","sticky":false,"template":"","format":"standard","meta":{"_uag_custom_page_level_css":"","footnotes":""},"categories":[28],"tags":[27620,27617,2016,27619,27362,27618],"class_list":["post-25754","post","type-post","status-publish","format-standard","has-post-thumbnail","hentry","category-arquitetura","tag-arquitetos-e-urbanistas-negros","tag-bndes-pequena-africa","tag-cau-rj","tag-cultura-afro-brasileira","tag-distrito-cultural-pequena-africa","tag-projetos-urbanisticos-rj"],"blocksy_meta":[],"spectra_blocks_featured_image_url":{"thumbnail":{"url":"https:\/\/construcaocivil.siriusmarketingedesign.com.br\/wp-content\/uploads\/2025\/06\/20250605_pequena_Africa_Sara-150x150.jpeg","width":150,"height":150},"medium":{"url":"https:\/\/construcaocivil.siriusmarketingedesign.com.br\/wp-content\/uploads\/2025\/06\/20250605_pequena_Africa_Sara-300x200.jpeg","width":300,"height":200},"medium_large":{"url":"https:\/\/construcaocivil.siriusmarketingedesign.com.br\/wp-content\/uploads\/2025\/06\/20250605_pequena_Africa_Sara-768x511.jpeg","width":768,"height":511},"large":{"url":"https:\/\/construcaocivil.siriusmarketingedesign.com.br\/wp-content\/uploads\/2025\/06\/20250605_pequena_Africa_Sara-1024x681.jpeg","width":1024,"height":681},"full":{"url":"https:\/\/construcaocivil.siriusmarketingedesign.com.br\/wp-content\/uploads\/2025\/06\/20250605_pequena_Africa_Sara.jpeg","width":1291,"height":859}},"spectra_blocks_author_info":{"display_name":"Jornal da Constru\u00e7\u00e3o Civil","avatar_url":"https:\/\/secure.gravatar.com\/avatar\/973c9774fd44ddaceb026973c4962faa70fc512bc4c9da68e8ebb40fecee6540?s=96&d=mm&r=g","author_link":"https:\/\/construcaocivil.siriusmarketingedesign.com.br\/?author=1","description":"Desde de 2013, levando muitas informa\u00e7\u00f5es, lan\u00e7amentos e produtos de qualidade para toda cadeia produtiva da constru\u00e7\u00e3o. O Futuro da constru\u00e7\u00e3o passa por aqui,"},"uagb_featured_image_src":{"full":["https:\/\/construcaocivil.siriusmarketingedesign.com.br\/wp-content\/uploads\/2025\/06\/20250605_pequena_Africa_Sara.jpeg",1291,859,false],"thumbnail":["https:\/\/construcaocivil.siriusmarketingedesign.com.br\/wp-content\/uploads\/2025\/06\/20250605_pequena_Africa_Sara-150x150.jpeg",150,150,true],"medium":["https:\/\/construcaocivil.siriusmarketingedesign.com.br\/wp-content\/uploads\/2025\/06\/20250605_pequena_Africa_Sara-300x200.jpeg",300,200,true],"medium_large":["https:\/\/construcaocivil.siriusmarketingedesign.com.br\/wp-content\/uploads\/2025\/06\/20250605_pequena_Africa_Sara-768x511.jpeg",768,511,true],"large":["https:\/\/construcaocivil.siriusmarketingedesign.com.br\/wp-content\/uploads\/2025\/06\/20250605_pequena_Africa_Sara-1024x681.jpeg",1024,681,true],"1536x1536":["https:\/\/construcaocivil.siriusmarketingedesign.com.br\/wp-content\/uploads\/2025\/06\/20250605_pequena_Africa_Sara.jpeg",1291,859,false],"2048x2048":["https:\/\/construcaocivil.siriusmarketingedesign.com.br\/wp-content\/uploads\/2025\/06\/20250605_pequena_Africa_Sara.jpeg",1291,859,false]},"uagb_author_info":{"display_name":"Jornal da Constru\u00e7\u00e3o Civil","author_link":"https:\/\/construcaocivil.siriusmarketingedesign.com.br\/?author=1"},"uagb_comment_info":0,"uagb_excerpt":"Edital selecionou projetos liderados por arquitetos e urbanistas negros com foco em patrim\u00f4nio, cultura e mobilidade urbana Propostas vencedoras ser\u00e3o analisadas para integrar a estrutura\u00e7\u00e3o do Distrito Cultural Pequena \u00c1frica Junho, 2025 &#8211; O Banco Nacional de Desenvolvimento Econ\u00f4mico e Social (BNDES) anunciou, na \u00faltima quarta-feira, 25, os tr\u00eas projetos vencedores do Concurso BNDES Pequena&hellip;","_links":{"self":[{"href":"https:\/\/construcaocivil.siriusmarketingedesign.com.br\/index.php?rest_route=\/wp\/v2\/posts\/25754","targetHints":{"allow":["GET"]}}],"collection":[{"href":"https:\/\/construcaocivil.siriusmarketingedesign.com.br\/index.php?rest_route=\/wp\/v2\/posts"}],"about":[{"href":"https:\/\/construcaocivil.siriusmarketingedesign.com.br\/index.php?rest_route=\/wp\/v2\/types\/post"}],"author":[{"embeddable":true,"href":"https:\/\/construcaocivil.siriusmarketingedesign.com.br\/index.php?rest_route=\/wp\/v2\/users\/1"}],"replies":[{"embeddable":true,"href":"https:\/\/construcaocivil.siriusmarketingedesign.com.br\/index.php?rest_route=%2Fwp%2Fv2%2Fcomments&post=25754"}],"version-history":[{"count":0,"href":"https:\/\/construcaocivil.siriusmarketingedesign.com.br\/index.php?rest_route=\/wp\/v2\/posts\/25754\/revisions"}],"wp:featuredmedia":[{"embeddable":true,"href":"https:\/\/construcaocivil.siriusmarketingedesign.com.br\/index.php?rest_route=\/wp\/v2\/media\/25755"}],"wp:attachment":[{"href":"https:\/\/construcaocivil.siriusmarketingedesign.com.br\/index.php?rest_route=%2Fwp%2Fv2%2Fmedia&parent=25754"}],"wp:term":[{"taxonomy":"category","embeddable":true,"href":"https:\/\/construcaocivil.siriusmarketingedesign.com.br\/index.php?rest_route=%2Fwp%2Fv2%2Fcategories&post=25754"},{"taxonomy":"post_tag","embeddable":true,"href":"https:\/\/construcaocivil.siriusmarketingedesign.com.br\/index.php?rest_route=%2Fwp%2Fv2%2Ftags&post=25754"}],"curies":[{"name":"wp","href":"https:\/\/api.w.org\/{rel}","templated":true}]}}