{"id":25757,"date":"2025-06-30T10:59:15","date_gmt":"2025-06-30T13:59:15","guid":{"rendered":"https:\/\/www.jornaldaconstrucaocivil.com.br\/?p=25757"},"modified":"2025-06-30T10:59:15","modified_gmt":"2025-06-30T13:59:15","slug":"trienal-de-arquitetura-de-sharjah-anuncia-tema-para-3a-edicao-arquitetura-diferente-construindo-infraestrutura-civica-para-futuros-coletivos","status":"publish","type":"post","link":"https:\/\/construcaocivil.siriusmarketingedesign.com.br\/?p=25757","title":{"rendered":"Trienal de Arquitetura de Sharjah anuncia tema para 3\u00aa edi\u00e7\u00e3o: Arquitetura Diferente: Construindo Infraestrutura C\u00edvica para Futuros Coletivos"},"content":{"rendered":"<p><em><strong>Com lan\u00e7amento previsto para novembro de 2026, esta itera\u00e7\u00e3o explorar\u00e1 como a arquitetura pode promover novas formas de conex\u00e3o no mundo hiperurbanizado de hoje.<\/strong><\/em><\/p>\n<p>&nbsp;<\/p>\n<p style=\"text-align: justify;\">Junho, 2025 &#8211; A Trienal de Arquitetura de Sharjah tem o prazer de anunciar o tema de sua terceira edi\u00e7\u00e3o (SAT03), Architecture Otherwise: Building Civic Infrastructure for Collective Futures , com abertura em novembro de 2026. Com curadoria de Vyjayanthi Rao e curador associado Tau Tavengwa, a SAT03 examinar\u00e1 a quest\u00e3o urgente de como a arquitetura pode ajudar a moldar a vida coletiva em um mundo marcado por r\u00e1pida transforma\u00e7\u00e3o urbana.<\/p>\n<figure style=\"width: 1200px\" class=\"wp-caption alignnone\"><img loading=\"lazy\" decoding=\"async\" src=\"https:\/\/mcusercontent.com\/c7351a99f8e0a78004adfb799\/images\/54a52aff-d486-f5ae-44a8-ae3cda8892b6.jpg\" alt=\"\" width=\"1200\" height=\"800\" \/><figcaption class=\"wp-caption-text\"><strong>Recrea\u00e7\u00e3o na hora do almo\u00e7o no Horniman Circle Garden, Mumbai. Foto: Rajesh Vora. <\/strong><\/figcaption><\/figure>\n<p style=\"text-align: justify;\">\n<p style=\"text-align: justify;\">Dando continuidade \u00e0 miss\u00e3o da SAT de reformular o discurso arquitet\u00f4nico a partir dos pontos de vista da \u00c1sia Ocidental, do Sul da \u00c1sia e do continente africano, esta edi\u00e7\u00e3o aborda a crescente complexidade e dom\u00ednio da vida urbana, particularmente em regi\u00f5es de r\u00e1pido desenvolvimento. \u00c0 medida que as cidades evoluem para redes de infraestrutura hiperconectadas, elas se tornaram o principal terreno onde for\u00e7as sociais, econ\u00f4micas, pol\u00edticas, tecnol\u00f3gicas e ecol\u00f3gicas colidem, remodelando fundamentalmente como vivemos, nos conectamos e constru\u00edmos juntos. Os ambientes urbanos agora se estendem al\u00e9m dos limites f\u00edsicos das cidades, abrangendo vastas diferen\u00e7as territoriais e culturais, reinos digitais e fluxos migrat\u00f3rios &#8211; e cada mudan\u00e7a repercute nas comunidades com potenciais consequ\u00eancias globais. Nesse contexto, a arquitetura deve resgatar seu papel como for\u00e7a cr\u00edtica e imaginativa, capaz de responder \u00e0s nuances e complexidades de como habitamos o mundo hoje.<\/p>\n<p style=\"text-align: justify;\">\n<p style=\"text-align: justify;\">Expandindo sua abordagem para o SAT03, Vyjayanthi Rao afirmou: &#8221; Esta edi\u00e7\u00e3o adota uma perspectiva multidisciplinar, explorando a arquitetura atrav\u00e9s das lentes da antropologia, com base na localidade dos fen\u00f4menos e do contexto, e permanecendo atenta simultaneamente \u00e0s condi\u00e7\u00f5es globais e \u00e0s diferen\u00e7as culturais. Estamos especialmente interessados \u200b\u200bem explorar o movimento migrat\u00f3rio e a r\u00e1pida expans\u00e3o e localiza\u00e7\u00e3o do urbanismo como blocos de constru\u00e7\u00e3o da vida social contempor\u00e2nea. A edi\u00e7\u00e3o destacar\u00e1 propostas para a constru\u00e7\u00e3o de infraestrutura c\u00edvica acolhedora a esses fluxos, criando novos caminhos para que a vida coletiva prospere em um mundo incerto e em r\u00e1pida muta\u00e7\u00e3o. &#8220;<\/p>\n<p style=\"text-align: justify;\">\n<p style=\"text-align: justify;\">Essa vis\u00e3o curatorial reflete o trabalho de longa data de Rao e Tavengwa: Rao como antrop\u00f3loga e professora na Escola de Arquitetura de Yale, com foco em urbanismo na \u00cdndia e nos EUA; e Tavengwa como escritora e cofundadora do CS Studio, que desenvolve m\u00e9todos experimentais para reformular cidades por meio de lentes plurais e interdisciplinares.<\/p>\n","protected":false},"excerpt":{"rendered":"<p>Com lan\u00e7amento previsto para novembro de 2026, esta itera\u00e7\u00e3o explorar\u00e1 como a arquitetura pode promover novas formas de conex\u00e3o no mundo hiperurbanizado de hoje. &nbsp; Junho, 2025 &#8211; A Trienal de Arquitetura de Sharjah tem o prazer de anunciar o tema de sua terceira edi\u00e7\u00e3o (SAT03), Architecture Otherwise: Building Civic Infrastructure for Collective Futures , [&hellip;]<\/p>\n","protected":false},"author":1,"featured_media":25758,"comment_status":"open","ping_status":"open","sticky":false,"template":"","format":"standard","meta":{"_uag_custom_page_level_css":"","footnotes":""},"categories":[28],"tags":[27623,27622,27625,27624,25764,27621],"class_list":["post-25757","post","type-post","status-publish","format-standard","has-post-thumbnail","hentry","category-arquitetura","tag-building-civic","tag-architecture-otherwise","tag-hiperurbanizado","tag-infrastructure","tag-sharjah","tag-trienal-de-arquitetura-de-sharjah"],"blocksy_meta":[],"spectra_blocks_featured_image_url":{"thumbnail":{"url":"https:\/\/construcaocivil.siriusmarketingedesign.com.br\/wp-content\/uploads\/2025\/06\/244ff6cd-ed87-5f79-5f8b-6a22f5a3700e-150x150.jpg","width":150,"height":150},"medium":{"url":"https:\/\/construcaocivil.siriusmarketingedesign.com.br\/wp-content\/uploads\/2025\/06\/244ff6cd-ed87-5f79-5f8b-6a22f5a3700e-300x225.jpg","width":300,"height":225},"medium_large":{"url":"https:\/\/construcaocivil.siriusmarketingedesign.com.br\/wp-content\/uploads\/2025\/06\/244ff6cd-ed87-5f79-5f8b-6a22f5a3700e-768x576.jpg","width":768,"height":576},"large":{"url":"https:\/\/construcaocivil.siriusmarketingedesign.com.br\/wp-content\/uploads\/2025\/06\/244ff6cd-ed87-5f79-5f8b-6a22f5a3700e-1024x768.jpg","width":1024,"height":768},"full":{"url":"https:\/\/construcaocivil.siriusmarketingedesign.com.br\/wp-content\/uploads\/2025\/06\/244ff6cd-ed87-5f79-5f8b-6a22f5a3700e.jpg","width":1440,"height":1080}},"spectra_blocks_author_info":{"display_name":"Jornal da Constru\u00e7\u00e3o Civil","avatar_url":"https:\/\/secure.gravatar.com\/avatar\/973c9774fd44ddaceb026973c4962faa70fc512bc4c9da68e8ebb40fecee6540?s=96&d=mm&r=g","author_link":"https:\/\/construcaocivil.siriusmarketingedesign.com.br\/?author=1","description":"Desde de 2013, levando muitas informa\u00e7\u00f5es, lan\u00e7amentos e produtos de qualidade para toda cadeia produtiva da constru\u00e7\u00e3o. O Futuro da constru\u00e7\u00e3o passa por aqui,"},"uagb_featured_image_src":{"full":["https:\/\/construcaocivil.siriusmarketingedesign.com.br\/wp-content\/uploads\/2025\/06\/244ff6cd-ed87-5f79-5f8b-6a22f5a3700e.jpg",1440,1080,false],"thumbnail":["https:\/\/construcaocivil.siriusmarketingedesign.com.br\/wp-content\/uploads\/2025\/06\/244ff6cd-ed87-5f79-5f8b-6a22f5a3700e-150x150.jpg",150,150,true],"medium":["https:\/\/construcaocivil.siriusmarketingedesign.com.br\/wp-content\/uploads\/2025\/06\/244ff6cd-ed87-5f79-5f8b-6a22f5a3700e-300x225.jpg",300,225,true],"medium_large":["https:\/\/construcaocivil.siriusmarketingedesign.com.br\/wp-content\/uploads\/2025\/06\/244ff6cd-ed87-5f79-5f8b-6a22f5a3700e-768x576.jpg",768,576,true],"large":["https:\/\/construcaocivil.siriusmarketingedesign.com.br\/wp-content\/uploads\/2025\/06\/244ff6cd-ed87-5f79-5f8b-6a22f5a3700e-1024x768.jpg",1024,768,true],"1536x1536":["https:\/\/construcaocivil.siriusmarketingedesign.com.br\/wp-content\/uploads\/2025\/06\/244ff6cd-ed87-5f79-5f8b-6a22f5a3700e.jpg",1440,1080,false],"2048x2048":["https:\/\/construcaocivil.siriusmarketingedesign.com.br\/wp-content\/uploads\/2025\/06\/244ff6cd-ed87-5f79-5f8b-6a22f5a3700e.jpg",1440,1080,false]},"uagb_author_info":{"display_name":"Jornal da Constru\u00e7\u00e3o Civil","author_link":"https:\/\/construcaocivil.siriusmarketingedesign.com.br\/?author=1"},"uagb_comment_info":0,"uagb_excerpt":"Com lan\u00e7amento previsto para novembro de 2026, esta itera\u00e7\u00e3o explorar\u00e1 como a arquitetura pode promover novas formas de conex\u00e3o no mundo hiperurbanizado de hoje. &nbsp; Junho, 2025 &#8211; A Trienal de Arquitetura de Sharjah tem o prazer de anunciar o tema de sua terceira edi\u00e7\u00e3o (SAT03), Architecture Otherwise: Building Civic Infrastructure for Collective Futures ,&hellip;","_links":{"self":[{"href":"https:\/\/construcaocivil.siriusmarketingedesign.com.br\/index.php?rest_route=\/wp\/v2\/posts\/25757","targetHints":{"allow":["GET"]}}],"collection":[{"href":"https:\/\/construcaocivil.siriusmarketingedesign.com.br\/index.php?rest_route=\/wp\/v2\/posts"}],"about":[{"href":"https:\/\/construcaocivil.siriusmarketingedesign.com.br\/index.php?rest_route=\/wp\/v2\/types\/post"}],"author":[{"embeddable":true,"href":"https:\/\/construcaocivil.siriusmarketingedesign.com.br\/index.php?rest_route=\/wp\/v2\/users\/1"}],"replies":[{"embeddable":true,"href":"https:\/\/construcaocivil.siriusmarketingedesign.com.br\/index.php?rest_route=%2Fwp%2Fv2%2Fcomments&post=25757"}],"version-history":[{"count":0,"href":"https:\/\/construcaocivil.siriusmarketingedesign.com.br\/index.php?rest_route=\/wp\/v2\/posts\/25757\/revisions"}],"wp:featuredmedia":[{"embeddable":true,"href":"https:\/\/construcaocivil.siriusmarketingedesign.com.br\/index.php?rest_route=\/wp\/v2\/media\/25758"}],"wp:attachment":[{"href":"https:\/\/construcaocivil.siriusmarketingedesign.com.br\/index.php?rest_route=%2Fwp%2Fv2%2Fmedia&parent=25757"}],"wp:term":[{"taxonomy":"category","embeddable":true,"href":"https:\/\/construcaocivil.siriusmarketingedesign.com.br\/index.php?rest_route=%2Fwp%2Fv2%2Fcategories&post=25757"},{"taxonomy":"post_tag","embeddable":true,"href":"https:\/\/construcaocivil.siriusmarketingedesign.com.br\/index.php?rest_route=%2Fwp%2Fv2%2Ftags&post=25757"}],"curies":[{"name":"wp","href":"https:\/\/api.w.org\/{rel}","templated":true}]}}