{"id":25775,"date":"2025-07-07T00:06:38","date_gmt":"2025-07-07T03:06:38","guid":{"rendered":"https:\/\/www.jornaldaconstrucaocivil.com.br\/?p=25775"},"modified":"2025-07-07T00:06:38","modified_gmt":"2025-07-07T03:06:38","slug":"abramat-anuncia-paulo-engler-como-novo-presidente-executivo","status":"publish","type":"post","link":"https:\/\/construcaocivil.siriusmarketingedesign.com.br\/?p=25775","title":{"rendered":"ABRAMAT anuncia Paulo Engler como novo Presidente Executivo"},"content":{"rendered":"<p style=\"text-align: justify;\"><strong>Julho de 2025 <\/strong>&#8211; A ABRAMAT (Associa\u00e7\u00e3o Brasileira da Ind\u00fastria de Materiais de Constru\u00e7\u00e3o) anuncia Paulo Engler como seu novo Presidente Executivo, em substitui\u00e7\u00e3o a Rodrigo Navarro. A nomea\u00e7\u00e3o de Engler representa uma nova fase para a entidade, com foco em di\u00e1logo institucional, fortalecimento do setor e inova\u00e7\u00e3o nas rela\u00e7\u00f5es com os diversos p\u00fablicos de interesse.<\/p>\n<p style=\"text-align: justify;\">Advogado com mestrado em Direito Tribut\u00e1rio pela PUC-SP e ampla experi\u00eancia nos setores industrial e jur\u00eddico, Paulo Engler possui uma carreira marcada por forte atua\u00e7\u00e3o em entidades de classe, rela\u00e7\u00f5es governamentais e gest\u00e3o estrat\u00e9gica. Ao longo dos \u00faltimos anos, esteve \u00e0 frente de organiza\u00e7\u00f5es como a ABIPLA (Associa\u00e7\u00e3o Brasileira das Ind\u00fastrias de Produtos de Higiene, Limpeza e Saneantes), o IDQ (Instituto Nacional para o Desenvolvimento da Qu\u00edmica) e a ALIADA (Associa\u00e7\u00e3o Latino-Americana de Ind\u00fastrias de Domissanit\u00e1rios e Artigos Relacionados), consolidando-se como lideran\u00e7a de refer\u00eancia em setores estrat\u00e9gicos da ind\u00fastria nacional e latino-americana.<\/p>\n<p style=\"text-align: justify;\">Na ABRAMAT, Paulo Engler chega com a miss\u00e3o de fortalecer o papel da ind\u00fastria de materiais de constru\u00e7\u00e3o como vetor de desenvolvimento econ\u00f4mico, sustent\u00e1vel e social. Sua experi\u00eancia em rela\u00e7\u00f5es institucionais com os poderes Executivo e Legislativo \u2014 adquirida em empresas como General Motors, Parmalat e entidades como FENABRAVE, ABIPLA e SIPLA \u2014 ser\u00e1 essencial para ampliar a interlocu\u00e7\u00e3o do setor junto ao governo e \u00e0 sociedade.<\/p>\n<p style=\"text-align: justify;\">A ABRAMAT agradece a Rodrigo Navarro por sua dedica\u00e7\u00e3o e pelas conquistas obtidas em sua gest\u00e3o, e d\u00e1 as boas-vindas a Paulo Engler, certo de que sua lideran\u00e7a trar\u00e1 avan\u00e7os relevantes para o setor.<\/p>\n","protected":false},"excerpt":{"rendered":"<p>Julho de 2025 &#8211; A ABRAMAT (Associa\u00e7\u00e3o Brasileira da Ind\u00fastria de Materiais de Constru\u00e7\u00e3o) anuncia Paulo Engler como seu novo Presidente Executivo, em substitui\u00e7\u00e3o a Rodrigo Navarro. A nomea\u00e7\u00e3o de Engler representa uma nova fase para a entidade, com foco em di\u00e1logo institucional, fortalecimento do setor e inova\u00e7\u00e3o nas rela\u00e7\u00f5es com os diversos p\u00fablicos de [&hellip;]<\/p>\n","protected":false},"author":1,"featured_media":25776,"comment_status":"open","ping_status":"open","sticky":false,"template":"","format":"standard","meta":{"_uag_custom_page_level_css":"","footnotes":""},"categories":[33],"tags":[24719,340,7362],"class_list":["post-25775","post","type-post","status-publish","format-standard","has-post-thumbnail","hentry","category-mercado","tag-feicon","tag-abramat","tag-material-de-construcao"],"blocksy_meta":[],"spectra_blocks_featured_image_url":{"thumbnail":{"url":"https:\/\/construcaocivil.siriusmarketingedesign.com.br\/wp-content\/uploads\/2025\/07\/4a27ee09e915a2c2563b1b34a0a78b58_small.jpg","width":120,"height":138},"medium":{"url":"https:\/\/construcaocivil.siriusmarketingedesign.com.br\/wp-content\/uploads\/2025\/07\/4a27ee09e915a2c2563b1b34a0a78b58_small.jpg","width":120,"height":138},"medium_large":{"url":"https:\/\/construcaocivil.siriusmarketingedesign.com.br\/wp-content\/uploads\/2025\/07\/4a27ee09e915a2c2563b1b34a0a78b58_small.jpg","width":120,"height":138},"large":{"url":"https:\/\/construcaocivil.siriusmarketingedesign.com.br\/wp-content\/uploads\/2025\/07\/4a27ee09e915a2c2563b1b34a0a78b58_small.jpg","width":120,"height":138},"full":{"url":"https:\/\/construcaocivil.siriusmarketingedesign.com.br\/wp-content\/uploads\/2025\/07\/4a27ee09e915a2c2563b1b34a0a78b58_small.jpg","width":120,"height":138}},"spectra_blocks_author_info":{"display_name":"Jornal da Constru\u00e7\u00e3o Civil","avatar_url":"https:\/\/secure.gravatar.com\/avatar\/973c9774fd44ddaceb026973c4962faa70fc512bc4c9da68e8ebb40fecee6540?s=96&d=mm&r=g","author_link":"https:\/\/construcaocivil.siriusmarketingedesign.com.br\/?author=1","description":"Desde de 2013, levando muitas informa\u00e7\u00f5es, lan\u00e7amentos e produtos de qualidade para toda cadeia produtiva da constru\u00e7\u00e3o. O Futuro da constru\u00e7\u00e3o passa por aqui,"},"uagb_featured_image_src":{"full":["https:\/\/construcaocivil.siriusmarketingedesign.com.br\/wp-content\/uploads\/2025\/07\/4a27ee09e915a2c2563b1b34a0a78b58_small.jpg",120,138,false],"thumbnail":["https:\/\/construcaocivil.siriusmarketingedesign.com.br\/wp-content\/uploads\/2025\/07\/4a27ee09e915a2c2563b1b34a0a78b58_small.jpg",120,138,false],"medium":["https:\/\/construcaocivil.siriusmarketingedesign.com.br\/wp-content\/uploads\/2025\/07\/4a27ee09e915a2c2563b1b34a0a78b58_small.jpg",120,138,false],"medium_large":["https:\/\/construcaocivil.siriusmarketingedesign.com.br\/wp-content\/uploads\/2025\/07\/4a27ee09e915a2c2563b1b34a0a78b58_small.jpg",120,138,false],"large":["https:\/\/construcaocivil.siriusmarketingedesign.com.br\/wp-content\/uploads\/2025\/07\/4a27ee09e915a2c2563b1b34a0a78b58_small.jpg",120,138,false],"1536x1536":["https:\/\/construcaocivil.siriusmarketingedesign.com.br\/wp-content\/uploads\/2025\/07\/4a27ee09e915a2c2563b1b34a0a78b58_small.jpg",120,138,false],"2048x2048":["https:\/\/construcaocivil.siriusmarketingedesign.com.br\/wp-content\/uploads\/2025\/07\/4a27ee09e915a2c2563b1b34a0a78b58_small.jpg",120,138,false]},"uagb_author_info":{"display_name":"Jornal da Constru\u00e7\u00e3o Civil","author_link":"https:\/\/construcaocivil.siriusmarketingedesign.com.br\/?author=1"},"uagb_comment_info":0,"uagb_excerpt":"Julho de 2025 &#8211; A ABRAMAT (Associa\u00e7\u00e3o Brasileira da Ind\u00fastria de Materiais de Constru\u00e7\u00e3o) anuncia Paulo Engler como seu novo Presidente Executivo, em substitui\u00e7\u00e3o a Rodrigo Navarro. A nomea\u00e7\u00e3o de Engler representa uma nova fase para a entidade, com foco em di\u00e1logo institucional, fortalecimento do setor e inova\u00e7\u00e3o nas rela\u00e7\u00f5es com os diversos p\u00fablicos de&hellip;","_links":{"self":[{"href":"https:\/\/construcaocivil.siriusmarketingedesign.com.br\/index.php?rest_route=\/wp\/v2\/posts\/25775","targetHints":{"allow":["GET"]}}],"collection":[{"href":"https:\/\/construcaocivil.siriusmarketingedesign.com.br\/index.php?rest_route=\/wp\/v2\/posts"}],"about":[{"href":"https:\/\/construcaocivil.siriusmarketingedesign.com.br\/index.php?rest_route=\/wp\/v2\/types\/post"}],"author":[{"embeddable":true,"href":"https:\/\/construcaocivil.siriusmarketingedesign.com.br\/index.php?rest_route=\/wp\/v2\/users\/1"}],"replies":[{"embeddable":true,"href":"https:\/\/construcaocivil.siriusmarketingedesign.com.br\/index.php?rest_route=%2Fwp%2Fv2%2Fcomments&post=25775"}],"version-history":[{"count":0,"href":"https:\/\/construcaocivil.siriusmarketingedesign.com.br\/index.php?rest_route=\/wp\/v2\/posts\/25775\/revisions"}],"wp:featuredmedia":[{"embeddable":true,"href":"https:\/\/construcaocivil.siriusmarketingedesign.com.br\/index.php?rest_route=\/wp\/v2\/media\/25776"}],"wp:attachment":[{"href":"https:\/\/construcaocivil.siriusmarketingedesign.com.br\/index.php?rest_route=%2Fwp%2Fv2%2Fmedia&parent=25775"}],"wp:term":[{"taxonomy":"category","embeddable":true,"href":"https:\/\/construcaocivil.siriusmarketingedesign.com.br\/index.php?rest_route=%2Fwp%2Fv2%2Fcategories&post=25775"},{"taxonomy":"post_tag","embeddable":true,"href":"https:\/\/construcaocivil.siriusmarketingedesign.com.br\/index.php?rest_route=%2Fwp%2Fv2%2Ftags&post=25775"}],"curies":[{"name":"wp","href":"https:\/\/api.w.org\/{rel}","templated":true}]}}