{"id":25781,"date":"2025-07-07T00:36:26","date_gmt":"2025-07-07T03:36:26","guid":{"rendered":"https:\/\/www.jornaldaconstrucaocivil.com.br\/?p=25781"},"modified":"2025-07-07T00:36:26","modified_gmt":"2025-07-07T03:36:26","slug":"disputa-tecnologica-em-jogo-ia-nao-pode-ser-privilegio-de-poucos-nem-instrumento-na-mao-de-milionarios-diz-presidente-lula-na-cupula-do-brics","status":"publish","type":"post","link":"https:\/\/construcaocivil.siriusmarketingedesign.com.br\/?p=25781","title":{"rendered":"Disputa Tecnol\u00f3gica em jogo: IA n\u00e3o pode ser privil\u00e9gio de poucos nem instrumento na m\u00e3o de milion\u00e1rios, diz presidente Lula na C\u00fapula do BRICS"},"content":{"rendered":"<p class=\"documentDescription\" style=\"text-align: justify;\">L\u00edderes assinaram declara\u00e7\u00e3o que traz diretrizes para garantir que o acesso \u00e0 intelig\u00eancia artificial seja justo, equitativo, inclusivo e acess\u00edvel a todos os pa\u00edses, independentemente de seu n\u00edvel de desenvolvimento econ\u00f4mico<\/p>\n<p style=\"text-align: justify;\">Neste \u00faltimo s\u00e1bado, 6\/7, durante a 17\u00aa C\u00fapula do BRICS, os l\u00edderes dos pa\u00edses-membros do grupo assinaram a Declara\u00e7\u00e3o dos L\u00edderes do BRICS sobre Governan\u00e7a Global da Intelig\u00eancia Artificial. Trata-se de um conjunto de diretrizes que visa promover o desenvolvimento, a implanta\u00e7\u00e3o e o uso respons\u00e1vel de tecnologias de IA para o desenvolvimento sustent\u00e1vel e o crescimento inclusivo.<\/p>\n<p style=\"text-align: justify;\">De acordo com o documento, o acesso \u00e0 tecnologia de IA deve ser justo, equitativo, habilitador e inclusivo. Todos os pa\u00edses, independentemente de seu est\u00e1gio de desenvolvimento econ\u00f4mico, t\u00eam o direito de se beneficiar, desenvolver e usar a nova tecnologia.<\/p>\n<p style=\"text-align: justify;\">\u201cAs novas tecnologias devem atuar dentro de um modelo de governan\u00e7a justo, inclusivo e equitativo. O desenvolvimento da IA n\u00e3o pode se tornar privil\u00e9gio de poucos pa\u00edses ou instrumento de manipula\u00e7\u00e3o na m\u00e3o de milion\u00e1rios\u201d, disse o presidente Luiz In\u00e1cio Lula da Silva, em seu discurso de abertura da segunda sess\u00e3o plen\u00e1ria do dia.<\/p>\n<p style=\"text-align: justify;\">\n<p style=\"text-align: justify;\">Com a declara\u00e7\u00e3o, os l\u00edderes reconhecem a\u00a0 intelig\u00eancia artificial como uma oportunidade \u00fanica para impulsionar o desenvolvimento em dire\u00e7\u00e3o a um futuro mais equitativo, promovendo a inova\u00e7\u00e3o, aumentando a produtividade, avan\u00e7ando pr\u00e1ticas sustent\u00e1veis e melhorando a vida das pessoas em todo o planeta de maneira concreta. Ao mesmo tempo, alertam para a necessidade de que a IA mitigue riscos e atenda \u00e0s necessidades de todos os pa\u00edses, em especial os do Sul Global.<\/p>\n<p style=\"text-align: justify;\">\n<p style=\"text-align: justify;\">No documento, os pa\u00edses reconhecem, ainda, que \u201ca governan\u00e7a colaborativa da IA \u00e9 complexa, mas poss\u00edvel\u201d. Em linha com as diretrizes, uma rede de atores relevantes, de pa\u00edses desenvolvidos e em desenvolvimento, deve fornecer contribui\u00e7\u00f5es com seus conhecimentos, perspectivas e recursos \u00fanicos, dentro de suas respectivas fun\u00e7\u00f5es e responsabilidades.<\/p>\n<p style=\"text-align: justify;\">\n<p style=\"text-align: justify;\">Quanto \u00e0 soberania digital, os pa\u00edses defendem o direito de todas as na\u00e7\u00f5es de usufruir dos benef\u00edcios da economia digital e das tecnologias emergentes, em especial a intelig\u00eancia artificial, preservando os direitos fundamentais. Refor\u00e7am, tamb\u00e9m, a import\u00e2ncia de que cada pa\u00eds possa:<\/p>\n<p style=\"text-align: justify;\">\n<p style=\"text-align: justify;\">estabelecer suas pr\u00f3prias estruturas regulat\u00f3rias;<\/p>\n<p style=\"text-align: justify;\">\n<p style=\"text-align: justify;\">desenvolver capacidades em pesquisa em IA;<\/p>\n<p style=\"text-align: justify;\">\n<p style=\"text-align: justify;\">promover autonomia tecnol\u00f3gica e inova\u00e7\u00e3o;<\/p>\n<p style=\"text-align: justify;\">\n<p style=\"text-align: justify;\">proteger dados;<\/p>\n<p style=\"text-align: justify;\">\n<p style=\"text-align: justify;\">e impulsionar sua economia digital.<\/p>\n<p style=\"text-align: justify;\">\n<p style=\"text-align: justify;\">O fortalecimento da infraestrutura, a valoriza\u00e7\u00e3o de talentos locais e a prote\u00e7\u00e3o dos cidad\u00e3os contra os riscos da IA tamb\u00e9m s\u00e3o apontados como prioridades na declara\u00e7\u00e3o.<\/p>\n<p style=\"text-align: justify;\">\n<p style=\"text-align: justify;\">O encontro, que segue at\u00e9 amanh\u00e3, 7\/7, no Museu de Arte Moderna do Rio de Janeiro, prev\u00ea ainda a assinatura da Declara\u00e7\u00e3o-Marco dos L\u00edderes do BRICS sobre Finan\u00e7as Clim\u00e1ticas e o lan\u00e7amento da Parceria do BRICS para a Elimina\u00e7\u00e3o de Doen\u00e7as Socialmente Determinadas.<\/p>\n<p>&nbsp;<\/p>\n<p>Fonte: Boletim BRICS Brasil<\/p>\n<div class=\"document-byline\" style=\"text-align: justify;\"><\/div>\n","protected":false},"excerpt":{"rendered":"<p>L\u00edderes assinaram declara\u00e7\u00e3o que traz diretrizes para garantir que o acesso \u00e0 intelig\u00eancia artificial seja justo, equitativo, inclusivo e acess\u00edvel a todos os pa\u00edses, independentemente de seu n\u00edvel de desenvolvimento econ\u00f4mico Neste \u00faltimo s\u00e1bado, 6\/7, durante a 17\u00aa C\u00fapula do BRICS, os l\u00edderes dos pa\u00edses-membros do grupo assinaram a Declara\u00e7\u00e3o dos L\u00edderes do BRICS sobre [&hellip;]<\/p>\n","protected":false},"author":1,"featured_media":25782,"comment_status":"open","ping_status":"open","sticky":false,"template":"","format":"standard","meta":{"_uag_custom_page_level_css":"","footnotes":""},"categories":[33],"tags":[27639,1597,27640,27638,10375],"class_list":["post-25781","post","type-post","status-publish","format-standard","has-post-thumbnail","hentry","category-mercado","tag-17a-cupula-do-brics","tag-brics","tag-guerra-tecnologica","tag-ia-em-disputa","tag-rio-de-janeiro"],"blocksy_meta":[],"spectra_blocks_featured_image_url":{"thumbnail":{"url":"https:\/\/construcaocivil.siriusmarketingedesign.com.br\/wp-content\/uploads\/2025\/07\/54637104118_ffd1e27ed0_c-150x150.jpg","width":150,"height":150},"medium":{"url":"https:\/\/construcaocivil.siriusmarketingedesign.com.br\/wp-content\/uploads\/2025\/07\/54637104118_ffd1e27ed0_c-300x200.jpg","width":300,"height":200},"medium_large":{"url":"https:\/\/construcaocivil.siriusmarketingedesign.com.br\/wp-content\/uploads\/2025\/07\/54637104118_ffd1e27ed0_c-768x512.jpg","width":768,"height":512},"large":{"url":"https:\/\/construcaocivil.siriusmarketingedesign.com.br\/wp-content\/uploads\/2025\/07\/54637104118_ffd1e27ed0_c.jpg","width":799,"height":533},"full":{"url":"https:\/\/construcaocivil.siriusmarketingedesign.com.br\/wp-content\/uploads\/2025\/07\/54637104118_ffd1e27ed0_c.jpg","width":799,"height":533}},"spectra_blocks_author_info":{"display_name":"Jornal da Constru\u00e7\u00e3o Civil","avatar_url":"https:\/\/secure.gravatar.com\/avatar\/973c9774fd44ddaceb026973c4962faa70fc512bc4c9da68e8ebb40fecee6540?s=96&d=mm&r=g","author_link":"https:\/\/construcaocivil.siriusmarketingedesign.com.br\/?author=1","description":"Desde de 2013, levando muitas informa\u00e7\u00f5es, lan\u00e7amentos e produtos de qualidade para toda cadeia produtiva da constru\u00e7\u00e3o. O Futuro da constru\u00e7\u00e3o passa por aqui,"},"uagb_featured_image_src":{"full":["https:\/\/construcaocivil.siriusmarketingedesign.com.br\/wp-content\/uploads\/2025\/07\/54637104118_ffd1e27ed0_c.jpg",799,533,false],"thumbnail":["https:\/\/construcaocivil.siriusmarketingedesign.com.br\/wp-content\/uploads\/2025\/07\/54637104118_ffd1e27ed0_c-150x150.jpg",150,150,true],"medium":["https:\/\/construcaocivil.siriusmarketingedesign.com.br\/wp-content\/uploads\/2025\/07\/54637104118_ffd1e27ed0_c-300x200.jpg",300,200,true],"medium_large":["https:\/\/construcaocivil.siriusmarketingedesign.com.br\/wp-content\/uploads\/2025\/07\/54637104118_ffd1e27ed0_c-768x512.jpg",768,512,true],"large":["https:\/\/construcaocivil.siriusmarketingedesign.com.br\/wp-content\/uploads\/2025\/07\/54637104118_ffd1e27ed0_c.jpg",799,533,false],"1536x1536":["https:\/\/construcaocivil.siriusmarketingedesign.com.br\/wp-content\/uploads\/2025\/07\/54637104118_ffd1e27ed0_c.jpg",799,533,false],"2048x2048":["https:\/\/construcaocivil.siriusmarketingedesign.com.br\/wp-content\/uploads\/2025\/07\/54637104118_ffd1e27ed0_c.jpg",799,533,false]},"uagb_author_info":{"display_name":"Jornal da Constru\u00e7\u00e3o Civil","author_link":"https:\/\/construcaocivil.siriusmarketingedesign.com.br\/?author=1"},"uagb_comment_info":0,"uagb_excerpt":"L\u00edderes assinaram declara\u00e7\u00e3o que traz diretrizes para garantir que o acesso \u00e0 intelig\u00eancia artificial seja justo, equitativo, inclusivo e acess\u00edvel a todos os pa\u00edses, independentemente de seu n\u00edvel de desenvolvimento econ\u00f4mico Neste \u00faltimo s\u00e1bado, 6\/7, durante a 17\u00aa C\u00fapula do BRICS, os l\u00edderes dos pa\u00edses-membros do grupo assinaram a Declara\u00e7\u00e3o dos L\u00edderes do BRICS sobre&hellip;","_links":{"self":[{"href":"https:\/\/construcaocivil.siriusmarketingedesign.com.br\/index.php?rest_route=\/wp\/v2\/posts\/25781","targetHints":{"allow":["GET"]}}],"collection":[{"href":"https:\/\/construcaocivil.siriusmarketingedesign.com.br\/index.php?rest_route=\/wp\/v2\/posts"}],"about":[{"href":"https:\/\/construcaocivil.siriusmarketingedesign.com.br\/index.php?rest_route=\/wp\/v2\/types\/post"}],"author":[{"embeddable":true,"href":"https:\/\/construcaocivil.siriusmarketingedesign.com.br\/index.php?rest_route=\/wp\/v2\/users\/1"}],"replies":[{"embeddable":true,"href":"https:\/\/construcaocivil.siriusmarketingedesign.com.br\/index.php?rest_route=%2Fwp%2Fv2%2Fcomments&post=25781"}],"version-history":[{"count":0,"href":"https:\/\/construcaocivil.siriusmarketingedesign.com.br\/index.php?rest_route=\/wp\/v2\/posts\/25781\/revisions"}],"wp:featuredmedia":[{"embeddable":true,"href":"https:\/\/construcaocivil.siriusmarketingedesign.com.br\/index.php?rest_route=\/wp\/v2\/media\/25782"}],"wp:attachment":[{"href":"https:\/\/construcaocivil.siriusmarketingedesign.com.br\/index.php?rest_route=%2Fwp%2Fv2%2Fmedia&parent=25781"}],"wp:term":[{"taxonomy":"category","embeddable":true,"href":"https:\/\/construcaocivil.siriusmarketingedesign.com.br\/index.php?rest_route=%2Fwp%2Fv2%2Fcategories&post=25781"},{"taxonomy":"post_tag","embeddable":true,"href":"https:\/\/construcaocivil.siriusmarketingedesign.com.br\/index.php?rest_route=%2Fwp%2Fv2%2Ftags&post=25781"}],"curies":[{"name":"wp","href":"https:\/\/api.w.org\/{rel}","templated":true}]}}