{"id":25803,"date":"2025-07-11T15:50:05","date_gmt":"2025-07-11T18:50:05","guid":{"rendered":"https:\/\/www.jornaldaconstrucaocivil.com.br\/?p=25803"},"modified":"2025-07-11T15:50:05","modified_gmt":"2025-07-11T18:50:05","slug":"predio-andre-reboucas-governo-federal-garante-recursos-para-obras-no-edificio-docas","status":"publish","type":"post","link":"https:\/\/construcaocivil.siriusmarketingedesign.com.br\/?p=25803","title":{"rendered":"Pr\u00e9dio Andr\u00e9 Rebou\u00e7as: Governo Federal garante recursos para obras no edif\u00edcio Docas"},"content":{"rendered":"<p style=\"text-align: justify;\"><em>O pr\u00e9dio fica localizado na regi\u00e3o da Pequena \u00c1frica, no Rio de Janeiro, que tamb\u00e9m abriga o S\u00edtio Arqueol\u00f3gico Cais do Valongo<\/em><\/p>\n<p style=\"text-align: justify;\">O Governo Federal garantiu os investimentos para a reforma do edif\u00edcio Docas Andr\u00e9 Rebou\u00e7as e refor\u00e7a o compromisso com a valoriza\u00e7\u00e3o da cultura de matriz africana. Os recursos s\u00e3o do Fundo de Defesa dos Direitos Difusos (FDD), vinculado ao Minist\u00e9rio da Justi\u00e7a e Seguran\u00e7a Publica, para a execu\u00e7\u00e3o da obra de restaura\u00e7\u00e3o e requalifica\u00e7\u00e3o do edif\u00edcio hist\u00f3rico, localizado na regi\u00e3o da Pequena \u00c1frica, no Rio de Janeiro (RJ).<\/p>\n<p style=\"text-align: justify;\">A articula\u00e7\u00e3o foi realizada pelo Minist\u00e9rio da Cultura, o Instituto do Patrim\u00f4nio Hist\u00f3rico e Art\u00edstico Nacional (Iphan) e a Funda\u00e7\u00e3o Cultural Palmares. O projeto contar\u00e1 com um investimento de R$ 86,2 milh\u00f5es e foi apresentado ao Comit\u00ea Gestor do Cais do Valongo.<\/p>\n<p style=\"text-align: justify;\">A iniciativa, proposta e coordenada pelo Iphan, representa um marco na valoriza\u00e7\u00e3o da mem\u00f3ria e da cultura de matriz africana no Brasil. O antigo edif\u00edcio hist\u00f3rico Docas D. Pedro II, que hoje leva o nome do engenheiro negro Andr\u00e9 Rebou\u00e7as, respons\u00e1vel pelo seu projeto, remonta \u00e0 segunda metade do s\u00e9culo XIX e \u00e9 o \u00fanico remanescente do antigo complexo de docas que modernizou o Porto do Rio de Janeiro. S\u00edmbolo da engenharia nacional e da luta por equidade racial, a constru\u00e7\u00e3o foi realizada sem o uso de m\u00e3o de obra escravizada e carrega significados profundos ligados \u00e0 resist\u00eancia negra. O pr\u00e9dio foi tombado pelo Iphan em 2018 por seu valor hist\u00f3rico e etnogr\u00e1fico.<\/p>\n<p style=\"text-align: justify;\">A requalifica\u00e7\u00e3o do espa\u00e7o visa promover a valoriza\u00e7\u00e3o da cultura afro-brasileira e aproximar o p\u00fablico da hist\u00f3ria e do patrim\u00f4nio arqueol\u00f3gico da regi\u00e3o, que tamb\u00e9m abriga o Cais do Valongo, principal porto de entrada de africanos escravizados no Brasil e nas Am\u00e9ricas. O an\u00fancio deste investimento ocorre na semana em que o reconhecimento do S\u00edtio Arqueol\u00f3gico Cais do Valongo como Patrim\u00f4nio Mundial pela Unesco, em 9 de julho de 2017, completa oito anos. O t\u00edtulo reconhece a inestim\u00e1vel contribui\u00e7\u00e3o dos africanos e de seus descendentes \u00e0 forma\u00e7\u00e3o e ao desenvolvimento cultural, econ\u00f4mico e social do Brasil e das Am\u00e9ricas e valoriza a mem\u00f3ria e a cultura de matriz-africana no continente.<\/p>\n<p style=\"text-align: justify;\">Com cerca de 14 mil metros quadrados, o novo complexo ser\u00e1 um dos maiores da Am\u00e9rica Latina dedicados \u00e0 mem\u00f3ria da popula\u00e7\u00e3o negra, destacando-se pela articula\u00e7\u00e3o entre educa\u00e7\u00e3o, ci\u00eancia, cultura e preserva\u00e7\u00e3o. Entre 2020 e 2024, o Iphan investiu R$ 1,3 milh\u00e3o na elabora\u00e7\u00e3o do Projeto Executivo que ir\u00e1 viabilizar a futura obra. O objetivo \u00e9 preparar o espa\u00e7o para abrigar importantes equipamentos culturais, que ir\u00e3o valorizar a heran\u00e7a africana e impulsionar o desenvolvimento social e cultural da regi\u00e3o.<\/p>\n","protected":false},"excerpt":{"rendered":"<p>O pr\u00e9dio fica localizado na regi\u00e3o da Pequena \u00c1frica, no Rio de Janeiro, que tamb\u00e9m abriga o S\u00edtio Arqueol\u00f3gico Cais do Valongo O Governo Federal garantiu os investimentos para a reforma do edif\u00edcio Docas Andr\u00e9 Rebou\u00e7as e refor\u00e7a o compromisso com a valoriza\u00e7\u00e3o da cultura de matriz africana. Os recursos s\u00e3o do Fundo de Defesa [&hellip;]<\/p>\n","protected":false},"author":1,"featured_media":25804,"comment_status":"open","ping_status":"open","sticky":false,"template":"","format":"standard","meta":{"_uag_custom_page_level_css":"","footnotes":""},"categories":[31],"tags":[27650,6225,24678,27648,14243,27649],"class_list":["post-25803","post","type-post","status-publish","format-standard","has-post-thumbnail","hentry","category-infraestrutura","tag-engenheiro-andre-reboucas","tag-instituto-do-patrimonio-historico-e-artistico-nacional-iphan","tag-minc","tag-mj-sp","tag-porto-maravilha-rj","tag-sitio-arqueologico-cais-do-valongo"],"blocksy_meta":[],"spectra_blocks_featured_image_url":{"thumbnail":{"url":"https:\/\/construcaocivil.siriusmarketingedesign.com.br\/wp-content\/uploads\/2025\/07\/unnamed-2-150x150.jpg","width":150,"height":150},"medium":{"url":"https:\/\/construcaocivil.siriusmarketingedesign.com.br\/wp-content\/uploads\/2025\/07\/unnamed-2-300x130.jpg","width":300,"height":130},"medium_large":{"url":"https:\/\/construcaocivil.siriusmarketingedesign.com.br\/wp-content\/uploads\/2025\/07\/unnamed-2.jpg","width":768,"height":333},"large":{"url":"https:\/\/construcaocivil.siriusmarketingedesign.com.br\/wp-content\/uploads\/2025\/07\/unnamed-2.jpg","width":768,"height":333},"full":{"url":"https:\/\/construcaocivil.siriusmarketingedesign.com.br\/wp-content\/uploads\/2025\/07\/unnamed-2.jpg","width":768,"height":333}},"spectra_blocks_author_info":{"display_name":"Jornal da Constru\u00e7\u00e3o Civil","avatar_url":"https:\/\/secure.gravatar.com\/avatar\/973c9774fd44ddaceb026973c4962faa70fc512bc4c9da68e8ebb40fecee6540?s=96&d=mm&r=g","author_link":"https:\/\/construcaocivil.siriusmarketingedesign.com.br\/?author=1","description":"Desde de 2013, levando muitas informa\u00e7\u00f5es, lan\u00e7amentos e produtos de qualidade para toda cadeia produtiva da constru\u00e7\u00e3o. O Futuro da constru\u00e7\u00e3o passa por aqui,"},"uagb_featured_image_src":{"full":["https:\/\/construcaocivil.siriusmarketingedesign.com.br\/wp-content\/uploads\/2025\/07\/unnamed-2.jpg",768,333,false],"thumbnail":["https:\/\/construcaocivil.siriusmarketingedesign.com.br\/wp-content\/uploads\/2025\/07\/unnamed-2-150x150.jpg",150,150,true],"medium":["https:\/\/construcaocivil.siriusmarketingedesign.com.br\/wp-content\/uploads\/2025\/07\/unnamed-2-300x130.jpg",300,130,true],"medium_large":["https:\/\/construcaocivil.siriusmarketingedesign.com.br\/wp-content\/uploads\/2025\/07\/unnamed-2.jpg",768,333,false],"large":["https:\/\/construcaocivil.siriusmarketingedesign.com.br\/wp-content\/uploads\/2025\/07\/unnamed-2.jpg",768,333,false],"1536x1536":["https:\/\/construcaocivil.siriusmarketingedesign.com.br\/wp-content\/uploads\/2025\/07\/unnamed-2.jpg",768,333,false],"2048x2048":["https:\/\/construcaocivil.siriusmarketingedesign.com.br\/wp-content\/uploads\/2025\/07\/unnamed-2.jpg",768,333,false]},"uagb_author_info":{"display_name":"Jornal da Constru\u00e7\u00e3o Civil","author_link":"https:\/\/construcaocivil.siriusmarketingedesign.com.br\/?author=1"},"uagb_comment_info":0,"uagb_excerpt":"O pr\u00e9dio fica localizado na regi\u00e3o da Pequena \u00c1frica, no Rio de Janeiro, que tamb\u00e9m abriga o S\u00edtio Arqueol\u00f3gico Cais do Valongo O Governo Federal garantiu os investimentos para a reforma do edif\u00edcio Docas Andr\u00e9 Rebou\u00e7as e refor\u00e7a o compromisso com a valoriza\u00e7\u00e3o da cultura de matriz africana. Os recursos s\u00e3o do Fundo de Defesa&hellip;","_links":{"self":[{"href":"https:\/\/construcaocivil.siriusmarketingedesign.com.br\/index.php?rest_route=\/wp\/v2\/posts\/25803","targetHints":{"allow":["GET"]}}],"collection":[{"href":"https:\/\/construcaocivil.siriusmarketingedesign.com.br\/index.php?rest_route=\/wp\/v2\/posts"}],"about":[{"href":"https:\/\/construcaocivil.siriusmarketingedesign.com.br\/index.php?rest_route=\/wp\/v2\/types\/post"}],"author":[{"embeddable":true,"href":"https:\/\/construcaocivil.siriusmarketingedesign.com.br\/index.php?rest_route=\/wp\/v2\/users\/1"}],"replies":[{"embeddable":true,"href":"https:\/\/construcaocivil.siriusmarketingedesign.com.br\/index.php?rest_route=%2Fwp%2Fv2%2Fcomments&post=25803"}],"version-history":[{"count":0,"href":"https:\/\/construcaocivil.siriusmarketingedesign.com.br\/index.php?rest_route=\/wp\/v2\/posts\/25803\/revisions"}],"wp:featuredmedia":[{"embeddable":true,"href":"https:\/\/construcaocivil.siriusmarketingedesign.com.br\/index.php?rest_route=\/wp\/v2\/media\/25804"}],"wp:attachment":[{"href":"https:\/\/construcaocivil.siriusmarketingedesign.com.br\/index.php?rest_route=%2Fwp%2Fv2%2Fmedia&parent=25803"}],"wp:term":[{"taxonomy":"category","embeddable":true,"href":"https:\/\/construcaocivil.siriusmarketingedesign.com.br\/index.php?rest_route=%2Fwp%2Fv2%2Fcategories&post=25803"},{"taxonomy":"post_tag","embeddable":true,"href":"https:\/\/construcaocivil.siriusmarketingedesign.com.br\/index.php?rest_route=%2Fwp%2Fv2%2Ftags&post=25803"}],"curies":[{"name":"wp","href":"https:\/\/api.w.org\/{rel}","templated":true}]}}