{"id":25822,"date":"2025-07-15T14:42:50","date_gmt":"2025-07-15T17:42:50","guid":{"rendered":"https:\/\/www.jornaldaconstrucaocivil.com.br\/?p=25822"},"modified":"2025-07-15T14:42:50","modified_gmt":"2025-07-15T17:42:50","slug":"radar-da-moradia-teto-alcanca-a-marca-de-150-mil-moradias-na-america-latina","status":"publish","type":"post","link":"https:\/\/construcaocivil.siriusmarketingedesign.com.br\/?p=25822","title":{"rendered":"Radar da moradia: TETO alcan\u00e7a a marca de 150 mil moradias na Am\u00e9rica Latina"},"content":{"rendered":"<p id=\"v1release_linhafina\" style=\"text-align: justify;\">No Brasil, a TETO j\u00e1 construiu mais de 5 mil moradias em sete estados brasileiros e no DF.<\/p>\n<div class=\"v1release_texto\">\n<p style=\"text-align: justify;\"><strong>15 de julho de 2025.<\/strong>\u00a0A TETO Brasil, representante nacional da ONG TECHO, presente em 18 pa\u00edses da Am\u00e9rica Latina, constr\u00f3i neste m\u00eas de julho a moradia emergencial de n\u00famero\u00a0<strong>150 mil<\/strong>.A inaugura\u00e7\u00e3o que simboliza essa marca ser\u00e1 realizada na comunidade do Jardim Lapenna, zona leste de S\u00e3o Paulo. O marco pavimenta o caminho para alcan\u00e7ar um ousado objetivo: contribuir para que 1 milh\u00e3o de pessoas latino americanas deixem de viver em \u201ccasas\u201d feitas de lona e com ch\u00e3o de terra batida at\u00e9 2030.<\/p>\n<p style=\"text-align: justify;\">A entrega da moradia 150 mil ocorre ao longo do m\u00eas em todos os pa\u00edses em que a TETO (TECHO) atua. A iniciativa \u00e9 uma forma da organiza\u00e7\u00e3o\u00a0 demonstrar a urg\u00eancia e o impacto positivo da moradia emergencial na vida das fam\u00edlias mais vulnerabilizadas da regi\u00e3o. No Brasil, a ONG j\u00e1 entregou mais de 5 mil\u00a0 moradias, em sete estados brasileiros e no Distrito Federal e pretende dobrar esse n\u00famero at\u00e9 2030.<\/p>\n<p>Al\u00e9m disso, est\u00e1 em curso a primeira constru\u00e7\u00e3o no Rio Grande do Sul \u2013 estado fortemente atingido pela crise clim\u00e1tica, em 2024 e desde junho de 2025 tamb\u00e9m. Al\u00e9m das moradias, tamb\u00e9m foram desenvolvidos, ao longo dos 19 anos de atua\u00e7\u00e3o, mais de 400 projetos de infraestrutura, mobilizando mais de 100 mil pessoas volunt\u00e1rias.<\/p>\n<p style=\"text-align: justify;\">\u201cH\u00e1 quase 20 anos a\u00a0 TETO atua no Brasil porque sonha com um pa\u00eds e uma Am\u00e9rica Latina em que ningu\u00e9m viva mais um dia sequer em uma casa com ch\u00e3o de terra batida, sem portas, banheiros ou janelas. Celebrar a marca de 150 mil moradias emergenciais junto a tantos outros pa\u00edses da regi\u00e3o \u00e9 lembrar que esse sonho \u00e9 poss\u00edvel, casa por casa&#8221;,\u00a0 comenta Layanne Paix\u00e3o, diretora executiva da TETO Brasil. \u201cAo mesmo tempo, sabemos que ainda temos um longo caminho pela frente &#8211; e que a emerg\u00eancia clim\u00e1tica s\u00f3 tornou o cen\u00e1rio ainda mais emergencial. Por isso seguimos empenhados em dobrar o nosso n\u00famero de casas at\u00e9 2030. Alcan\u00e7amos, em dezembro, a marca de 5 mil moradias entregues e agora estamos trabalhando para celebrar a moradia 10 mil daqui 5 anos\u201d, conclui Layanne.<\/p>\n<figure id=\"attachment_25824\" aria-describedby=\"caption-attachment-25824\" style=\"width: 300px\" class=\"wp-caption alignleft\"><img loading=\"lazy\" decoding=\"async\" class=\"size-medium wp-image-25824\" src=\"https:\/\/www.jornaldaconstrucaocivil.com.br\/wp-content\/uploads\/2025\/07\/53398603845-3d240a7f18-o-1-300x200.jpg\" alt=\"\" width=\"300\" height=\"200\" srcset=\"https:\/\/construcaocivil.siriusmarketingedesign.com.br\/wp-content\/uploads\/2025\/07\/53398603845-3d240a7f18-o-1-300x200.jpg 300w, https:\/\/construcaocivil.siriusmarketingedesign.com.br\/wp-content\/uploads\/2025\/07\/53398603845-3d240a7f18-o-1-1024x683.jpg 1024w, https:\/\/construcaocivil.siriusmarketingedesign.com.br\/wp-content\/uploads\/2025\/07\/53398603845-3d240a7f18-o-1-768x512.jpg 768w, https:\/\/construcaocivil.siriusmarketingedesign.com.br\/wp-content\/uploads\/2025\/07\/53398603845-3d240a7f18-o-1-1536x1024.jpg 1536w, https:\/\/construcaocivil.siriusmarketingedesign.com.br\/wp-content\/uploads\/2025\/07\/53398603845-3d240a7f18-o-1-2048x1365.jpg 2048w, https:\/\/construcaocivil.siriusmarketingedesign.com.br\/wp-content\/uploads\/2025\/07\/53398603845-3d240a7f18-o-1-200x133.jpg 200w\" sizes=\"auto, (max-width: 300px) 100vw, 300px\" \/><figcaption id=\"caption-attachment-25824\" class=\"wp-caption-text\">Divulga\u00e7\u00e3o TETO Brasil<\/figcaption><\/figure>\n<p style=\"text-align: justify;\">A TETO (TECHO) executa todas as constru\u00e7\u00f5es da Am\u00e9rica Latina por meio de uma metodologia pr\u00f3pria, que prioriza a a\u00e7\u00e3o volunt\u00e1ria em todas as fases do processo, o trabalho em conjunto com moradoras e moradores e o desenvolvimento de capacidades de gest\u00e3o comunit\u00e1ria, como o trabalho em rede e a auto-organiza\u00e7\u00e3o.\u00a0 Ao longo dos 19 anos da TETO no Brasil, j\u00e1 foram mobilizadas mais de 100 mil pessoas volunt\u00e1rias.<\/p>\n<p style=\"text-align: justify;\">Saiba mais sobre como ser volunt\u00e1rio e apoiar a TETO\u00a0<a href=\"https:\/\/br.techo.org\/\" target=\"_blank\" rel=\"noopener noreferrer\">aqui<\/a>.<\/p>\n<p style=\"text-align: justify;\">\n<p style=\"text-align: justify;\"><strong>Realidade cr\u00edtica no Brasil<\/strong><\/p>\n<p style=\"text-align: justify;\">Segundo dados do Censo 2022, realizado pelo IBGE (Instituto Brasileiro de Geografia e Estat\u00edstica<strong>), 2,5 milh\u00f5es de brasileiros vivem em habita\u00e7\u00f5es prec\u00e1rias<\/strong>. Entre eles,\u00a0<strong>160 mil pessoas vivem em moradias improvisadas<\/strong>, como tendas de lona ou barracos de papel\u00e3o, por exemplo. As moradias prec\u00e1rias s\u00e3o caracterizadas principalmente por suas estruturas fr\u00e1geis e a falta de acesso \u00e0 infraestrutura b\u00e1sica (\u00e1gua, saneamento, energia el\u00e9trica, entre outros). Dados como esses refor\u00e7am a necessidade e a urg\u00eancia de medidas que possibilitem o acesso a lugares seguros e dignos para as fam\u00edlias que s\u00e3o invisibilizadas aos olhos do poder p\u00fablico. Al\u00e9m das casas, o acesso \u00e0 \u00e1gua tratada e sistema de saneamento b\u00e1sico \u00e9 outro problema grave e urgente nesses territ\u00f3rios:\u00a0<strong>49 milh\u00f5es de brasileiros n\u00e3o t\u00eam acesso \u00e0 \u00e1gua tratada ou saneamento b\u00e1sico<\/strong>, o que impacta diretamente a sa\u00fade dessa popula\u00e7\u00e3o e sobrecarrega o sistema de sa\u00fade.<\/p>\n<p style=\"text-align: justify;\">\n<p style=\"text-align: justify;\"><strong>Um marco regional no Brasil, um sonho comum na Am\u00e9rica Latina<\/strong><\/p>\n<p style=\"text-align: justify;\">Nesse contexto, a campanha pelas 150.000 casas constru\u00eddas na Am\u00e9rica Latina e no Caribe nos lembra exatamente isso: um teto n\u00e3o \u00e9 apenas uma estrutura, \u00e9 tudo o que se torna poss\u00edvel quando h\u00e1 um lugar seguro para onde voltar. O marco representa mais de 675.000 pessoas que n\u00e3o dormem mais em um ch\u00e3o de terra batida, gra\u00e7as ao compromisso coletivo de milh\u00f5es de jovens volunt\u00e1rios em 18 pa\u00edses ao longo de 28 anos.<\/p>\n<p style=\"text-align: justify;\">\u201cQuando falamos de 675.000 pessoas que n\u00e3o vivem mais em ch\u00e3o de terra batida, estamos falando de crian\u00e7as que podem fazer suas li\u00e7\u00f5es de casa em lugares secos e iluminados; fam\u00edlias que compartilham e cozinham juntas porque t\u00eam melhor acesso \u00e0 \u00e1gua; m\u00e3es que amamentam sem medo, que passam melhor os ver\u00f5es e os invernos; e comunidades que se re\u00fanem para brincar, pintar, sonhar e viver juntas\u201d, diz Juan Jos\u00e9 Ayerza, Diretor Executivo da TECHO International.<\/p>\n<p style=\"text-align: justify;\">A TETO (TECHO) tem como objetivo fazer com que um milh\u00e3o de pessoas deixem de viver em um ch\u00e3o de terra batida e mobilizar dois milh\u00f5es de volunt\u00e1rios at\u00e9 2030. Para que essa transforma\u00e7\u00e3o seja poss\u00edvel, a organiza\u00e7\u00e3o convida toda a sociedade a se unir e fazer parte da constru\u00e7\u00e3o de uma sociedade mais justa e sem pobreza.<\/p>\n<\/div>\n","protected":false},"excerpt":{"rendered":"<p>No Brasil, a TETO j\u00e1 construiu mais de 5 mil moradias em sete estados brasileiros e no DF. 15 de julho de 2025.\u00a0A TETO Brasil, representante nacional da ONG TECHO, presente em 18 pa\u00edses da Am\u00e9rica Latina, constr\u00f3i neste m\u00eas de julho a moradia emergencial de n\u00famero\u00a0150 mil.A inaugura\u00e7\u00e3o que simboliza essa marca ser\u00e1 realizada [&hellip;]<\/p>\n","protected":false},"author":1,"featured_media":25823,"comment_status":"open","ping_status":"open","sticky":false,"template":"","format":"standard","meta":{"_uag_custom_page_level_css":"","footnotes":""},"categories":[31],"tags":[21150,27657,27658],"class_list":["post-25822","post","type-post","status-publish","format-standard","has-post-thumbnail","hentry","category-infraestrutura","tag-moradia-digna","tag-ong-techo","tag-teto-brasil"],"blocksy_meta":[],"spectra_blocks_featured_image_url":{"thumbnail":{"url":"https:\/\/construcaocivil.siriusmarketingedesign.com.br\/wp-content\/uploads\/2025\/07\/53103337205-79ddd77254-o-150x150.jpg","width":150,"height":150},"medium":{"url":"https:\/\/construcaocivil.siriusmarketingedesign.com.br\/wp-content\/uploads\/2025\/07\/53103337205-79ddd77254-o-300x200.jpg","width":300,"height":200},"medium_large":{"url":"https:\/\/construcaocivil.siriusmarketingedesign.com.br\/wp-content\/uploads\/2025\/07\/53103337205-79ddd77254-o-768x512.jpg","width":768,"height":512},"large":{"url":"https:\/\/construcaocivil.siriusmarketingedesign.com.br\/wp-content\/uploads\/2025\/07\/53103337205-79ddd77254-o-1024x683.jpg","width":1024,"height":683},"full":{"url":"https:\/\/construcaocivil.siriusmarketingedesign.com.br\/wp-content\/uploads\/2025\/07\/53103337205-79ddd77254-o-scaled.jpg","width":2560,"height":1707}},"spectra_blocks_author_info":{"display_name":"Jornal da Constru\u00e7\u00e3o Civil","avatar_url":"https:\/\/secure.gravatar.com\/avatar\/973c9774fd44ddaceb026973c4962faa70fc512bc4c9da68e8ebb40fecee6540?s=96&d=mm&r=g","author_link":"https:\/\/construcaocivil.siriusmarketingedesign.com.br\/?author=1","description":"Desde de 2013, levando muitas informa\u00e7\u00f5es, lan\u00e7amentos e produtos de qualidade para toda cadeia produtiva da constru\u00e7\u00e3o. O Futuro da constru\u00e7\u00e3o passa por aqui,"},"uagb_featured_image_src":{"full":["https:\/\/construcaocivil.siriusmarketingedesign.com.br\/wp-content\/uploads\/2025\/07\/53103337205-79ddd77254-o-scaled.jpg",2560,1707,false],"thumbnail":["https:\/\/construcaocivil.siriusmarketingedesign.com.br\/wp-content\/uploads\/2025\/07\/53103337205-79ddd77254-o-150x150.jpg",150,150,true],"medium":["https:\/\/construcaocivil.siriusmarketingedesign.com.br\/wp-content\/uploads\/2025\/07\/53103337205-79ddd77254-o-300x200.jpg",300,200,true],"medium_large":["https:\/\/construcaocivil.siriusmarketingedesign.com.br\/wp-content\/uploads\/2025\/07\/53103337205-79ddd77254-o-768x512.jpg",768,512,true],"large":["https:\/\/construcaocivil.siriusmarketingedesign.com.br\/wp-content\/uploads\/2025\/07\/53103337205-79ddd77254-o-1024x683.jpg",1024,683,true],"1536x1536":["https:\/\/construcaocivil.siriusmarketingedesign.com.br\/wp-content\/uploads\/2025\/07\/53103337205-79ddd77254-o-1536x1024.jpg",1536,1024,true],"2048x2048":["https:\/\/construcaocivil.siriusmarketingedesign.com.br\/wp-content\/uploads\/2025\/07\/53103337205-79ddd77254-o-2048x1365.jpg",2048,1365,true]},"uagb_author_info":{"display_name":"Jornal da Constru\u00e7\u00e3o Civil","author_link":"https:\/\/construcaocivil.siriusmarketingedesign.com.br\/?author=1"},"uagb_comment_info":0,"uagb_excerpt":"No Brasil, a TETO j\u00e1 construiu mais de 5 mil moradias em sete estados brasileiros e no DF. 15 de julho de 2025.\u00a0A TETO Brasil, representante nacional da ONG TECHO, presente em 18 pa\u00edses da Am\u00e9rica Latina, constr\u00f3i neste m\u00eas de julho a moradia emergencial de n\u00famero\u00a0150 mil.A inaugura\u00e7\u00e3o que simboliza essa marca ser\u00e1 realizada&hellip;","_links":{"self":[{"href":"https:\/\/construcaocivil.siriusmarketingedesign.com.br\/index.php?rest_route=\/wp\/v2\/posts\/25822","targetHints":{"allow":["GET"]}}],"collection":[{"href":"https:\/\/construcaocivil.siriusmarketingedesign.com.br\/index.php?rest_route=\/wp\/v2\/posts"}],"about":[{"href":"https:\/\/construcaocivil.siriusmarketingedesign.com.br\/index.php?rest_route=\/wp\/v2\/types\/post"}],"author":[{"embeddable":true,"href":"https:\/\/construcaocivil.siriusmarketingedesign.com.br\/index.php?rest_route=\/wp\/v2\/users\/1"}],"replies":[{"embeddable":true,"href":"https:\/\/construcaocivil.siriusmarketingedesign.com.br\/index.php?rest_route=%2Fwp%2Fv2%2Fcomments&post=25822"}],"version-history":[{"count":0,"href":"https:\/\/construcaocivil.siriusmarketingedesign.com.br\/index.php?rest_route=\/wp\/v2\/posts\/25822\/revisions"}],"wp:featuredmedia":[{"embeddable":true,"href":"https:\/\/construcaocivil.siriusmarketingedesign.com.br\/index.php?rest_route=\/wp\/v2\/media\/25823"}],"wp:attachment":[{"href":"https:\/\/construcaocivil.siriusmarketingedesign.com.br\/index.php?rest_route=%2Fwp%2Fv2%2Fmedia&parent=25822"}],"wp:term":[{"taxonomy":"category","embeddable":true,"href":"https:\/\/construcaocivil.siriusmarketingedesign.com.br\/index.php?rest_route=%2Fwp%2Fv2%2Fcategories&post=25822"},{"taxonomy":"post_tag","embeddable":true,"href":"https:\/\/construcaocivil.siriusmarketingedesign.com.br\/index.php?rest_route=%2Fwp%2Fv2%2Ftags&post=25822"}],"curies":[{"name":"wp","href":"https:\/\/api.w.org\/{rel}","templated":true}]}}