{"id":25841,"date":"2025-07-21T00:13:53","date_gmt":"2025-07-21T03:13:53","guid":{"rendered":"https:\/\/www.jornaldaconstrucaocivil.com.br\/?p=25841"},"modified":"2025-07-21T00:13:53","modified_gmt":"2025-07-21T03:13:53","slug":"de-olho-nas-cidades-obras-na-avenida-22-de-maio-avancam-com-concretagem-de-laje-elevada-e-construcao-de-nova-ponte-em-itaborai","status":"publish","type":"post","link":"https:\/\/construcaocivil.siriusmarketingedesign.com.br\/?p=25841","title":{"rendered":"De olho nas cidades: Obras na Avenida 22 de Maio avan\u00e7am com concretagem de laje elevada e constru\u00e7\u00e3o de nova ponte em Itabora\u00ed"},"content":{"rendered":"<div style=\"text-align: justify;\">Julho, 2025 &#8211; As obras de reurbaniza\u00e7\u00e3o da Avenida 22 de Maio, a principal via de Itabora\u00ed, seguem em ritmo acelerado e alcan\u00e7aram mais um marco importante nesta semana. A Prefeitura de Itabora\u00ed, em parceria com o Governo do Estado do Rio de Janeiro, iniciou a fase de concretagem da laje elevada no trecho do bairro Rio V\u00e1rzea, onde tamb\u00e9m avan\u00e7a a constru\u00e7\u00e3o de uma nova ponte sobre o rio que corta a regi\u00e3o.<\/p>\n<p>Com aproximadamente 27 metros de largura por 70 metros de comprimento, a estrutura da laje conta com mais de mil metros c\u00fabicos de concreto, al\u00e9m de arcos de ferro que somam cerca de 200 toneladas, refor\u00e7ando a seguran\u00e7a e durabilidade da obra. A laje ir\u00e1 interligar ruas paralelas \u00e0 avenida principal, criando uma base s\u00f3lida para futuras \u00e1reas de lazer, circula\u00e7\u00e3o urbana e conviv\u00eancia comunit\u00e1ria.<\/p>\n<p>A etapa atual representa um dos pontos mais complexos da interven\u00e7\u00e3o, exigindo engenharia de precis\u00e3o e apoio t\u00e9cnico intensivo. O laj\u00e3o funcionar\u00e1 como um pavimento elevado, integrando diferentes \u00e1reas da cidade e promovendo nova din\u00e2mica urbana para a regi\u00e3o.<\/p>\n<p>Outro destaque da obra \u00e9 a constru\u00e7\u00e3o de uma nova ponte, com aproximadamente 10 metros de largura e 60 metros de extens\u00e3o, que substituir\u00e1 as antigas galerias cont\u00ednuas que se encontravam estruturalmente comprometidas. Segundo a Prefeitura, a substitui\u00e7\u00e3o foi definida ap\u00f3s an\u00e1lise t\u00e9cnica e jur\u00eddica, visando ampliar o escoamento das \u00e1guas e garantir maior seguran\u00e7a vi\u00e1ria para motoristas e pedestres.<\/p>\n<p>A nova ponte \u00e9 parte de um conjunto de interven\u00e7\u00f5es que n\u00e3o apenas modernizam a infraestrutura da cidade, como tamb\u00e9m resolvem problemas hist\u00f3ricos relacionados a alagamentos e instabilidade estrutural da via.<\/p>\n<p>As obras da Avenida 22 de Maio tiveram in\u00edcio em mar\u00e7o de 2023 e j\u00e1 atingiram mais de 51% de execu\u00e7\u00e3o. Com investimento superior a R$ 200 milh\u00f5es, oriundos do Termo de Coopera\u00e7\u00e3o T\u00e9cnica firmado com o Governo do Estado, a transforma\u00e7\u00e3o da avenida \u00e9 considerada uma das maiores da hist\u00f3ria de Itabora\u00ed.<\/p>\n<p>A nova Avenida 22 de Maio contar\u00e1 com seis pistas de rolamento, ciclovia central, paisagismo moderno, ecopontos tecnol\u00f3gicos e \u00e1reas de lazer, reposicionando a via como eixo de integra\u00e7\u00e3o e mobilidade urbana em toda a regi\u00e3o.<\/p>\n<p>O prefeito de Itabora\u00ed, Marcelo Delaroli, refor\u00e7ou a import\u00e2ncia da obra e destacou o impacto positivo para a popula\u00e7\u00e3o.<\/p>\n<p>\u201cEssa \u00e9 uma das maiores obras de reurbaniza\u00e7\u00e3o da nossa hist\u00f3ria. Estamos construindo um novo tempo para Itabora\u00ed, com mais mobilidade, mais qualidade de vida e mais dignidade para a nossa popula\u00e7\u00e3o. Agrade\u00e7o ao Governo do Estado pelo cuidado de sempre com a nossa cidade e pelo apoio essencial para que esse sonho esteja se tornando realidade\u201d, afirmou o prefeito.<\/p>\n<p>A Prefeitura segue acompanhando de perto cada etapa da obra e refor\u00e7a que todas as a\u00e7\u00f5es s\u00e3o pensadas com foco na seguran\u00e7a, no bem-estar e na melhoria da qualidade de vida dos itaboraienses.<\/p><\/div>\n<div style=\"text-align: justify;\"><\/div>\n","protected":false},"excerpt":{"rendered":"<p>Julho, 2025 &#8211; As obras de reurbaniza\u00e7\u00e3o da Avenida 22 de Maio, a principal via de Itabora\u00ed, seguem em ritmo acelerado e alcan\u00e7aram mais um marco importante nesta semana. A Prefeitura de Itabora\u00ed, em parceria com o Governo do Estado do Rio de Janeiro, iniciou a fase de concretagem da laje elevada no trecho do [&hellip;]<\/p>\n","protected":false},"author":1,"featured_media":25842,"comment_status":"open","ping_status":"open","sticky":false,"template":"","format":"standard","meta":{"_uag_custom_page_level_css":"","footnotes":""},"categories":[31],"tags":[22460,27663,27664,10098],"class_list":["post-25841","post","type-post","status-publish","format-standard","has-post-thumbnail","hentry","category-infraestrutura","tag-gov-rj","tag-obras-itaborai","tag-obras-de-reurbanizacao","tag-regiao-metropolitana-de-bh"],"blocksy_meta":[],"spectra_blocks_featured_image_url":{"thumbnail":{"url":"https:\/\/construcaocivil.siriusmarketingedesign.com.br\/wp-content\/uploads\/2025\/07\/Obras-na-Avenida-22-de-Maio-avancam-com-concretagem-de-laje-elevada-e-construcao-de-nova-ponte-em-Itaborai-2-150x150.jpeg","width":150,"height":150},"medium":{"url":"https:\/\/construcaocivil.siriusmarketingedesign.com.br\/wp-content\/uploads\/2025\/07\/Obras-na-Avenida-22-de-Maio-avancam-com-concretagem-de-laje-elevada-e-construcao-de-nova-ponte-em-Itaborai-2-300x200.jpeg","width":300,"height":200},"medium_large":{"url":"https:\/\/construcaocivil.siriusmarketingedesign.com.br\/wp-content\/uploads\/2025\/07\/Obras-na-Avenida-22-de-Maio-avancam-com-concretagem-de-laje-elevada-e-construcao-de-nova-ponte-em-Itaborai-2-768x512.jpeg","width":768,"height":512},"large":{"url":"https:\/\/construcaocivil.siriusmarketingedesign.com.br\/wp-content\/uploads\/2025\/07\/Obras-na-Avenida-22-de-Maio-avancam-com-concretagem-de-laje-elevada-e-construcao-de-nova-ponte-em-Itaborai-2-1024x682.jpeg","width":1024,"height":682},"full":{"url":"https:\/\/construcaocivil.siriusmarketingedesign.com.br\/wp-content\/uploads\/2025\/07\/Obras-na-Avenida-22-de-Maio-avancam-com-concretagem-de-laje-elevada-e-construcao-de-nova-ponte-em-Itaborai-2.jpeg","width":1600,"height":1066}},"spectra_blocks_author_info":{"display_name":"Jornal da Constru\u00e7\u00e3o Civil","avatar_url":"https:\/\/secure.gravatar.com\/avatar\/973c9774fd44ddaceb026973c4962faa70fc512bc4c9da68e8ebb40fecee6540?s=96&d=mm&r=g","author_link":"https:\/\/construcaocivil.siriusmarketingedesign.com.br\/?author=1","description":"Desde de 2013, levando muitas informa\u00e7\u00f5es, lan\u00e7amentos e produtos de qualidade para toda cadeia produtiva da constru\u00e7\u00e3o. O Futuro da constru\u00e7\u00e3o passa por aqui,"},"uagb_featured_image_src":{"full":["https:\/\/construcaocivil.siriusmarketingedesign.com.br\/wp-content\/uploads\/2025\/07\/Obras-na-Avenida-22-de-Maio-avancam-com-concretagem-de-laje-elevada-e-construcao-de-nova-ponte-em-Itaborai-2.jpeg",1600,1066,false],"thumbnail":["https:\/\/construcaocivil.siriusmarketingedesign.com.br\/wp-content\/uploads\/2025\/07\/Obras-na-Avenida-22-de-Maio-avancam-com-concretagem-de-laje-elevada-e-construcao-de-nova-ponte-em-Itaborai-2-150x150.jpeg",150,150,true],"medium":["https:\/\/construcaocivil.siriusmarketingedesign.com.br\/wp-content\/uploads\/2025\/07\/Obras-na-Avenida-22-de-Maio-avancam-com-concretagem-de-laje-elevada-e-construcao-de-nova-ponte-em-Itaborai-2-300x200.jpeg",300,200,true],"medium_large":["https:\/\/construcaocivil.siriusmarketingedesign.com.br\/wp-content\/uploads\/2025\/07\/Obras-na-Avenida-22-de-Maio-avancam-com-concretagem-de-laje-elevada-e-construcao-de-nova-ponte-em-Itaborai-2-768x512.jpeg",768,512,true],"large":["https:\/\/construcaocivil.siriusmarketingedesign.com.br\/wp-content\/uploads\/2025\/07\/Obras-na-Avenida-22-de-Maio-avancam-com-concretagem-de-laje-elevada-e-construcao-de-nova-ponte-em-Itaborai-2-1024x682.jpeg",1024,682,true],"1536x1536":["https:\/\/construcaocivil.siriusmarketingedesign.com.br\/wp-content\/uploads\/2025\/07\/Obras-na-Avenida-22-de-Maio-avancam-com-concretagem-de-laje-elevada-e-construcao-de-nova-ponte-em-Itaborai-2-1536x1023.jpeg",1536,1023,true],"2048x2048":["https:\/\/construcaocivil.siriusmarketingedesign.com.br\/wp-content\/uploads\/2025\/07\/Obras-na-Avenida-22-de-Maio-avancam-com-concretagem-de-laje-elevada-e-construcao-de-nova-ponte-em-Itaborai-2.jpeg",1600,1066,false]},"uagb_author_info":{"display_name":"Jornal da Constru\u00e7\u00e3o Civil","author_link":"https:\/\/construcaocivil.siriusmarketingedesign.com.br\/?author=1"},"uagb_comment_info":0,"uagb_excerpt":"Julho, 2025 &#8211; As obras de reurbaniza\u00e7\u00e3o da Avenida 22 de Maio, a principal via de Itabora\u00ed, seguem em ritmo acelerado e alcan\u00e7aram mais um marco importante nesta semana. A Prefeitura de Itabora\u00ed, em parceria com o Governo do Estado do Rio de Janeiro, iniciou a fase de concretagem da laje elevada no trecho do&hellip;","_links":{"self":[{"href":"https:\/\/construcaocivil.siriusmarketingedesign.com.br\/index.php?rest_route=\/wp\/v2\/posts\/25841","targetHints":{"allow":["GET"]}}],"collection":[{"href":"https:\/\/construcaocivil.siriusmarketingedesign.com.br\/index.php?rest_route=\/wp\/v2\/posts"}],"about":[{"href":"https:\/\/construcaocivil.siriusmarketingedesign.com.br\/index.php?rest_route=\/wp\/v2\/types\/post"}],"author":[{"embeddable":true,"href":"https:\/\/construcaocivil.siriusmarketingedesign.com.br\/index.php?rest_route=\/wp\/v2\/users\/1"}],"replies":[{"embeddable":true,"href":"https:\/\/construcaocivil.siriusmarketingedesign.com.br\/index.php?rest_route=%2Fwp%2Fv2%2Fcomments&post=25841"}],"version-history":[{"count":0,"href":"https:\/\/construcaocivil.siriusmarketingedesign.com.br\/index.php?rest_route=\/wp\/v2\/posts\/25841\/revisions"}],"wp:featuredmedia":[{"embeddable":true,"href":"https:\/\/construcaocivil.siriusmarketingedesign.com.br\/index.php?rest_route=\/wp\/v2\/media\/25842"}],"wp:attachment":[{"href":"https:\/\/construcaocivil.siriusmarketingedesign.com.br\/index.php?rest_route=%2Fwp%2Fv2%2Fmedia&parent=25841"}],"wp:term":[{"taxonomy":"category","embeddable":true,"href":"https:\/\/construcaocivil.siriusmarketingedesign.com.br\/index.php?rest_route=%2Fwp%2Fv2%2Fcategories&post=25841"},{"taxonomy":"post_tag","embeddable":true,"href":"https:\/\/construcaocivil.siriusmarketingedesign.com.br\/index.php?rest_route=%2Fwp%2Fv2%2Ftags&post=25841"}],"curies":[{"name":"wp","href":"https:\/\/api.w.org\/{rel}","templated":true}]}}