{"id":25847,"date":"2025-07-22T13:37:45","date_gmt":"2025-07-22T16:37:45","guid":{"rendered":"https:\/\/www.jornaldaconstrucaocivil.com.br\/?p=25847"},"modified":"2025-07-22T13:37:45","modified_gmt":"2025-07-22T16:37:45","slug":"congresso-ignora-sociedade-e-clima-com-pl-da-devastacao","status":"publish","type":"post","link":"https:\/\/construcaocivil.siriusmarketingedesign.com.br\/?p=25847","title":{"rendered":"Congresso ignora sociedade e clima com PL da Devasta\u00e7\u00e3o"},"content":{"rendered":"<p style=\"text-align: justify;\">\n<div style=\"text-align: justify;\">\n<p><em><strong>Os parlamentares n\u00e3o poder\u00e3o dizer que estavam desavisados. A Corte IDH divulgou um parecer consultivo hist\u00f3rico sobre a rela\u00e7\u00e3o entre emerg\u00eancias clim\u00e1ticas e prote\u00e7\u00e3o dos direitos humanos<\/strong><\/em><\/p>\n<\/div>\n<p style=\"text-align: justify;\"><em><span style=\"color: #993300;\">Por Juliana de Paula Batista \u2014 advogada socioambientalista e Vercilene Francisco Dias, coordenadora do Departamento Jur\u00eddico da Coordena\u00e7\u00e3o Nacional de Articula\u00e7\u00e3o de Quilombos (Conaq)<\/span><\/em><\/p>\n<p style=\"text-align: justify;\"><span style=\"color: #0000ff;\">Julho<\/span>, 2025 &#8211; A Corte Interamericana de Direitos Humanos (Corte IDH) divulgou, no come\u00e7o de julho, um parecer consultivo hist\u00f3rico sobre a rela\u00e7\u00e3o entre emerg\u00eancias clim\u00e1ticas e prote\u00e7\u00e3o dos direitos humanos. O documento vincula os pa\u00edses que se submeteram \u00e0 jurisdi\u00e7\u00e3o da Corte IDH, caso do Brasil, a adequarem suas leis, pol\u00edticas p\u00fablicas e a\u00e7\u00f5es aos par\u00e2metros mais eficazes para a prote\u00e7\u00e3o dos direitos tratados no parecer. &#8220;Os Estados t\u00eam a obriga\u00e7\u00e3o de agir (&#8230;) para combater as causas humanas das altera\u00e7\u00f5es clim\u00e1ticas e proteger as pessoas sob a sua jurisdi\u00e7\u00e3o dos impactos clim\u00e1ticos, em particular aquelas que se encontram em situa\u00e7\u00e3o de maior vulnerabilidade&#8221;, diz o parecer.<\/p>\n<p style=\"text-align: justify;\">A boa-nova, no entanto, encontra um clima pouco amig\u00e1vel no Brasil com a aprova\u00e7\u00e3o, na madrugada de 17 de julho, do PL 2.159\/2021, ou o PL da Devasta\u00e7\u00e3o, na C\u00e2mara dos Deputados. O projeto, que agora segue para san\u00e7\u00e3o ou veto do presidente da Rep\u00fablica, desmonta, de modo preocupante, as regras para o licenciamento ambiental de obras e atividades, alterando o arcabou\u00e7o vigente desde a redemocratiza\u00e7\u00e3o.<\/p>\n<p style=\"text-align: justify;\">Se for mantido, permitir\u00e1 que empreendimentos altamente impactantes sejam licenciados a toque de caixa. Terras ind\u00edgenas e quilombolas, por exemplo, s\u00f3 ser\u00e3o consideradas se j\u00e1 estiverem nas fases finais de um longo e complexo processo de regulariza\u00e7\u00e3o fundi\u00e1ria, o que pode demorar mais de 30 anos. As terras que est\u00e3o nas fases iniciais do processo de demarca\u00e7\u00e3o ou titula\u00e7\u00e3o poder\u00e3o ser solenemente ignoradas, e grandes empreendimentos nelas instalados. Os impactos n\u00e3o ser\u00e3o estudados, tampouco prevenidos, mitigados ou compensados. O que restar\u00e1 ser\u00e3o danos irrepar\u00e1veis.<\/p>\n","protected":false},"excerpt":{"rendered":"<p>Os parlamentares n\u00e3o poder\u00e3o dizer que estavam desavisados. A Corte IDH divulgou um parecer consultivo hist\u00f3rico sobre a rela\u00e7\u00e3o entre emerg\u00eancias clim\u00e1ticas e prote\u00e7\u00e3o dos direitos humanos Por Juliana de Paula Batista \u2014 advogada socioambientalista e Vercilene Francisco Dias, coordenadora do Departamento Jur\u00eddico da Coordena\u00e7\u00e3o Nacional de Articula\u00e7\u00e3o de Quilombos (Conaq) Julho, 2025 &#8211; A [&hellip;]<\/p>\n","protected":false},"author":1,"featured_media":25848,"comment_status":"open","ping_status":"open","sticky":false,"template":"","format":"standard","meta":{"_uag_custom_page_level_css":"","footnotes":""},"categories":[27],"tags":[1569,20118,27667,2758,27668,10152,16813],"class_list":["post-25847","post","type-post","status-publish","format-standard","has-post-thumbnail","hentry","category-acontece","tag-brasilia","tag-camara-dos-deputado","tag-conaq","tag-congresso-nacional","tag-pl-da-devastacao","tag-regularizacao-fundiaria","tag-terras-quilombolas"],"blocksy_meta":[],"spectra_blocks_featured_image_url":{"thumbnail":{"url":"https:\/\/construcaocivil.siriusmarketingedesign.com.br\/wp-content\/uploads\/2025\/07\/2f83f4fa-a9c4-463e-9598-8e514aa318d3-150x150.jpeg","width":150,"height":150},"medium":{"url":"https:\/\/construcaocivil.siriusmarketingedesign.com.br\/wp-content\/uploads\/2025\/07\/2f83f4fa-a9c4-463e-9598-8e514aa318d3-300x200.jpeg","width":300,"height":200},"medium_large":{"url":"https:\/\/construcaocivil.siriusmarketingedesign.com.br\/wp-content\/uploads\/2025\/07\/2f83f4fa-a9c4-463e-9598-8e514aa318d3-768x512.jpeg","width":768,"height":512},"large":{"url":"https:\/\/construcaocivil.siriusmarketingedesign.com.br\/wp-content\/uploads\/2025\/07\/2f83f4fa-a9c4-463e-9598-8e514aa318d3-1024x682.jpeg","width":1024,"height":682},"full":{"url":"https:\/\/construcaocivil.siriusmarketingedesign.com.br\/wp-content\/uploads\/2025\/07\/2f83f4fa-a9c4-463e-9598-8e514aa318d3.jpeg","width":1600,"height":1066}},"spectra_blocks_author_info":{"display_name":"Jornal da Constru\u00e7\u00e3o Civil","avatar_url":"https:\/\/secure.gravatar.com\/avatar\/973c9774fd44ddaceb026973c4962faa70fc512bc4c9da68e8ebb40fecee6540?s=96&d=mm&r=g","author_link":"https:\/\/construcaocivil.siriusmarketingedesign.com.br\/?author=1","description":"Desde de 2013, levando muitas informa\u00e7\u00f5es, lan\u00e7amentos e produtos de qualidade para toda cadeia produtiva da constru\u00e7\u00e3o. O Futuro da constru\u00e7\u00e3o passa por aqui,"},"uagb_featured_image_src":{"full":["https:\/\/construcaocivil.siriusmarketingedesign.com.br\/wp-content\/uploads\/2025\/07\/2f83f4fa-a9c4-463e-9598-8e514aa318d3.jpeg",1600,1066,false],"thumbnail":["https:\/\/construcaocivil.siriusmarketingedesign.com.br\/wp-content\/uploads\/2025\/07\/2f83f4fa-a9c4-463e-9598-8e514aa318d3-150x150.jpeg",150,150,true],"medium":["https:\/\/construcaocivil.siriusmarketingedesign.com.br\/wp-content\/uploads\/2025\/07\/2f83f4fa-a9c4-463e-9598-8e514aa318d3-300x200.jpeg",300,200,true],"medium_large":["https:\/\/construcaocivil.siriusmarketingedesign.com.br\/wp-content\/uploads\/2025\/07\/2f83f4fa-a9c4-463e-9598-8e514aa318d3-768x512.jpeg",768,512,true],"large":["https:\/\/construcaocivil.siriusmarketingedesign.com.br\/wp-content\/uploads\/2025\/07\/2f83f4fa-a9c4-463e-9598-8e514aa318d3-1024x682.jpeg",1024,682,true],"1536x1536":["https:\/\/construcaocivil.siriusmarketingedesign.com.br\/wp-content\/uploads\/2025\/07\/2f83f4fa-a9c4-463e-9598-8e514aa318d3-1536x1023.jpeg",1536,1023,true],"2048x2048":["https:\/\/construcaocivil.siriusmarketingedesign.com.br\/wp-content\/uploads\/2025\/07\/2f83f4fa-a9c4-463e-9598-8e514aa318d3.jpeg",1600,1066,false]},"uagb_author_info":{"display_name":"Jornal da Constru\u00e7\u00e3o Civil","author_link":"https:\/\/construcaocivil.siriusmarketingedesign.com.br\/?author=1"},"uagb_comment_info":0,"uagb_excerpt":"Os parlamentares n\u00e3o poder\u00e3o dizer que estavam desavisados. A Corte IDH divulgou um parecer consultivo hist\u00f3rico sobre a rela\u00e7\u00e3o entre emerg\u00eancias clim\u00e1ticas e prote\u00e7\u00e3o dos direitos humanos Por Juliana de Paula Batista \u2014 advogada socioambientalista e Vercilene Francisco Dias, coordenadora do Departamento Jur\u00eddico da Coordena\u00e7\u00e3o Nacional de Articula\u00e7\u00e3o de Quilombos (Conaq) Julho, 2025 &#8211; A&hellip;","_links":{"self":[{"href":"https:\/\/construcaocivil.siriusmarketingedesign.com.br\/index.php?rest_route=\/wp\/v2\/posts\/25847","targetHints":{"allow":["GET"]}}],"collection":[{"href":"https:\/\/construcaocivil.siriusmarketingedesign.com.br\/index.php?rest_route=\/wp\/v2\/posts"}],"about":[{"href":"https:\/\/construcaocivil.siriusmarketingedesign.com.br\/index.php?rest_route=\/wp\/v2\/types\/post"}],"author":[{"embeddable":true,"href":"https:\/\/construcaocivil.siriusmarketingedesign.com.br\/index.php?rest_route=\/wp\/v2\/users\/1"}],"replies":[{"embeddable":true,"href":"https:\/\/construcaocivil.siriusmarketingedesign.com.br\/index.php?rest_route=%2Fwp%2Fv2%2Fcomments&post=25847"}],"version-history":[{"count":0,"href":"https:\/\/construcaocivil.siriusmarketingedesign.com.br\/index.php?rest_route=\/wp\/v2\/posts\/25847\/revisions"}],"wp:featuredmedia":[{"embeddable":true,"href":"https:\/\/construcaocivil.siriusmarketingedesign.com.br\/index.php?rest_route=\/wp\/v2\/media\/25848"}],"wp:attachment":[{"href":"https:\/\/construcaocivil.siriusmarketingedesign.com.br\/index.php?rest_route=%2Fwp%2Fv2%2Fmedia&parent=25847"}],"wp:term":[{"taxonomy":"category","embeddable":true,"href":"https:\/\/construcaocivil.siriusmarketingedesign.com.br\/index.php?rest_route=%2Fwp%2Fv2%2Fcategories&post=25847"},{"taxonomy":"post_tag","embeddable":true,"href":"https:\/\/construcaocivil.siriusmarketingedesign.com.br\/index.php?rest_route=%2Fwp%2Fv2%2Ftags&post=25847"}],"curies":[{"name":"wp","href":"https:\/\/api.w.org\/{rel}","templated":true}]}}