{"id":25850,"date":"2025-07-22T14:18:21","date_gmt":"2025-07-22T17:18:21","guid":{"rendered":"https:\/\/www.jornaldaconstrucaocivil.com.br\/?p=25850"},"modified":"2025-07-22T14:18:21","modified_gmt":"2025-07-22T17:18:21","slug":"abrace-e-secretaria-da-cultura-de-sp-lancam-cursos-para-especializar-profissionais-de-estruturas-para-eventos","status":"publish","type":"post","link":"https:\/\/construcaocivil.siriusmarketingedesign.com.br\/?p=25850","title":{"rendered":"ABRACE e Secretaria da Cultura de SP lan\u00e7am cursos para especializar profissionais de estruturas para eventos"},"content":{"rendered":"<p style=\"text-align: justify;\"><strong><i>Parceria oferece capacita\u00e7\u00e3o gratuita para novos talentos e qualifica\u00e7\u00e3o de quem j\u00e1 atua no setor, com foco na empregabilidade e profissionaliza\u00e7\u00e3o da cadeia de cenografia e montagem de eventos<\/i><\/strong><\/p>\n<p style=\"text-align: justify;\"><span style=\"color: #993300;\">Julho<\/span>, 2025 &#8211; A ABRACE (Associa\u00e7\u00e3o Brasileira de Cenografia e Estandes), firmou conv\u00eanio com a Secretaria de Cultura e Economia Criativa do Estado de S\u00e3o Paulo, por meio da plataforma CULTSP PRO, dando in\u00edcio a uma importante iniciativa de capacita\u00e7\u00e3o t\u00e9cnica voltada ao setor de eventos. O Semin\u00e1rio Formativo sobre Montagem de Estrutura de Eventos, realizado em abril deste ano, no Expo Center Norte, marcou o come\u00e7o de um programa cont\u00ednuo que visa suprir a escassez de m\u00e3o de obra qualificada, formar novos profissionais e qualificar quem j\u00e1 atua na cadeia produtiva de montagem e cenografia.<\/p>\n<p style=\"text-align: justify;\">\n<p style=\"text-align: justify;\">O curso teve carga hor\u00e1ria de 16 horas e foi voltado a iniciantes e pessoas em busca de novas oportunidades, com conte\u00fados que trouxeram desde a introdu\u00e7\u00e3o ao mercado de eventos at\u00e9 fundamentos t\u00e9cnicos de montagem, seguran\u00e7a, documenta\u00e7\u00e3o, \u00e1reas de atua\u00e7\u00e3o e viv\u00eancia pr\u00e1tica. A forma\u00e7\u00e3o contou com a participa\u00e7\u00e3o ativa da diretoria da entidade, que refor\u00e7aram o compromisso institucional com o desenvolvimento do setor.<\/p>\n<p style=\"text-align: justify;\">\n<p style=\"text-align: justify;\">&#8220;Temos o compromisso de impactar o mercado de eventos com seriedade e responsabilidade, promovendo iniciativas que transformem a base do setor. A falta de m\u00e3o de obra qualificada \u00e9 um dos grandes desafios da cenografia e da montagem, e estamos determinados a mudar esse cen\u00e1rio com forma\u00e7\u00e3o t\u00e9cnica de qualidade, acess\u00edvel e alinhada \u00e0s demandas reais do mercado&#8221;, disse Guto Guedes, presidente da ABRACE.<\/p>\n<p style=\"text-align: justify;\">\n<p style=\"text-align: justify;\">O Semin\u00e1rio Formativo Especial \u2013 Montagem de Estrutura para Eventos ofereceu\u00a0<strong><u>70 vagas para interessados a partir de 16 anos\u00a0<\/u><\/strong>e com ensino m\u00e9dio completo. Al\u00e9m das aulas te\u00f3ricas, a programa\u00e7\u00e3o incluiu uma visita t\u00e9cnica a uma montagem de evento em andamento, permitindo aos participantes vivenciar, na pr\u00e1tica, os desafios e solu\u00e7\u00f5es da \u00e1rea.<\/p>\n<p style=\"text-align: justify;\">\n<p style=\"text-align: justify;\">&#8220;O projeto segue em expans\u00e3o. Al\u00e9m de novas turmas do curso de montagem, j\u00e1 est\u00e3o sendo planejadas forma\u00e7\u00f5es espec\u00edficas, como o curso de eletricistas para eventos, previsto para os pr\u00f3ximos meses&#8221;, finaliza Guto Guedes, presidente da\u00a0<a href=\"https:\/\/abracce.com.br\/\" target=\"_blank\" rel=\"noopener noreferrer\"><u>ABRACE<\/u><\/a>. Atuando desde 2011, a ABRACE reafirma sua miss\u00e3o de promover a profissionaliza\u00e7\u00e3o do setor por meio de iniciativas que conectam qualifica\u00e7\u00e3o, inova\u00e7\u00e3o, seguran\u00e7a e responsabilidade, pilares essenciais para o futuro da cenografia e da montagem no Brasil.<\/p>\n<p style=\"text-align: justify;\">\n<p style=\"text-align: justify;\">Se voc\u00ea se interessou pelos cursos gratuitos, acompanhe o site da ABRACE:\u00a0<a href=\"https:\/\/abracce.com.br\/\" target=\"_blank\" rel=\"noopener noreferrer\"><u>aqui.<\/u><\/a><\/p>\n","protected":false},"excerpt":{"rendered":"<p>Parceria oferece capacita\u00e7\u00e3o gratuita para novos talentos e qualifica\u00e7\u00e3o de quem j\u00e1 atua no setor, com foco na empregabilidade e profissionaliza\u00e7\u00e3o da cadeia de cenografia e montagem de eventos Julho, 2025 &#8211; A ABRACE (Associa\u00e7\u00e3o Brasileira de Cenografia e Estandes), firmou conv\u00eanio com a Secretaria de Cultura e Economia Criativa do Estado de S\u00e3o Paulo, [&hellip;]<\/p>\n","protected":false},"author":1,"featured_media":25851,"comment_status":"open","ping_status":"open","sticky":false,"template":"","format":"standard","meta":{"_uag_custom_page_level_css":"","footnotes":""},"categories":[27],"tags":[27669,27671,3306,5177,27670],"class_list":["post-25850","post","type-post","status-publish","format-standard","has-post-thumbnail","hentry","category-acontece","tag-abrace-sp","tag-curso-de-cenografia","tag-cursos-gratuitos","tag-formacao-profissional","tag-montagem-de-estrutura-de-eventos"],"blocksy_meta":[],"spectra_blocks_featured_image_url":{"thumbnail":{"url":"https:\/\/construcaocivil.siriusmarketingedesign.com.br\/wp-content\/uploads\/2025\/07\/handler-150x150.png","width":150,"height":150},"medium":{"url":"https:\/\/construcaocivil.siriusmarketingedesign.com.br\/wp-content\/uploads\/2025\/07\/handler-300x191.png","width":300,"height":191},"medium_large":{"url":"https:\/\/construcaocivil.siriusmarketingedesign.com.br\/wp-content\/uploads\/2025\/07\/handler.png","width":550,"height":350},"large":{"url":"https:\/\/construcaocivil.siriusmarketingedesign.com.br\/wp-content\/uploads\/2025\/07\/handler.png","width":550,"height":350},"full":{"url":"https:\/\/construcaocivil.siriusmarketingedesign.com.br\/wp-content\/uploads\/2025\/07\/handler.png","width":550,"height":350}},"spectra_blocks_author_info":{"display_name":"Jornal da Constru\u00e7\u00e3o Civil","avatar_url":"https:\/\/secure.gravatar.com\/avatar\/973c9774fd44ddaceb026973c4962faa70fc512bc4c9da68e8ebb40fecee6540?s=96&d=mm&r=g","author_link":"https:\/\/construcaocivil.siriusmarketingedesign.com.br\/?author=1","description":"Desde de 2013, levando muitas informa\u00e7\u00f5es, lan\u00e7amentos e produtos de qualidade para toda cadeia produtiva da constru\u00e7\u00e3o. O Futuro da constru\u00e7\u00e3o passa por aqui,"},"uagb_featured_image_src":{"full":["https:\/\/construcaocivil.siriusmarketingedesign.com.br\/wp-content\/uploads\/2025\/07\/handler.png",550,350,false],"thumbnail":["https:\/\/construcaocivil.siriusmarketingedesign.com.br\/wp-content\/uploads\/2025\/07\/handler-150x150.png",150,150,true],"medium":["https:\/\/construcaocivil.siriusmarketingedesign.com.br\/wp-content\/uploads\/2025\/07\/handler-300x191.png",300,191,true],"medium_large":["https:\/\/construcaocivil.siriusmarketingedesign.com.br\/wp-content\/uploads\/2025\/07\/handler.png",550,350,false],"large":["https:\/\/construcaocivil.siriusmarketingedesign.com.br\/wp-content\/uploads\/2025\/07\/handler.png",550,350,false],"1536x1536":["https:\/\/construcaocivil.siriusmarketingedesign.com.br\/wp-content\/uploads\/2025\/07\/handler.png",550,350,false],"2048x2048":["https:\/\/construcaocivil.siriusmarketingedesign.com.br\/wp-content\/uploads\/2025\/07\/handler.png",550,350,false]},"uagb_author_info":{"display_name":"Jornal da Constru\u00e7\u00e3o Civil","author_link":"https:\/\/construcaocivil.siriusmarketingedesign.com.br\/?author=1"},"uagb_comment_info":0,"uagb_excerpt":"Parceria oferece capacita\u00e7\u00e3o gratuita para novos talentos e qualifica\u00e7\u00e3o de quem j\u00e1 atua no setor, com foco na empregabilidade e profissionaliza\u00e7\u00e3o da cadeia de cenografia e montagem de eventos Julho, 2025 &#8211; A ABRACE (Associa\u00e7\u00e3o Brasileira de Cenografia e Estandes), firmou conv\u00eanio com a Secretaria de Cultura e Economia Criativa do Estado de S\u00e3o Paulo,&hellip;","_links":{"self":[{"href":"https:\/\/construcaocivil.siriusmarketingedesign.com.br\/index.php?rest_route=\/wp\/v2\/posts\/25850","targetHints":{"allow":["GET"]}}],"collection":[{"href":"https:\/\/construcaocivil.siriusmarketingedesign.com.br\/index.php?rest_route=\/wp\/v2\/posts"}],"about":[{"href":"https:\/\/construcaocivil.siriusmarketingedesign.com.br\/index.php?rest_route=\/wp\/v2\/types\/post"}],"author":[{"embeddable":true,"href":"https:\/\/construcaocivil.siriusmarketingedesign.com.br\/index.php?rest_route=\/wp\/v2\/users\/1"}],"replies":[{"embeddable":true,"href":"https:\/\/construcaocivil.siriusmarketingedesign.com.br\/index.php?rest_route=%2Fwp%2Fv2%2Fcomments&post=25850"}],"version-history":[{"count":0,"href":"https:\/\/construcaocivil.siriusmarketingedesign.com.br\/index.php?rest_route=\/wp\/v2\/posts\/25850\/revisions"}],"wp:featuredmedia":[{"embeddable":true,"href":"https:\/\/construcaocivil.siriusmarketingedesign.com.br\/index.php?rest_route=\/wp\/v2\/media\/25851"}],"wp:attachment":[{"href":"https:\/\/construcaocivil.siriusmarketingedesign.com.br\/index.php?rest_route=%2Fwp%2Fv2%2Fmedia&parent=25850"}],"wp:term":[{"taxonomy":"category","embeddable":true,"href":"https:\/\/construcaocivil.siriusmarketingedesign.com.br\/index.php?rest_route=%2Fwp%2Fv2%2Fcategories&post=25850"},{"taxonomy":"post_tag","embeddable":true,"href":"https:\/\/construcaocivil.siriusmarketingedesign.com.br\/index.php?rest_route=%2Fwp%2Fv2%2Ftags&post=25850"}],"curies":[{"name":"wp","href":"https:\/\/api.w.org\/{rel}","templated":true}]}}