{"id":25888,"date":"2025-07-29T00:17:11","date_gmt":"2025-07-29T03:17:11","guid":{"rendered":"https:\/\/www.jornaldaconstrucaocivil.com.br\/?p=25888"},"modified":"2025-07-29T00:17:11","modified_gmt":"2025-07-29T03:17:11","slug":"espaco-ciencia-tecnologia-e-inovacao-e-atrativo-da-expo-macae-2025","status":"publish","type":"post","link":"https:\/\/construcaocivil.siriusmarketingedesign.com.br\/?p=25888","title":{"rendered":"Espa\u00e7o Ci\u00eancia, Tecnologia e Inova\u00e7\u00e3o \u00e9 atrativo da Expo Maca\u00e9 2025"},"content":{"rendered":"<div class=\"v1gmail_attr\" dir=\"ltr\">\n<p class=\"v1MsoNormal\" style=\"text-align: justify;\">Imers\u00e3o, interatividade e populariza\u00e7\u00e3o de elementos tecnol\u00f3gicos. Este \u00e9 o espa\u00e7o de 800 metros quadrados da Secretaria Municipal de Ci\u00eancia, Tecnologia e Inova\u00e7\u00e3o, montado pela primeira vez na 41\u00aa Expo Maca\u00e9. Neste s\u00e1bado (26), a tenda recebeu a visita do prefeito do munic\u00edpio, Welberth Rezende, e do prefeito do Rio de Janeiro, Eduardo Paes, que percorreram o Parque de Exposi\u00e7\u00f5es Latiff Mussi, com lideran\u00e7as locais e autoridades pol\u00edticas da regi\u00e3o.<\/p>\n<figure id=\"attachment_25890\" aria-describedby=\"caption-attachment-25890\" style=\"width: 300px\" class=\"wp-caption alignleft\"><img loading=\"lazy\" decoding=\"async\" class=\"size-medium wp-image-25890\" src=\"https:\/\/www.jornaldaconstrucaocivil.com.br\/wp-content\/uploads\/2025\/07\/WhatsApp-Image-2025-07-26-at-22.10.48-1-1-300x200.jpeg\" alt=\"\" width=\"300\" height=\"200\" srcset=\"https:\/\/construcaocivil.siriusmarketingedesign.com.br\/wp-content\/uploads\/2025\/07\/WhatsApp-Image-2025-07-26-at-22.10.48-1-1-300x200.jpeg 300w, https:\/\/construcaocivil.siriusmarketingedesign.com.br\/wp-content\/uploads\/2025\/07\/WhatsApp-Image-2025-07-26-at-22.10.48-1-1-1024x684.jpeg 1024w, https:\/\/construcaocivil.siriusmarketingedesign.com.br\/wp-content\/uploads\/2025\/07\/WhatsApp-Image-2025-07-26-at-22.10.48-1-1-768x513.jpeg 768w, https:\/\/construcaocivil.siriusmarketingedesign.com.br\/wp-content\/uploads\/2025\/07\/WhatsApp-Image-2025-07-26-at-22.10.48-1-1-1536x1026.jpeg 1536w, https:\/\/construcaocivil.siriusmarketingedesign.com.br\/wp-content\/uploads\/2025\/07\/WhatsApp-Image-2025-07-26-at-22.10.48-1-1-2048x1368.jpeg 2048w, https:\/\/construcaocivil.siriusmarketingedesign.com.br\/wp-content\/uploads\/2025\/07\/WhatsApp-Image-2025-07-26-at-22.10.48-1-1-200x134.jpeg 200w\" sizes=\"auto, (max-width: 300px) 100vw, 300px\" \/><figcaption id=\"caption-attachment-25890\" class=\"wp-caption-text\">Legenda: Os prefeitos Welberth Rezende (Maca\u00e9) e Eduardo Paes (Rio de Janeiro) visitaram a tenda na entrada do Parque de Exposi\u00e7\u00f5es Latiff Mussi. Foto: Ana Chaffin<\/figcaption><\/figure>\n<p class=\"v1MsoNormal\" style=\"text-align: justify;\">As fam\u00edlias podem aproveitar o espa\u00e7o at\u00e9 a pr\u00f3xima ter\u00e7a-feira (29), anivers\u00e1rio de 212 anos da cidade, das 10h \u00e0s 23h. O secret\u00e1rio de Ci\u00eancia, Tecnologia e Inova\u00e7\u00e3o, Vinicius Pessanha da Silva Ara\u00fajo, explicou que a proposta \u00e9 oferecer um espa\u00e7o de intera\u00e7\u00e3o e imers\u00e3o, al\u00e9m de relaxamento para pessoas com defici\u00eancia, com profissionais especializados para atendimento. A tenda conta com \u00e1rea de jogos, rob\u00f3tica, com demonstra\u00e7\u00f5es de realidade virtual e, ainda, maquete com projeto das novas escolas e Centro de Monitoramento Integrado da Defesa Civil.<\/p>\n<p class=\"v1MsoNormal\" style=\"text-align: justify;\">&#8220;Nosso prop\u00f3sito \u00e9 demonstrar que a tecnologia \u00e9 acess\u00edvel a toda a popula\u00e7\u00e3o. \u00c9 a primeira vez que a Secretaria de Ci\u00eancia e Tecnologia participa da Expo Maca\u00e9. Buscamos expandir o alcance da tecnologia em todas as \u00e1reas. Buscamos engajar pessoas de todas as idades, desde os mais velhos, com a experi\u00eancia de jogos retr\u00f4, at\u00e9 os mais jovens, com rob\u00f4s, intera\u00e7\u00f5es, jogos e um planet\u00e1rio, que tem sido um grande sucesso em sua primeira edi\u00e7\u00e3o&#8221;, frisou o secret\u00e1rio.<\/p>\n<p class=\"v1MsoNormal\" style=\"text-align: justify;\">As sess\u00f5es do Planet\u00e1rio s\u00e3o realizadas a cada 20 minutos e incluem cinema, visitas, jogos e atividades interativas com instrutores. &#8220;O nosso rob\u00f4 tem sido um grande sucesso, com diversas apresenta\u00e7\u00f5es ao longo do dia. Na \u00e1rea externa, temos o espet\u00e1culo Dan\u00e7a das \u00c1guas. Gostaria de agradecer o empenho dos profissionais da secretaria para o sucesso desse espa\u00e7o&#8221;, acrescentou Vinicius.<\/p>\n<p class=\"v1MsoNormal\" style=\"text-align: justify;\">O secret\u00e1rio de Educa\u00e7\u00e3o, Matias Mendes, destacou a sala equipada com recursos tecnol\u00f3gicos como lousa digital e mesa interativa, que s\u00e3o utilizados em sala de aula. &#8220;Al\u00e9m disso, criamos uma sala de regula\u00e7\u00e3o especialmente projetada para atender crian\u00e7as com defici\u00eancia (PCDs) que participam do evento. A sala oferece um ambiente acolhedor e seguro, com recursos pedag\u00f3gicos e materiais sensoriais para auxiliar na autorregula\u00e7\u00e3o e no bem-estar delas. O espa\u00e7o tamb\u00e9m conta com abafadores e brinquedos sensoriais, permitindo que elas desfrutem da exposi\u00e7\u00e3o de forma confort\u00e1vel e proveitosa&#8221;, ressaltou Matias.<\/p>\n<p class=\"v1MsoNormal\" style=\"text-align: justify;\">Matias frisou ainda o projeto da maquete do novo padr\u00e3o das escolas, um modelo para futuras transforma\u00e7\u00f5es educacionais. &#8220;A iniciativa demonstra a configura\u00e7\u00e3o de um novo padr\u00e3o para as escolas, visando acessibilidade, seguran\u00e7a e conforto. O objetivo \u00e9 criar um ambiente prop\u00edcio ao trabalho dos professores, permitindo a aplica\u00e7\u00e3o de metodologias diferenciadas. A infraestrutura \u00e9 considerada essencial para o sucesso do processo educativo, reconhecendo que a educa\u00e7\u00e3o contempor\u00e2nea transcende a simples metodologia. A adequa\u00e7\u00e3o do ambiente f\u00edsico \u00e9 fundamental para otimizar os resultados educacionais&#8221;, disse.<\/p>\n<p class=\"v1MsoNormal\" style=\"text-align: justify;\">A Secretaria de Defesa Civil apresenta no mesmo espa\u00e7o as esta\u00e7\u00f5es meteorol\u00f3gicas do munic\u00edpio com o Centro Integrado de Monitoramento. &#8220;Trouxemos o modelo do nosso programa de gest\u00e3o das esta\u00e7\u00f5es para explicar \u00e0 popula\u00e7\u00e3o como emitimos os alertas, analisamos as vari\u00e1veis de chuva e vento, e como a Ci\u00eancia e Tecnologia nos auxilia nesse processo. Com o programa Wi-Fi Maca\u00e9, dispomos de c\u00e2meras que cobrem, essencialmente, todas as pra\u00e7as do munic\u00edpio. Al\u00e9m disso, estamos apresentando o aplicativo que ser\u00e1 lan\u00e7ado em aproximadamente 30 dias. Com ele, a popula\u00e7\u00e3o ter\u00e1 acesso a todos os dados das esta\u00e7\u00f5es meteorol\u00f3gicas. O aplicativo, chamado &#8220;Maca\u00e9 Resiliente&#8221;, desenvolvido pela Defesa Civil em parceria com a UFRJ, exibir\u00e1 os mesmos dados apresentados no painel, e permitir\u00e1 a intera\u00e7\u00e3o da popula\u00e7\u00e3o, que poder\u00e1 enviar fotos, v\u00eddeos, mensagens de texto e \u00e1udios relatando ocorr\u00eancias, como a queda de \u00e1rvores&#8221;, explicou o secret\u00e1rio de Defesa Civil, Joseferson de Jesus.<\/p>\n<p class=\"v1MsoNormal\" style=\"text-align: justify;\">O espa\u00e7o conta com a parceria de \u00f3rg\u00e3os como Servi\u00e7os P\u00fablicos, Sa\u00fade, Agroeconomia, Defesa Civil e Turismo.<\/p>\n<\/div>\n<div dir=\"ltr\" style=\"text-align: justify;\"><\/div>\n","protected":false},"excerpt":{"rendered":"<p>Imers\u00e3o, interatividade e populariza\u00e7\u00e3o de elementos tecnol\u00f3gicos. Este \u00e9 o espa\u00e7o de 800 metros quadrados da Secretaria Municipal de Ci\u00eancia, Tecnologia e Inova\u00e7\u00e3o, montado pela primeira vez na 41\u00aa Expo Maca\u00e9. Neste s\u00e1bado (26), a tenda recebeu a visita do prefeito do munic\u00edpio, Welberth Rezende, e do prefeito do Rio de Janeiro, Eduardo Paes, que [&hellip;]<\/p>\n","protected":false},"author":1,"featured_media":25889,"comment_status":"open","ping_status":"open","sticky":false,"template":"","format":"standard","meta":{"_uag_custom_page_level_css":"","footnotes":""},"categories":[27],"tags":[3961,27691,27690,8180,8869],"class_list":["post-25888","post","type-post","status-publish","format-standard","has-post-thumbnail","hentry","category-acontece","tag-eduardo-paes","tag-eleicoes-2026","tag-expo-macae-2025","tag-norte-fluminense","tag-petroleo-e-gas"],"blocksy_meta":[],"spectra_blocks_featured_image_url":{"thumbnail":{"url":"https:\/\/construcaocivil.siriusmarketingedesign.com.br\/wp-content\/uploads\/2025\/07\/20250726-Espaco-Ciencias-e-Tecnologia-Foto-Ana-Chaffin-33-150x150.jpg","width":150,"height":150},"medium":{"url":"https:\/\/construcaocivil.siriusmarketingedesign.com.br\/wp-content\/uploads\/2025\/07\/20250726-Espaco-Ciencias-e-Tecnologia-Foto-Ana-Chaffin-33-300x200.jpg","width":300,"height":200},"medium_large":{"url":"https:\/\/construcaocivil.siriusmarketingedesign.com.br\/wp-content\/uploads\/2025\/07\/20250726-Espaco-Ciencias-e-Tecnologia-Foto-Ana-Chaffin-33-768x512.jpg","width":768,"height":512},"large":{"url":"https:\/\/construcaocivil.siriusmarketingedesign.com.br\/wp-content\/uploads\/2025\/07\/20250726-Espaco-Ciencias-e-Tecnologia-Foto-Ana-Chaffin-33-1024x683.jpg","width":1024,"height":683},"full":{"url":"https:\/\/construcaocivil.siriusmarketingedesign.com.br\/wp-content\/uploads\/2025\/07\/20250726-Espaco-Ciencias-e-Tecnologia-Foto-Ana-Chaffin-33.jpg","width":2126,"height":1417}},"spectra_blocks_author_info":{"display_name":"Jornal da Constru\u00e7\u00e3o Civil","avatar_url":"https:\/\/secure.gravatar.com\/avatar\/973c9774fd44ddaceb026973c4962faa70fc512bc4c9da68e8ebb40fecee6540?s=96&d=mm&r=g","author_link":"https:\/\/construcaocivil.siriusmarketingedesign.com.br\/?author=1","description":"Desde de 2013, levando muitas informa\u00e7\u00f5es, lan\u00e7amentos e produtos de qualidade para toda cadeia produtiva da constru\u00e7\u00e3o. O Futuro da constru\u00e7\u00e3o passa por aqui,"},"uagb_featured_image_src":{"full":["https:\/\/construcaocivil.siriusmarketingedesign.com.br\/wp-content\/uploads\/2025\/07\/20250726-Espaco-Ciencias-e-Tecnologia-Foto-Ana-Chaffin-33.jpg",2126,1417,false],"thumbnail":["https:\/\/construcaocivil.siriusmarketingedesign.com.br\/wp-content\/uploads\/2025\/07\/20250726-Espaco-Ciencias-e-Tecnologia-Foto-Ana-Chaffin-33-150x150.jpg",150,150,true],"medium":["https:\/\/construcaocivil.siriusmarketingedesign.com.br\/wp-content\/uploads\/2025\/07\/20250726-Espaco-Ciencias-e-Tecnologia-Foto-Ana-Chaffin-33-300x200.jpg",300,200,true],"medium_large":["https:\/\/construcaocivil.siriusmarketingedesign.com.br\/wp-content\/uploads\/2025\/07\/20250726-Espaco-Ciencias-e-Tecnologia-Foto-Ana-Chaffin-33-768x512.jpg",768,512,true],"large":["https:\/\/construcaocivil.siriusmarketingedesign.com.br\/wp-content\/uploads\/2025\/07\/20250726-Espaco-Ciencias-e-Tecnologia-Foto-Ana-Chaffin-33-1024x683.jpg",1024,683,true],"1536x1536":["https:\/\/construcaocivil.siriusmarketingedesign.com.br\/wp-content\/uploads\/2025\/07\/20250726-Espaco-Ciencias-e-Tecnologia-Foto-Ana-Chaffin-33-1536x1024.jpg",1536,1024,true],"2048x2048":["https:\/\/construcaocivil.siriusmarketingedesign.com.br\/wp-content\/uploads\/2025\/07\/20250726-Espaco-Ciencias-e-Tecnologia-Foto-Ana-Chaffin-33-2048x1365.jpg",2048,1365,true]},"uagb_author_info":{"display_name":"Jornal da Constru\u00e7\u00e3o Civil","author_link":"https:\/\/construcaocivil.siriusmarketingedesign.com.br\/?author=1"},"uagb_comment_info":0,"uagb_excerpt":"Imers\u00e3o, interatividade e populariza\u00e7\u00e3o de elementos tecnol\u00f3gicos. Este \u00e9 o espa\u00e7o de 800 metros quadrados da Secretaria Municipal de Ci\u00eancia, Tecnologia e Inova\u00e7\u00e3o, montado pela primeira vez na 41\u00aa Expo Maca\u00e9. Neste s\u00e1bado (26), a tenda recebeu a visita do prefeito do munic\u00edpio, Welberth Rezende, e do prefeito do Rio de Janeiro, Eduardo Paes, que&hellip;","_links":{"self":[{"href":"https:\/\/construcaocivil.siriusmarketingedesign.com.br\/index.php?rest_route=\/wp\/v2\/posts\/25888","targetHints":{"allow":["GET"]}}],"collection":[{"href":"https:\/\/construcaocivil.siriusmarketingedesign.com.br\/index.php?rest_route=\/wp\/v2\/posts"}],"about":[{"href":"https:\/\/construcaocivil.siriusmarketingedesign.com.br\/index.php?rest_route=\/wp\/v2\/types\/post"}],"author":[{"embeddable":true,"href":"https:\/\/construcaocivil.siriusmarketingedesign.com.br\/index.php?rest_route=\/wp\/v2\/users\/1"}],"replies":[{"embeddable":true,"href":"https:\/\/construcaocivil.siriusmarketingedesign.com.br\/index.php?rest_route=%2Fwp%2Fv2%2Fcomments&post=25888"}],"version-history":[{"count":0,"href":"https:\/\/construcaocivil.siriusmarketingedesign.com.br\/index.php?rest_route=\/wp\/v2\/posts\/25888\/revisions"}],"wp:featuredmedia":[{"embeddable":true,"href":"https:\/\/construcaocivil.siriusmarketingedesign.com.br\/index.php?rest_route=\/wp\/v2\/media\/25889"}],"wp:attachment":[{"href":"https:\/\/construcaocivil.siriusmarketingedesign.com.br\/index.php?rest_route=%2Fwp%2Fv2%2Fmedia&parent=25888"}],"wp:term":[{"taxonomy":"category","embeddable":true,"href":"https:\/\/construcaocivil.siriusmarketingedesign.com.br\/index.php?rest_route=%2Fwp%2Fv2%2Fcategories&post=25888"},{"taxonomy":"post_tag","embeddable":true,"href":"https:\/\/construcaocivil.siriusmarketingedesign.com.br\/index.php?rest_route=%2Fwp%2Fv2%2Ftags&post=25888"}],"curies":[{"name":"wp","href":"https:\/\/api.w.org\/{rel}","templated":true}]}}