{"id":2590,"date":"2016-07-14T13:19:05","date_gmt":"2016-07-14T13:19:05","guid":{"rendered":"http:\/\/www.jornaldaconstrucaocivil.com.br\/?p=2590"},"modified":"2016-07-14T13:19:05","modified_gmt":"2016-07-14T13:19:05","slug":"pacto-do-rio-vai-inaugurar-escritorio-em-manguinhos","status":"publish","type":"post","link":"https:\/\/construcaocivil.siriusmarketingedesign.com.br\/?p=2590","title":{"rendered":"Pacto do Rio vai inaugurar escrit\u00f3rio em Manguinhos"},"content":{"rendered":"<p><span style=\"color: #000080;\"><strong>O Pacto do Rio vai inaugurar seu primeiro Escrit\u00f3rio da Cidadania em Manguinhos. O acordo para o in\u00edcio do projeto foi assinado nesta quarta-feira, 13, na Associa\u00e7\u00e3o Comercial, entre o Pacto, o Icatu Seguros e o Instituto de Engenharia de Gest\u00e3o (IEG), durante a realiza\u00e7\u00e3o do I F\u00f3rum de Sustentabilidade do Rio.<\/strong><\/span><\/p>\n<figure id=\"attachment_2591\" aria-describedby=\"caption-attachment-2591\" style=\"width: 365px\" class=\"wp-caption alignleft\"><a href=\"http:\/\/www.jornaldaconstrucaocivil.com.br\/wp-content\/uploads\/2016\/07\/PAC.jpg\"><img loading=\"lazy\" decoding=\"async\" class=\"wp-image-2591\" src=\"http:\/\/www.jornaldaconstrucaocivil.com.br\/wp-content\/uploads\/2016\/07\/PAC-1024x768.jpg\" alt=\"PAC\" width=\"365\" height=\"274\" \/><\/a><figcaption id=\"caption-attachment-2591\" class=\"wp-caption-text\"><span style=\"color: #993300;\">15 jovens moradores de Manguinhos ser\u00e3o Agentes da Cidadania. Cr\u00e9ditos: Pacto do Rio<\/span><\/figcaption><\/figure>\n<p><span style=\"color: #000000;\">O acordo prev\u00ea a capacita\u00e7\u00e3o de 15 jovens moradores de Manguinhos, entre 16 e 24 anos, como Agentes da Cidadania. Eles ter\u00e3o uma forma\u00e7\u00e3o em Cidadania, Inova\u00e7\u00e3o e Empreendedorismo pelo IEG e receber\u00e3o uma bolsa mensal para estudar e atuar como mobilizadores na regi\u00e3o. \u201cRealizamos um diagn\u00f3stico com os jovens participantes, buscando identificar lacunas emocionais e profissionais. Vamos utilizar a metodologia Master in Life que busca empoderar estes agentes\u201d, destacou Rodrigo Lang, s\u00f3cio-fundador da IEG. \u201c<\/span><\/p>\n<p>Para Thaianny Christine, 21 anos, estudante de pedagogia e uma das agentes de Manguinhos, a experi\u00eancia \u00e9 uma oportunidade de ajudar a transformar a din\u00e2mica de sua comunidade. \u201cAo aprofundar meu interesse no projeto conheci o trabalho de um agente transformador . Estou animada em ajudar a promover mudan\u00e7a\u201d. Em paralelo, ser\u00e1 implantada uma Ag\u00eancia de Projetos para estimular o empreendedorismo local, que j\u00e1 conta com o apoio da Secretaria de Estado de Esporte, Lazer e Juventude. O Pacto j\u00e1 est\u00e1 levantando os principais projetos em execu\u00e7\u00e3o na comunidade para articular parceiros privados e buscar patroc\u00ednio para as iniciativas j\u00e1 existentes.<\/p>\n<p>Os jovens Agentes da Cidadania tamb\u00e9m atuar\u00e3o como multiplicadores na regi\u00e3o contribuindo com as a\u00e7\u00f5es locais e, ao mesmo tempo, aprendendo a empreender o seu pr\u00f3prio projeto de vida. \u201cAo longo deste ano eles tamb\u00e9m ter\u00e3o que construir o seu Projeto de Vida, al\u00e9m de projetos sociais, ambientais ou de neg\u00f3cios para a regi\u00e3o. V\u00e3o atuar como ponte para a regi\u00e3o e ao mesmo tempo saem enriquecidos da experi\u00eancia, aprendem a inovar e a empreender\u201d, explicou a fil\u00f3sofa Viviane Mos\u00e9, co-fundadora do Pacto.<\/p>\n<p>Outra meta estabelecida pelo projeto \u00e9 a reforma da \u201cCasa das Mulheres\u201d, tamb\u00e9m na comunidade. \u201cEm setembro abriremos esta porta em Manguinhos. Queremos fazer l\u00e1 um quadrado estruturado, organizado e com servi\u00e7os\u201d, comentou Viviane.<\/p>\n<p><span style=\"color: #000000;\">O I F\u00f3rum de Sustentabilidade est\u00e1 reunindo especialistas de institui\u00e7\u00f5es internacionais, academia, empresas e autoridades p\u00fablicas para discutir cen\u00e1rios sustent\u00e1veis para a cidade. Entre os objetivos do encontro est\u00e1 a assinatura de acordos com participa\u00e7\u00e3o p\u00fablico e privada em diversos setores, a exemplo do escrit\u00f3rio de Manguinhos. Segundo Eduarda La Rocque, todos os acordos assinados servir\u00e3o de base para a cria\u00e7\u00e3o do Centro de Resili\u00eancia Metropolitano, a ser inaugurado pelo Pacto at\u00e9 dezembro do ano que vem. Com a ajuda de parceiros, o Centro ir\u00e1 criar indicadores para medir a efici\u00eancia dos acordos e contar\u00e1 com o apoio da popula\u00e7\u00e3o para acompanhar os projetos. Ao mesmo tempo, o Centro funcionar\u00e1 como um ponto de encontro para todos os que participam da gest\u00e3o do Pacto \u2013 \u00f3rg\u00e3os p\u00fablicos, centros de pesquisa, popula\u00e7\u00e3o, terceiro setor, parceiros privados e organismos internacionais \u2013 e como um reposit\u00f3rio de informa\u00e7\u00f5es sobre a cidade.<\/span><\/p>\n","protected":false},"excerpt":{"rendered":"<p>O Pacto do Rio vai inaugurar seu primeiro Escrit\u00f3rio da Cidadania em Manguinhos. O acordo para o in\u00edcio do projeto foi assinado nesta quarta-feira, 13, na Associa\u00e7\u00e3o Comercial, entre o Pacto, o Icatu Seguros e o Instituto de Engenharia de Gest\u00e3o (IEG), durante a realiza\u00e7\u00e3o do I F\u00f3rum de Sustentabilidade do Rio. O acordo prev\u00ea [&hellip;]<\/p>\n","protected":false},"author":1,"featured_media":2591,"comment_status":"open","ping_status":"open","sticky":false,"template":"","format":"standard","meta":{"_uag_custom_page_level_css":"","footnotes":""},"categories":[27],"tags":[1023,5208,5857,5869,7163,8568,10258],"class_list":["post-2590","post","type-post","status-publish","format-standard","has-post-thumbnail","hentry","category-acontece","tag-associacao-comercial-do-rio","tag-forum-de-sustentabilidade","tag-icatu-seguros","tag-ieg","tag-manguinhosrj","tag-pacto-rio","tag-resiliencia"],"blocksy_meta":[],"spectra_blocks_featured_image_url":[],"spectra_blocks_author_info":{"display_name":"Jornal da Constru\u00e7\u00e3o Civil","avatar_url":"https:\/\/secure.gravatar.com\/avatar\/973c9774fd44ddaceb026973c4962faa70fc512bc4c9da68e8ebb40fecee6540?s=96&d=mm&r=g","author_link":"https:\/\/construcaocivil.siriusmarketingedesign.com.br\/?author=1","description":"Desde de 2013, levando muitas informa\u00e7\u00f5es, lan\u00e7amentos e produtos de qualidade para toda cadeia produtiva da constru\u00e7\u00e3o. O Futuro da constru\u00e7\u00e3o passa por aqui,"},"uagb_featured_image_src":{"full":false,"thumbnail":false,"medium":false,"medium_large":false,"large":false,"1536x1536":false,"2048x2048":false},"uagb_author_info":{"display_name":"Jornal da Constru\u00e7\u00e3o Civil","author_link":"https:\/\/construcaocivil.siriusmarketingedesign.com.br\/?author=1"},"uagb_comment_info":0,"uagb_excerpt":"O Pacto do Rio vai inaugurar seu primeiro Escrit\u00f3rio da Cidadania em Manguinhos. O acordo para o in\u00edcio do projeto foi assinado nesta quarta-feira, 13, na Associa\u00e7\u00e3o Comercial, entre o Pacto, o Icatu Seguros e o Instituto de Engenharia de Gest\u00e3o (IEG), durante a realiza\u00e7\u00e3o do I F\u00f3rum de Sustentabilidade do Rio. O acordo prev\u00ea&hellip;","_links":{"self":[{"href":"https:\/\/construcaocivil.siriusmarketingedesign.com.br\/index.php?rest_route=\/wp\/v2\/posts\/2590","targetHints":{"allow":["GET"]}}],"collection":[{"href":"https:\/\/construcaocivil.siriusmarketingedesign.com.br\/index.php?rest_route=\/wp\/v2\/posts"}],"about":[{"href":"https:\/\/construcaocivil.siriusmarketingedesign.com.br\/index.php?rest_route=\/wp\/v2\/types\/post"}],"author":[{"embeddable":true,"href":"https:\/\/construcaocivil.siriusmarketingedesign.com.br\/index.php?rest_route=\/wp\/v2\/users\/1"}],"replies":[{"embeddable":true,"href":"https:\/\/construcaocivil.siriusmarketingedesign.com.br\/index.php?rest_route=%2Fwp%2Fv2%2Fcomments&post=2590"}],"version-history":[{"count":0,"href":"https:\/\/construcaocivil.siriusmarketingedesign.com.br\/index.php?rest_route=\/wp\/v2\/posts\/2590\/revisions"}],"wp:attachment":[{"href":"https:\/\/construcaocivil.siriusmarketingedesign.com.br\/index.php?rest_route=%2Fwp%2Fv2%2Fmedia&parent=2590"}],"wp:term":[{"taxonomy":"category","embeddable":true,"href":"https:\/\/construcaocivil.siriusmarketingedesign.com.br\/index.php?rest_route=%2Fwp%2Fv2%2Fcategories&post=2590"},{"taxonomy":"post_tag","embeddable":true,"href":"https:\/\/construcaocivil.siriusmarketingedesign.com.br\/index.php?rest_route=%2Fwp%2Fv2%2Ftags&post=2590"}],"curies":[{"name":"wp","href":"https:\/\/api.w.org\/{rel}","templated":true}]}}