{"id":25901,"date":"2025-08-02T16:32:33","date_gmt":"2025-08-02T19:32:33","guid":{"rendered":"https:\/\/www.jornaldaconstrucaocivil.com.br\/?p=25901"},"modified":"2025-08-02T17:05:49","modified_gmt":"2025-08-02T20:05:49","slug":"belem-segue-com-diversos-canteiro-de-obras-em-preparacao-para-cop30-falta-de-hospedagem-para-50-mil-visitantes-e-o-problema","status":"publish","type":"post","link":"https:\/\/construcaocivil.siriusmarketingedesign.com.br\/?p=25901","title":{"rendered":"Bel\u00e9m segue com diversos canteiro de obras em prepara\u00e7\u00e3o para a COP30; Falta de hospedagem para 50 mil visitantes \u00e9 o problema."},"content":{"rendered":"<p class=\"mb-4 fs-4 lh-120\" style=\"text-align: justify;\"><em><strong>Obras em bairros perif\u00e9ricos, nova infraestrutura com amplia\u00e7\u00e3o de \u00e1rea verde e programas de qualifica\u00e7\u00e3o garantem legado social, ambiental e econ\u00f4mico para Bel\u00e9m e toda a Amaz\u00f4nia<\/strong><\/em><\/p>\n<div class=\"d-flex justify-content-between align-content-center align-items-center mb-3\">\n<div class=\"linha_vertical_cinza x-small\">\n<p style=\"text-align: justify;\">Agosto, 2025 &#8211; A exatos 100 dias do in\u00edcio da 30\u00aa Confer\u00eancia das Na\u00e7\u00f5es Unidas sobre Mudan\u00e7as Clim\u00e1ticas (COP30), o Governo do Par\u00e1 consolida obras e pol\u00edticas p\u00fablicas que transformam a realidade da popula\u00e7\u00e3o da Regi\u00e3o Metropolitana de Bel\u00e9m. S\u00e3o mais de 30 interven\u00e7\u00f5es estruturantes nas \u00e1reas de turismo, saneamento, mobilidade urbana, desenvolvimento territorial e qualifica\u00e7\u00e3o profissional. Juntas, as iniciativas geram mais de 5 mil empregos, diretos e indiretos.<\/p>\n<p style=\"text-align: justify;\">O evento ser\u00e1 realizado de 10 a 21 de novembro, e reunir\u00e1 na capital paraense lideran\u00e7as de 196 pa\u00edses para debater estrat\u00e9gias de combate \u00e0s mudan\u00e7as clim\u00e1ticas e \u00e0 emiss\u00e3o de gases de efeito estufa, al\u00e9m de firmar um novo pacto global, dez anos ap\u00f3s o Acordo de Paris. Ser\u00e1 a primeira vez que a confer\u00eancia ocorrer\u00e1 no Brasil, em um estado da Amaz\u00f4nia.<\/p>\n<p><img decoding=\"async\" class=\"aligncenter\" src=\"https:\/\/agenciapara.com.br\/midias\/2025\/medias\/20250801161351-GF00024365-F00427496.webp\" alt=\"O Parque Linear entra na fase de conclus\u00e3o, para oferecer \u00e0 popula\u00e7\u00e3o mais um legado da COP\" \/><\/p>\n<p style=\"text-align: justify;\">\u201cBel\u00e9m vai mostrar ao mundo que \u00e9 poss\u00edvel conciliar desenvolvimento com a floresta viva. A COP30 \u00e9 resultado de um processo que envolve planejamento, responsabilidade e a\u00e7\u00e3o. Estamos prontos para liderar o debate clim\u00e1tico global com solu\u00e7\u00f5es concretas e transforma\u00e7\u00f5es reais para os paraenses\u201d, afirma o governador Helder Barbalho.<\/p>\n<p style=\"text-align: justify;\"><strong>Obras mudam a vida nos bairros<\/strong><\/p>\n<p style=\"text-align: justify;\">O maior legado da COP30 est\u00e1 nos investimentos sociais e urbanos. O Governo do Par\u00e1 destinou mais de R$ 1 bilh\u00e3o para obras de macrodrenagem e saneamento, beneficiando diretamente mais de 500 mil pessoas com esgotamento sanit\u00e1rio, controle de alagamentos e valoriza\u00e7\u00e3o urbana. As interven\u00e7\u00f5es alcan\u00e7am 13 canais das bacias do Tucunduba, Una, Murutucu e Tamandar\u00e9, sendo 11 canais localizados em \u00e1reas perif\u00e9ricas.<\/p>\n<p style=\"text-align: justify;\">J\u00e1 foram entregues os canais da Timb\u00f3, Cipriano Santos, Vileta, Leal Moreira e a primeira etapa do canal da Gentil. As frentes de trabalho avan\u00e7am para a conclus\u00e3o das obras nos canais Nova Doca (92%), Nova Tamandar\u00e9 (87%), Gentil (98%) e Marambaia (85%).<\/p>\n<p style=\"text-align: justify;\">Outro marco importante \u00e9 a implanta\u00e7\u00e3o do sistema de esgotamento sanit\u00e1rio no Ver-o-Peso, maior complexo de feira a c\u00e9u aberto da Am\u00e9rica Latina. Com mais de 90% das obras conclu\u00eddas, o projeto prev\u00ea mais de quatro quil\u00f4metros de rede para a coleta e o tratamento dos esgotos sanit\u00e1rios gerados por im\u00f3veis e com\u00e9rcios da regi\u00e3o. A iniciativa representa um salto na qualidade de vida de quem mora e trabalha no principal cart\u00e3o-postal de Bel\u00e9m.<\/p>\n<p style=\"text-align: justify;\">\u201cA COP30 n\u00e3o \u00e9 apenas um evento. \u00c9 o marco de transforma\u00e7\u00e3o s\u00f3lida que j\u00e1 chegou \u00e0s ruas, aos bairros e \u00e0 vida das pessoas. Estamos entregando um legado de infraestrutura, cultura, inclus\u00e3o e sustentabilidade. S\u00e3o resultados vis\u00edveis, que ficar\u00e3o para a popula\u00e7\u00e3o, muito al\u00e9m dos 12 dias de confer\u00eancia\u201d, destaca a vice-governadora do Par\u00e1 e presidente do Comit\u00ea Estadual da COP30, Hana Ghassan.<\/p>\n<p style=\"text-align: justify;\"><strong>Porto Futuro II: cultura e bioeconomia<\/strong><\/p>\n<p style=\"text-align: justify;\">No Porto Futuro II, onde galp\u00f5es hist\u00f3ricos est\u00e3o sendo restaurados, 93% das obras j\u00e1 foram finalizadas. Em breve, o antigo porto industrial de Bel\u00e9m ser\u00e1 palco dos seguintes espa\u00e7os culturais:<\/p>\n<p style=\"text-align: justify;\">&#8211; Museu das Amaz\u00f4nias, voltado \u00e0 valoriza\u00e7\u00e3o do patrim\u00f4nio imaterial da regi\u00e3o;<br \/>\n&#8211; Parque de Bioeconomia e Inova\u00e7\u00e3o, local de incentivo \u00e0 economia local e amaz\u00f4nica, e<br \/>\n&#8211; Caixa Cultural, que trar\u00e1 \u00e0 Regi\u00e3o Norte um equipamento com programa\u00e7\u00e3o art\u00edstica de excel\u00eancia, j\u00e1 consagrado em outras capitais do Brasil.<\/p>\n<p style=\"text-align: justify;\"><strong>Mobilidade urbana de baixo carbono<\/strong><\/p>\n<p style=\"text-align: justify;\">As obras de mobilidade avan\u00e7am, priorizando efici\u00eancia e sustentabilidade. Um dos destaques \u00e9 o BRT Metropolitano, que j\u00e1 atingiu 85% de execu\u00e7\u00e3o. O projeto moderniza a BR-316 at\u00e9 o munic\u00edpio de Marituba, e inclui cinco viadutos para refor\u00e7ar a malha vi\u00e1ria da regi\u00e3o. O sistema contar\u00e1 com \u00f4nibus a diesel modelo Euro 6, que emite 15 vezes menos carbono que os modelos convencionais, al\u00e9m de ve\u00edculos el\u00e9tricos, com zero emiss\u00e3o de gases e baixo n\u00edvel de ru\u00eddo sonoro.<\/p>\n<p style=\"text-align: justify;\"><strong>Outras obras de mobilidade incluem:<\/strong><\/p>\n<p style=\"text-align: justify;\">&#8211; Amplia\u00e7\u00e3o da Rua da Marinha;<br \/>\n&#8211; Constru\u00e7\u00e3o da segunda ponte de acesso ao Distrito de Outeiro;<br \/>\n&#8211; Reestrutura\u00e7\u00e3o de oito vias, incluindo as avenidas Duque de Caxias, Visconde de Souza Franco e Tamandar\u00e9;<br \/>\n&#8211; Vi\u00e1rio Bel\u00e9m COP 30: 60% executados, com pavimenta\u00e7\u00e3o e nova sinaliza\u00e7\u00e3o em vias centrais e perif\u00e9ricas;<br \/>\n&#8211; Tr\u00eas viadutos j\u00e1 entregues: BR-316 com PA-485, BR-316 com Avenida Independ\u00eancia, e M\u00e1rio Covas com Avenida 3 Cora\u00e7\u00f5es, e<br \/>\n&#8211; Viaduto M\u00e1rio Covas com Independ\u00eancia &#8211; 80% das obras j\u00e1 executadas.<\/p>\n<p style=\"text-align: justify;\"><strong>Parque da Cidade: cora\u00e7\u00e3o da COP30<\/strong><\/p>\n<p style=\"text-align: justify;\">Constru\u00eddo no local que abrigou um pequeno aeroporto em Bel\u00e9m, o Parque da Cidade representa o maior investimento em espa\u00e7o p\u00fablico de lazer e conviv\u00eancia da capital. S\u00e3o 500 mil m\u00b2, com mais de 2.500 \u00e1rvores plantadas, 190 mil mudas de arbustos e forra\u00e7\u00f5es, 83 mil m\u00b2 de grama, ciclotrilhas, lago, equipamentos esportivos e pr\u00e9dios, como o Centro de Economia Criativa e o Centro Gastron\u00f4mico. Em pouco mais de um m\u00eas de funcionamento, o espa\u00e7o recebeu mais de 500 mil visitantes.<\/p>\n<p>Em julho, a \u00e1rea de lazer do Parque da Cidade abrigou a maior col\u00f4nia de f\u00e9rias p\u00fablica da Amaz\u00f4nia. Mais de dez mil pessoas, entre crian\u00e7as e idosos, participaram de diversas programa\u00e7\u00f5es, que inclu\u00edram atividades esportivas, conta\u00e7\u00e3o de hist\u00f3ria, oficinas culturais e a\u00e7\u00f5es de promo\u00e7\u00e3o de bem-estar.<\/p>\n<p style=\"text-align: justify;\">A partir da metade de agosto, o espa\u00e7o fica sob responsabilidade do Governo Federal e da Organiza\u00e7\u00e3o das Na\u00e7\u00f5es Unidas (ONU), para instala\u00e7\u00e3o e montagem dos pavilh\u00f5es da Blue Zone (negocia\u00e7\u00f5es oficiais) e da Green Zone (sociedade civil), \u00e1reas oficiais da COP30 que sediar\u00e3o encontros, f\u00f3runs, pain\u00e9is culturais e debates globais.<\/p>\n<p style=\"text-align: justify;\"><strong>Hospedagem<\/strong><\/p>\n<p style=\"text-align: justify;\">A organiza\u00e7\u00e3o espera que cerca de 50 mil pessoas participem da COP30. Para receber esse p\u00fablico, o Governo do Par\u00e1 atua de forma integrada com os governos Federal e Municipal, al\u00e9m da iniciativa privada, para ampliar a oferta de leitos. A estrat\u00e9gia tra\u00e7ada contempla a reforma de hot\u00e9is existentes e a constru\u00e7\u00e3o de novos empreendimentos hoteleiros.<\/p>\n<p style=\"text-align: justify;\">Um desses novos espa\u00e7os \u00e9 a Vila COP30, complexo modular de hospedagem feito com materiais de constru\u00e7\u00e3o r\u00e1pida. Atualmente com 57% das obras conclu\u00eddas, o local contar\u00e1 com 405 quartos. Ap\u00f3s o evento, a Vila COP30 funcionar\u00e1 como centro administrativo do governo estadual.<\/p>\n<p style=\"text-align: justify;\"><strong>Outras medidas adotadas:<\/strong><\/p>\n<p style=\"text-align: justify;\">&#8211; Reforma de escolas, adaptadas como hostels tempor\u00e1rios durante a confer\u00eancia, com mobili\u00e1rio novo e padr\u00e3o adequado de conforto;<br \/>\n&#8211; Concess\u00e3o de incentivos fiscais, como isen\u00e7\u00e3o de Imposto sobre Circula\u00e7\u00e3o de Mercadorias e Servi\u00e7os (ICMS) para moderniza\u00e7\u00e3o hoteleira;<br \/>\n&#8211; Oferta de linhas de cr\u00e9dito, por meio do Banco do Estado do Par\u00e1 (Banpar\u00e1), Banco Nacional de Desenvolvimento Econ\u00f4mico e Social (BNDES) e Fundo Geral do Turismo (Fungetur);<br \/>\n&#8211; Parcerias com Booking.com e Airbnb para aumentar a oferta de aluguel por temporada, e divulgar Bel\u00e9m como destino tur\u00edstico ap\u00f3s a COP 30, e<br \/>\n&#8211; Contrata\u00e7\u00e3o, pelo Governo Federal, de dois navios cruzeiros, que funcionar\u00e3o como hot\u00e9is flutuantes para hospedar delega\u00e7\u00f5es e chefes de Estado.<\/p>\n<p style=\"text-align: justify;\"><strong>Capacita COP30: qualifica\u00e7\u00e3o profissional<\/strong><\/p>\n<p style=\"text-align: justify;\">O Programa Capacita COP30 j\u00e1 formou 22 mil trabalhadores, em \u00e1reas como turismo, servi\u00e7os e infraestrutura. Lan\u00e7ada em mar\u00e7o de 2024 pelo Governo do Par\u00e1, a iniciativa oferece mais de 100 cursos gratuitos, com apoio de mais de 25 institui\u00e7\u00f5es parceiras, como Servi\u00e7o Social do Transporte (Sest), Servi\u00e7o Nacional de Aprendizagem do Transporte (Senat), Servi\u00e7o de Apoio \u00e0s Micro e Pequenas Empresas (Sebrae), Coca-Cola e Cielo, al\u00e9m de secretarias estaduais e universidades.<\/p>\n<p style=\"text-align: justify;\"><strong>Educa\u00e7\u00e3o e compromisso com o meio ambiente<\/strong><\/p>\n<p style=\"text-align: justify;\">Mais do que um conjunto de obras, o legado da COP30 para o Par\u00e1 se expressa em pol\u00edticas ambientais e educacionais duradouras. Em 2024, o Estado registrou redu\u00e7\u00e3o de 28,4% no desmatamento, ap\u00f3s quedas de 21% em 2023 e 2022. Os dados s\u00e3o do Instituto Nacional de Pesquisas Espaciais (Inpe-Prodes 2024).<\/p>\n<p style=\"text-align: justify;\">Tamb\u00e9m foi sancionada a Lei de Responsabilidade Ambiental, que garante o repasse de 50% da arrecada\u00e7\u00e3o da taxa h\u00eddrica e 10% da taxa miner\u00e1ria para o Fundo Estadual do Meio Ambiente.<\/p>\n<p style=\"text-align: justify;\"><strong>O governo do Estado ainda criou importantes iniciativas estruturantes, como:<\/strong><\/p>\n<p style=\"text-align: justify;\">&#8211; Plano Estadual Amaz\u00f4nia Agora (PEAA);<br \/>\n&#8211; Plano Estadual de Bioeconomia do Par\u00e1 (PlanBio);<br \/>\n&#8211; Plano de Recupera\u00e7\u00e3o da Vegeta\u00e7\u00e3o Nativa do Estado do Par\u00e1 (PRVN-PA);<br \/>\n&#8211; Sistema Jurisdicional de REDD+, e<br \/>\n&#8211; Programa Par\u00e1 Sem Fogo, com monitoramento por sat\u00e9lite, preven\u00e7\u00e3o cient\u00edfica, forma\u00e7\u00e3o de brigadas e atua\u00e7\u00e3o em 22 zonas de risco.<\/p>\n<p style=\"text-align: justify;\"><strong>Educa\u00e7\u00e3o ambiental<\/strong><\/p>\n<p style=\"text-align: justify;\">A disciplina Educa\u00e7\u00e3o Ambiental tornou-se obrigat\u00f3ria em todos os n\u00edveis de ensino. A Pol\u00edtica de Educa\u00e7\u00e3o Formal para o Meio Ambiente, Sustentabilidade e Clima garante recursos diretos para as escolas, por meio do Programa Dinheiro na Escola Paraense.<\/p>\n<p style=\"text-align: justify;\">\u201cO Par\u00e1 assumiu o protagonismo da pauta ambiental com coragem, inova\u00e7\u00e3o e compromisso. Reduzimos o desmatamento, criamos novas pol\u00edticas p\u00fablicas e mostramos que \u00e9 poss\u00edvel gerar desenvolvimento com responsabilidade. A COP30 \u00e9 a vitrine, mas o verdadeiro legado est\u00e1 no futuro que estamos construindo hoje\u201d, conclui o governador Helder Barbalho.<\/p>\n<p><strong>For\u00e7as Armadas na COP30<\/strong><\/p>\n<p style=\"text-align: justify;\">Para garantir a seguran\u00e7a e defesa da COP30 em Bel\u00e9m, o Comando Operacional Conjunto Marajoara, estrutura do Minist\u00e9rio da Defesa, integrar\u00e1 o Ex\u00e9rcito, a Marinha e a Aeron\u00e1utica. Cerca de 12 mil militares atuar\u00e3o na manuten\u00e7\u00e3o da ordem p\u00fablica e na prote\u00e7\u00e3o de autoridades, delega\u00e7\u00f5es internacionais e da popula\u00e7\u00e3o. O Ex\u00e9rcito Brasileiro \u00e9 respons\u00e1vel por organizar o Comando Conjunto, que contar\u00e1 tamb\u00e9m com a coopera\u00e7\u00e3o de \u00f3rg\u00e3os de seguran\u00e7a p\u00fablica. A Marinha empregar\u00e1 meios e embarca\u00e7\u00f5es, e a For\u00e7a A\u00e9rea utilizar\u00e1 aeronaves para proteger \u00e1reas estrat\u00e9gicas e dar apoio log\u00edstico.<\/p>\n<p style=\"text-align: justify;\">Para atuar em cen\u00e1rios espec\u00edficos, as For\u00e7as Armadas est\u00e3o intensificando treinamentos e empregar\u00e3o For\u00e7as Especializadas de Emprego Estrat\u00e9gico, incluindo defesa antia\u00e9rea, defesa qu\u00edmica, biol\u00f3gica, radiol\u00f3gica e nuclear, guerra eletr\u00f4nica, defesa cibern\u00e9tica, opera\u00e7\u00f5es especiais, escoltas e intelig\u00eancia. O objetivo \u00e9 fortalecer a integra\u00e7\u00e3o interinstitucional nos n\u00edveis federal, estadual e municipal. As miss\u00f5es ser\u00e3o semelhantes \u00e0s j\u00e1 executadas em grandes eventos anteriores, como a reuni\u00e3o do G20, em 2024, e a C\u00fapula do BRICS, realizada neste ano, no Rio de Janeiro.<\/p>\n<p style=\"text-align: justify;\">&#8220;Vamos atuar de forma conjunta, onde a uni\u00e3o das tr\u00eas for\u00e7as vai potencializar os efeitos das atividades operacionais de seguran\u00e7a e defesa durante este grande evento diplom\u00e1tico. Mas tamb\u00e9m existem as especificidades de cada \u00e1rea, terrestre, mar\u00edtima e a\u00e9rea, onde nossas tropas estar\u00e3o empenhadas da melhor forma poss\u00edvel para cumprir com as miss\u00f5es&#8221;, afirma o titular do Comando Operacional Conjunto, general de ex\u00e9rcito Jos\u00e9 Ricardo Vendramin Nunes.<\/p>\n<p style=\"text-align: justify;\">Fonte: Ascom (Governo do Par\u00e1)<\/p>\n<\/div>\n<\/div>\n","protected":false},"excerpt":{"rendered":"<p>Obras em bairros perif\u00e9ricos, nova infraestrutura com amplia\u00e7\u00e3o de \u00e1rea verde e programas de qualifica\u00e7\u00e3o garantem legado social, ambiental e econ\u00f4mico para Bel\u00e9m e toda a Amaz\u00f4nia Agosto, 2025 &#8211; A exatos 100 dias do in\u00edcio da 30\u00aa Confer\u00eancia das Na\u00e7\u00f5es Unidas sobre Mudan\u00e7as Clim\u00e1ticas (COP30), o Governo do Par\u00e1 consolida obras e pol\u00edticas p\u00fablicas [&hellip;]<\/p>\n","protected":false},"author":1,"featured_media":25902,"comment_status":"open","ping_status":"open","sticky":false,"template":"","format":"standard","meta":{"_uag_custom_page_level_css":"","footnotes":""},"categories":[31],"tags":[1330,1810,27698,15114,14644,27700,14107,27699],"class_list":["post-25901","post","type-post","status-publish","format-standard","has-post-thumbnail","hentry","category-infraestrutura","tag-belem-pa","tag-canteiro-de-obras","tag-cop30-na-amazonia","tag-empregos-na-construcao","tag-habitacao-e-saneamento","tag-ministerio-do-turismo","tag-onu-ods","tag-precos-dos-hoteis"],"blocksy_meta":[],"spectra_blocks_featured_image_url":{"thumbnail":{"url":"https:\/\/construcaocivil.siriusmarketingedesign.com.br\/wp-content\/uploads\/2025\/08\/20250731122616-GF00024352-F00427270-150x150.webp","width":150,"height":150},"medium":{"url":"https:\/\/construcaocivil.siriusmarketingedesign.com.br\/wp-content\/uploads\/2025\/08\/20250731122616-GF00024352-F00427270-300x200.webp","width":300,"height":200},"medium_large":{"url":"https:\/\/construcaocivil.siriusmarketingedesign.com.br\/wp-content\/uploads\/2025\/08\/20250731122616-GF00024352-F00427270-768x512.webp","width":768,"height":512},"large":{"url":"https:\/\/construcaocivil.siriusmarketingedesign.com.br\/wp-content\/uploads\/2025\/08\/20250731122616-GF00024352-F00427270.webp","width":860,"height":573},"full":{"url":"https:\/\/construcaocivil.siriusmarketingedesign.com.br\/wp-content\/uploads\/2025\/08\/20250731122616-GF00024352-F00427270.webp","width":860,"height":573}},"spectra_blocks_author_info":{"display_name":"Jornal da Constru\u00e7\u00e3o Civil","avatar_url":"https:\/\/secure.gravatar.com\/avatar\/973c9774fd44ddaceb026973c4962faa70fc512bc4c9da68e8ebb40fecee6540?s=96&d=mm&r=g","author_link":"https:\/\/construcaocivil.siriusmarketingedesign.com.br\/?author=1","description":"Desde de 2013, levando muitas informa\u00e7\u00f5es, lan\u00e7amentos e produtos de qualidade para toda cadeia produtiva da constru\u00e7\u00e3o. O Futuro da constru\u00e7\u00e3o passa por aqui,"},"uagb_featured_image_src":{"full":["https:\/\/construcaocivil.siriusmarketingedesign.com.br\/wp-content\/uploads\/2025\/08\/20250731122616-GF00024352-F00427270.webp",860,573,false],"thumbnail":["https:\/\/construcaocivil.siriusmarketingedesign.com.br\/wp-content\/uploads\/2025\/08\/20250731122616-GF00024352-F00427270-150x150.webp",150,150,true],"medium":["https:\/\/construcaocivil.siriusmarketingedesign.com.br\/wp-content\/uploads\/2025\/08\/20250731122616-GF00024352-F00427270-300x200.webp",300,200,true],"medium_large":["https:\/\/construcaocivil.siriusmarketingedesign.com.br\/wp-content\/uploads\/2025\/08\/20250731122616-GF00024352-F00427270-768x512.webp",768,512,true],"large":["https:\/\/construcaocivil.siriusmarketingedesign.com.br\/wp-content\/uploads\/2025\/08\/20250731122616-GF00024352-F00427270.webp",860,573,false],"1536x1536":["https:\/\/construcaocivil.siriusmarketingedesign.com.br\/wp-content\/uploads\/2025\/08\/20250731122616-GF00024352-F00427270.webp",860,573,false],"2048x2048":["https:\/\/construcaocivil.siriusmarketingedesign.com.br\/wp-content\/uploads\/2025\/08\/20250731122616-GF00024352-F00427270.webp",860,573,false]},"uagb_author_info":{"display_name":"Jornal da Constru\u00e7\u00e3o Civil","author_link":"https:\/\/construcaocivil.siriusmarketingedesign.com.br\/?author=1"},"uagb_comment_info":0,"uagb_excerpt":"Obras em bairros perif\u00e9ricos, nova infraestrutura com amplia\u00e7\u00e3o de \u00e1rea verde e programas de qualifica\u00e7\u00e3o garantem legado social, ambiental e econ\u00f4mico para Bel\u00e9m e toda a Amaz\u00f4nia Agosto, 2025 &#8211; A exatos 100 dias do in\u00edcio da 30\u00aa Confer\u00eancia das Na\u00e7\u00f5es Unidas sobre Mudan\u00e7as Clim\u00e1ticas (COP30), o Governo do Par\u00e1 consolida obras e pol\u00edticas p\u00fablicas&hellip;","_links":{"self":[{"href":"https:\/\/construcaocivil.siriusmarketingedesign.com.br\/index.php?rest_route=\/wp\/v2\/posts\/25901","targetHints":{"allow":["GET"]}}],"collection":[{"href":"https:\/\/construcaocivil.siriusmarketingedesign.com.br\/index.php?rest_route=\/wp\/v2\/posts"}],"about":[{"href":"https:\/\/construcaocivil.siriusmarketingedesign.com.br\/index.php?rest_route=\/wp\/v2\/types\/post"}],"author":[{"embeddable":true,"href":"https:\/\/construcaocivil.siriusmarketingedesign.com.br\/index.php?rest_route=\/wp\/v2\/users\/1"}],"replies":[{"embeddable":true,"href":"https:\/\/construcaocivil.siriusmarketingedesign.com.br\/index.php?rest_route=%2Fwp%2Fv2%2Fcomments&post=25901"}],"version-history":[{"count":0,"href":"https:\/\/construcaocivil.siriusmarketingedesign.com.br\/index.php?rest_route=\/wp\/v2\/posts\/25901\/revisions"}],"wp:featuredmedia":[{"embeddable":true,"href":"https:\/\/construcaocivil.siriusmarketingedesign.com.br\/index.php?rest_route=\/wp\/v2\/media\/25902"}],"wp:attachment":[{"href":"https:\/\/construcaocivil.siriusmarketingedesign.com.br\/index.php?rest_route=%2Fwp%2Fv2%2Fmedia&parent=25901"}],"wp:term":[{"taxonomy":"category","embeddable":true,"href":"https:\/\/construcaocivil.siriusmarketingedesign.com.br\/index.php?rest_route=%2Fwp%2Fv2%2Fcategories&post=25901"},{"taxonomy":"post_tag","embeddable":true,"href":"https:\/\/construcaocivil.siriusmarketingedesign.com.br\/index.php?rest_route=%2Fwp%2Fv2%2Ftags&post=25901"}],"curies":[{"name":"wp","href":"https:\/\/api.w.org\/{rel}","templated":true}]}}